{"id":60965,"date":"2020-09-09T12:00:00","date_gmt":"2020-09-09T15:00:00","guid":{"rendered":"https:\/\/litci.org\/pt\/?p=60965"},"modified":"2020-09-09T12:00:00","modified_gmt":"2020-09-09T15:00:00","slug":"programa-de-emergencia-contra-a-pandemia-e-a-crise-economica","status":"publish","type":"post","link":"https:\/\/litci.org\/pt\/2020\/09\/09\/programa-de-emergencia-contra-a-pandemia-e-a-crise-economica\/","title":{"rendered":"Programa de Emerg\u00eancia contra a pandemia e a crise econ\u00f4mica"},"content":{"rendered":"<p style=\"text-align: justify;\"><em>O capitalismo, atrav\u00e9s da \u00a0pandemia do covid e da recess\u00e3o mundial est\u00e1 ampliando fortemente os elementos de barb\u00e1rie no mundo. Os n\u00fameros reais da pandemia- n\u00e3o as mentiras divulgadas pelos governos-j\u00e1 apontam para mais de cem milh\u00f5es de infectados e mais de dois milh\u00f5es de mortos. \u00c9 uma das piores pandemias da hist\u00f3ria, que vem se desenvolvendo h\u00e1 seis meses, ainda sem rem\u00e9dios nem vacinas.\u00a0 A recess\u00e3o mundial est\u00e1 trazendo fome e centenas de milh\u00f5es de desempregados.<\/em><!--more--><\/p>\n<p style=\"text-align: justify;\">Por LIT-QI<\/p>\n<p style=\"text-align: justify;\">Desde o in\u00edcio, alertamos que essa combina\u00e7\u00e3o de pandemia e recess\u00e3o mundial trazia consequ\u00eancias semelhantes as de uma guerra mundial. N\u00f3s, revolucion\u00e1rios, temos obriga\u00e7\u00e3o de apresentar um programa para dar resposta a essa crise que o capitalismo n\u00e3o pode resolver.<\/p>\n<p style=\"text-align: justify;\">\u00c9 desde essa perspectiva que publicamos essa proposta de programa de emerg\u00eancia contra a pandemia e a crise econ\u00f4mica. Trata- se de uma proposta de programa que parte da resposta imediata a esses problemas, combinadas com medidas que apontam para a ruptura com o capitalismo e o poder para os trabalhadores.<\/p>\n<p style=\"text-align: justify;\">Apresentamos essa proposta nos localizando na primeira linha de batalha dos trabalhadores e oprimidos contra os ataques dos governos capitalistas, que querem que paguemos mais uma vez com fome e mis\u00e9ria, e agora com nossas vidas.<\/p>\n<p style=\"text-align: justify;\">Apresentamos esse programa para o estudo e debate com o conjunto dos lutadores e como uma ferramenta para desenvolver o combate contra esse verdadeiro genoc\u00eddio produzido pela pandemia e a crise econ\u00f4mica.<\/p>\n<h2 style=\"text-align: justify;\"><span style=\"color: #800000;\"><strong>1- A pandemia e a recess\u00e3o mundial abrem uma nova situa\u00e7\u00e3o mundial<\/strong><\/span><\/h2>\n<p><a href=\"https:\/\/litci.org\/pt\/wp-content\/uploads\/2020\/07\/descarga.jpg\"><img loading=\"lazy\" decoding=\"async\" class=\"alignnone size-full wp-image-60969\" src=\"https:\/\/litci.org\/pt\/wp-content\/uploads\/2020\/07\/descarga.jpg\" alt=\"\" width=\"800\" height=\"565\" srcset=\"https:\/\/litci.org\/pt\/wp-content\/uploads\/2020\/07\/descarga.jpg 800w, https:\/\/litci.org\/pt\/wp-content\/uploads\/2020\/07\/descarga-300x212.jpg 300w, https:\/\/litci.org\/pt\/wp-content\/uploads\/2020\/07\/descarga-768x542.jpg 768w, https:\/\/litci.org\/pt\/wp-content\/uploads\/2020\/07\/descarga-150x106.jpg 150w, https:\/\/litci.org\/pt\/wp-content\/uploads\/2020\/07\/descarga-696x492.jpg 696w\" sizes=\"auto, (max-width: 800px) 100vw, 800px\" \/><\/a><\/p>\n<hr \/>\n<p style=\"text-align: justify;\"><strong><span style=\"color: #000000;\">As fam\u00edlias dos trabalhadores est\u00e3o chorando os mortos pela pandemia do Covid, a pior desde a gripe espanhola em 1918. Agora t\u00eam de encarar o desemprego massivo e a fome, produtos da maior recess\u00e3o mundial desde 1929. N\u00f3s trabalhadores, estamos sofrendo os maiores ataques em um s\u00e9culo. Os efeitos sociais s\u00e3o semelhantes aos de um grande terremoto e um tsunami ao mesmo tempo. Ou como as consequ\u00eancias de uma guerra mundial.<\/span><\/strong><\/p>\n<p style=\"text-align: justify;\">Nem a pandemia nem a crise econ\u00f4mica s\u00e3o produtos do acaso. \u00c9 o capitalismo que mata, atrav\u00e9s do Covid. \u00c9 o capitalismo que traz desemprego e fome, atrav\u00e9s de suas crises.<\/p>\n<p style=\"text-align: justify;\">O capitalismo est\u00e1 levando o mundo de volta \u00e0 barb\u00e1rie. A mis\u00e9ria atual \u00e9 o capitalismo com barb\u00e1rie do futuro: desemprego massivo, sal\u00e1rios miser\u00e1veis sem nenhum v\u00ednculo trabalhista.<\/p>\n<p style=\"text-align: justify;\">Seria poss\u00edvel evitar tudo isso? Sim! Com a tecnologia atual, as for\u00e7as produtivas poderiam permitir que todos pudessem se alimentar, vestir e morar com dignidade, ter acesso a cultura e ao lazer. O mundo poderia viver sem crises econ\u00f4micas.<\/p>\n<p style=\"text-align: justify;\">Mas para isso seria necess\u00e1rio acabar com o dom\u00ednio da burguesia, que faz com que a produ\u00e7\u00e3o esteja ao servi\u00e7o dos seus lucros milion\u00e1rios, e n\u00e3o dos interesses da maioria. Seria preciso expropriar as grandes empresas, e planificar a economia em fun\u00e7\u00e3o nas necessidades dos trabalhadores.<\/p>\n<p style=\"text-align: justify;\">O mundo poderia estar melhor preparado para se proteger das pandemias. Mas para isso seria preciso que a sa\u00fade n\u00e3o fosse apenas uma mercadoria a mais, sob controle das grandes empresas.<\/p>\n<p style=\"text-align: justify;\">Antes da pandemia, j\u00e1 existiam v\u00e1rios focos de ascensos da luta de classes e processos revolucion\u00e1rios no mundo, desde o Chile, Col\u00f4mbia, Hong Kong, Iraque e L\u00edbano.<\/p>\n<p style=\"text-align: justify;\">No meio da pandemia, uma revolta explodiu nos EUA, se tornando o centro das aten\u00e7\u00f5es de todo o mundo. Esse \u00e9 o s\u00edmbolo da fal\u00eancia do capitalismo. Os EUA, o pa\u00eds mais poderoso do mundo, sacudido por um ascenso contra o racismo e a viol\u00eancia policial, fortemente radicalizado por mais de 40 milh\u00f5es de desempregados pela recess\u00e3o econ\u00f4mica e mais de 3 milh\u00f5es infectados pelo COVID.<\/p>\n<p style=\"text-align: justify;\">O capitalismo, que se apresentava ao mundo como \u00fanica sa\u00edda para a humanidade, mostra sua verdadeira face. A grande burguesia imperialista n\u00e3o consegue assegurar a manuten\u00e7\u00e3o da vida em sua vitrine mundial. A domina\u00e7\u00e3o do capital foi questionada por um ascenso n\u00e3o visto h\u00e1 d\u00e9cadas e d\u00e9cadas, com as massas norte americanas nas ruas exigindo mudan\u00e7as radicais em suas vidas. Isso desmoraliza pol\u00edtica e ideologicamente o capitalismo e impulsiona as lutas das massas em todo o mundo.<\/p>\n<p style=\"text-align: justify;\">\u00c9 prov\u00e1vel que estejamos entrando em uma nova situa\u00e7\u00e3o mundial, com forte polariza\u00e7\u00e3o da luta de classes, que pode levar a revolu\u00e7\u00f5es e contra revolu\u00e7\u00f5es. Podem ocorrer golpes militares, como o que ocorreu na Hungria, dado por Orban a partir da presid\u00eancia do pa\u00eds. Falamos de mudan\u00e7as bruscas de situa\u00e7\u00f5es pol\u00edticas, quedas de governos e regimes.<\/p>\n<p style=\"text-align: justify;\">Podem tamb\u00e9m ocorrer guerras entre pa\u00edses em fun\u00e7\u00e3o das divis\u00f5es interburguesas. N\u00e3o \u00e9 prov\u00e1vel uma nova guerra mundial, pela brutal superioridade militar norte americana. Mas podem ocorrer novas guerras regionais.<\/p>\n<p style=\"text-align: justify;\">A disjuntiva socialismo ou barb\u00e1rie volta a estar colocada com muita for\u00e7a.<\/p>\n<p style=\"text-align: justify;\">A burguesia demonstrou a sua incapacidade de assegurar a sobreviv\u00eancia e as necessidades b\u00e1sicas da humanidade. \u00c9 necess\u00e1ria uma revolu\u00e7\u00e3o socialista mundial que coloque o proletariado \u00e0 frente dos destinos da humanidade. Mas para que esse processo seja vitorioso \u00e9 preciso que tenha \u00e0 sua cabe\u00e7a uma dire\u00e7\u00e3o revolucion\u00e1ria. Por esse motivo, a tarefa priorit\u00e1ria nesse momento hist\u00f3rico \u00e9 a constru\u00e7\u00e3o de partidos revolucion\u00e1rios a n\u00edvel mundial.<\/p>\n<h2 style=\"text-align: justify;\"><span style=\"color: #800000;\"><strong>2- A pior pandemia em um s\u00e9culo<\/strong><\/span><\/h2>\n<p><a href=\"https:\/\/litci.org\/pt\/wp-content\/uploads\/2020\/07\/193889.jpg\"><img loading=\"lazy\" decoding=\"async\" class=\"alignnone wp-image-60970 size-full\" src=\"https:\/\/litci.org\/pt\/wp-content\/uploads\/2020\/07\/193889.jpg\" alt=\"\" width=\"1280\" height=\"720\" srcset=\"https:\/\/litci.org\/pt\/wp-content\/uploads\/2020\/07\/193889.jpg 1280w, https:\/\/litci.org\/pt\/wp-content\/uploads\/2020\/07\/193889-300x169.jpg 300w, https:\/\/litci.org\/pt\/wp-content\/uploads\/2020\/07\/193889-1024x576.jpg 1024w, https:\/\/litci.org\/pt\/wp-content\/uploads\/2020\/07\/193889-768x432.jpg 768w, https:\/\/litci.org\/pt\/wp-content\/uploads\/2020\/07\/193889-150x84.jpg 150w, https:\/\/litci.org\/pt\/wp-content\/uploads\/2020\/07\/193889-696x392.jpg 696w, https:\/\/litci.org\/pt\/wp-content\/uploads\/2020\/07\/193889-1068x601.jpg 1068w\" sizes=\"auto, (max-width: 1280px) 100vw, 1280px\" \/><\/a><\/p>\n<hr \/>\n<p style=\"text-align: justify;\"><strong>Ao contr\u00e1rio do que os governos divulgam, a pandemia n\u00e3o est\u00e1 sob controle. Ao contr\u00e1rio, est\u00e1 piorando a n\u00edvel mundial. Existem muitos mais infectados e mortos pelo Covid do que os n\u00fameros oficiais admitem. Os governos querem esconder sua absoluta incapacidade de preservar as vidas dos trabalhadores. Querem justificar o fim das quarentenas parciais em todo o mundo<\/strong>.<\/p>\n<p style=\"text-align: justify;\">Est\u00e1 ocorrendo um verdadeiro genoc\u00eddio, que afeta brutalmente os mais pobres, os trabalhadores, os negros, os imigrantes. A pandemia afeta todos os setores, mas n\u00e3o por igual. S\u00e3o os pobres os que est\u00e3o sendo mais expostos, s\u00e3o estes os que n\u00e3o t\u00eam assist\u00eancia m\u00e9dica garantida, os que n\u00e3o t\u00eam nem sal\u00e1rio nem casas que possibilitem fazer uma quarentena.<\/p>\n<p style=\"text-align: justify;\">Depois de afetar duramente os trabalhadores da Europa e EUA, a pandemia ataca com muita for\u00e7a as periferias das cidades da Am\u00e9rica Latina e \u00c1sia. Agora est\u00e1 se generalizando na \u00c1frica.<\/p>\n<p style=\"text-align: justify;\">Nesses bairros pobres, muitos dos trabalhadores que ainda t\u00eam empregos s\u00e3o precarizados. Se n\u00e3o trabalham um dia, n\u00e3o podem comer. Nas casas moram muitas pessoas, com frequ\u00eancia sem \u00e1gua ou esgoto, sem condi\u00e7\u00f5es de garantir condi\u00e7\u00f5es m\u00ednimas para uma quarentena. S\u00e3o os pobres que morrem mais, s\u00e3o o verdadeiro grupo de risco da pandemia.<\/p>\n<p style=\"text-align: justify;\">D\u00e9cadas ap\u00f3s d\u00e9cadas, os governos dos partidos da direita e da \u201cesquerda\u201d reformista (socialdemocracia, PT, etc.) aplicaram os planos neoliberais que sucatearam a sa\u00fade p\u00fablica, privatizaram os hospitais. O v\u00edrus atingiu a humanidade completamente desprotegida em pleno s\u00e9culo XXI. N\u00e3o existem hospitais suficientes, menos ainda as unidades de terapia intensiva necess\u00e1rias. Os sistemas de sa\u00fade colapsaram.<\/p>\n<p style=\"text-align: justify;\">N\u00e3o existem rem\u00e9dios seguros nem vacinas at\u00e9 agora para o Covid 19, mesmo depois dos surtos por outros coronav\u00edrus (SARS em 2002, MERS em 2012). Como isso n\u00e3o rendia lucros para as grandes empresas farmac\u00eauticas, n\u00e3o houve investimentos em pesquisas. S\u00f3 agora, com a pandemia, est\u00e3o correndo atr\u00e1s dos preju\u00edzos. N\u00e3o vai existir vacina em curto prazo, n\u00e3o existe tratamento seguro. Depois de meses e meses da mais grave pandemia da hist\u00f3ria recente, a humanidade continua indefesa.<\/p>\n<p style=\"text-align: justify;\">Os governos do mundo abandonaram mesmo as quarentenas parciais, pela press\u00e3o das empresas. Est\u00e3o expondo os trabalhadores a uma nova rodada da pandemia. Em alguns pa\u00edses, a reabertura se d\u00e1 em pleno pico da pandemia. Os governos protegem os bairros nobres e assim que consideram controlada a pandemia nos setores mais ricos da sociedade, deixam as periferias pobres abandonadas aos efeitos da pandemia.<\/p>\n<p style=\"text-align: justify;\">Segundo os cientistas, em nenhum pa\u00eds, mesmo nos mais afetados, se chegou ao est\u00e1gio da \u201cimunidade de rebanho\u201d, que assegura o controle da pandemia. Todos os pa\u00edses est\u00e3o amea\u00e7ados pela continuidade dessa onda ou de uma nova onda da pandemia antes que se alcance alguma vacina ou tratamento eficazes.<\/p>\n<p style=\"text-align: justify;\">\u00c9 preciso parar a produ\u00e7\u00e3o nas empresas com trabalhadores infectados. \u00c9 uma necessidade urgente que se avance na auto organiza\u00e7\u00e3o dos trabalhadores para exigir a assist\u00eancia m\u00e9dica nos bairros e empresas.<\/p>\n<p style=\"text-align: justify;\">Seguimos exigindo quarentena com qualidade, com condi\u00e7\u00f5es de habita\u00e7\u00e3o e sal\u00e1rio. Isso significa sal\u00e1rios garantidos para todos os trabalhadores empregados ou n\u00e3o. Defendemos o alojamento dos trabalhadores que vivem em habita\u00e7\u00f5es insalubres em hot\u00e9is ou em casas e apartamentos n\u00e3o habitados.<\/p>\n<p style=\"text-align: justify;\">\u00c9 preciso testar massivamente o povo para rastrear e monitorizar a pandemia. Basta de subnotifica\u00e7\u00e3o!<\/p>\n<p style=\"text-align: justify;\">\u00c9 necess\u00e1rio garantir atendimento m\u00e9dico a todo o povo, com o refor\u00e7o imediato do or\u00e7amento dos servi\u00e7os p\u00fablicos de sa\u00fade, com a expropria\u00e7\u00e3o dos hospitais privados e a constru\u00e7\u00e3o de novos hospitais e unidades de terapia intensiva.<\/p>\n<p style=\"text-align: justify;\">O trabalho de outros setores industriais deve ser convertido para a produ\u00e7\u00e3o de respiradores simples e baratos, bem como de m\u00e1scaras, \u00e1lcool gel e outros materiais essenciais no combate \u00e0 pandemia. \u00c9 preciso dar condi\u00e7\u00f5es de trabalho e sal\u00e1rios dignos aos funcion\u00e1rios de sa\u00fade, incluindo o pagamento de horas extraordin\u00e1rias no combate ao COVID e a atualiza\u00e7\u00e3o das suas carreiras!<\/p>\n<p style=\"text-align: justify;\">As empresas farmac\u00eauticas e de produtos hospitalares devem ser expropriadas e colocadas sob controle oper\u00e1rio. As vacinas, rem\u00e9dios e testes devem ser gratuitos e oferecidos a toda popula\u00e7\u00e3o.<\/p>\n<p style=\"text-align: justify;\">Defendemos planos sanit\u00e1rios, de assist\u00eancia m\u00e9dica e servi\u00e7os (luz, \u00e1gua, g\u00e1s, internet, etc.) para os bairros pobres.\u00a0 Contra o isolamento dos bairros pobres e sua transforma\u00e7\u00e3o em guetos.<\/p>\n<p style=\"text-align: justify;\">As vidas dos trabalhadores e do povo pobre importam!<\/p>\n<h2 style=\"text-align: justify;\"><span style=\"color: #800000;\"><strong>3- \u00c9 poss\u00edvel enfrentar a crise econ\u00f4mica<\/strong><\/span><\/h2>\n<p><a href=\"https:\/\/litci.org\/pt\/wp-content\/uploads\/2020\/07\/2020-07-01t200548z_169597732_rc2jkh98lk6u_rtrmadp_3_brazil-uber-protests.jpg_1625789822.jpg\"><img loading=\"lazy\" decoding=\"async\" class=\"alignnone size-full wp-image-60973\" src=\"https:\/\/litci.org\/pt\/wp-content\/uploads\/2020\/07\/2020-07-01t200548z_169597732_rc2jkh98lk6u_rtrmadp_3_brazil-uber-protests.jpg_1625789822.jpg\" alt=\"\" width=\"760\" height=\"495\" srcset=\"https:\/\/litci.org\/pt\/wp-content\/uploads\/2020\/07\/2020-07-01t200548z_169597732_rc2jkh98lk6u_rtrmadp_3_brazil-uber-protests.jpg_1625789822.jpg 760w, https:\/\/litci.org\/pt\/wp-content\/uploads\/2020\/07\/2020-07-01t200548z_169597732_rc2jkh98lk6u_rtrmadp_3_brazil-uber-protests.jpg_1625789822-300x195.jpg 300w, https:\/\/litci.org\/pt\/wp-content\/uploads\/2020\/07\/2020-07-01t200548z_169597732_rc2jkh98lk6u_rtrmadp_3_brazil-uber-protests.jpg_1625789822-150x98.jpg 150w, https:\/\/litci.org\/pt\/wp-content\/uploads\/2020\/07\/2020-07-01t200548z_169597732_rc2jkh98lk6u_rtrmadp_3_brazil-uber-protests.jpg_1625789822-696x453.jpg 696w\" sizes=\"auto, (max-width: 760px) 100vw, 760px\" \/><\/a><\/p>\n<hr \/>\n<p style=\"text-align: justify;\"><strong>Os governos admitem que existe uma crise econ\u00f4mica pesada. Seria imposs\u00edvel esconder isso. Mas dizem que logo a pandemia vai acabar e a economia se recuperar\u00e1 rapidamente. Isso \u00e9 uma mentira! Existe uma recess\u00e3o mundial grav\u00edssima em curso, que pode se transformar em uma depress\u00e3o semelhante \u00e0 de 1929! N\u00e3o vai haver recupera\u00e7\u00e3o r\u00e1pida sob esse sistema.<\/strong><\/p>\n<p style=\"text-align: justify;\">As vidas de sete bilh\u00f5es de pessoas s\u00e3o determinadas pelos interesses de alguns milhares de milion\u00e1rios e bilion\u00e1rios, propriet\u00e1rios e grandes acionistas das empresas imperialistas.<\/p>\n<p style=\"text-align: justify;\">Todas as defini\u00e7\u00f5es de Lenin sobre o imperialismo se mant\u00eam v\u00e1lidas. S\u00f3 que muito mais hipertrofiadas com a \u201cglobaliza\u00e7\u00e3o\u201d da economia.<\/p>\n<p style=\"text-align: justify;\">As burguesias que dominam os pa\u00edses dependentes s\u00e3o subordinadas e associadas ao imperialismo. Podem ter conflitos parciais, mas em geral refletem essa subordina\u00e7\u00e3o econ\u00f4mica com uma maior subservi\u00eancia pol\u00edtica. Em geral refletem grupos econ\u00f4micos que tamb\u00e9m concentraram em suas m\u00e3os boa parte da riqueza nacional, associados com o imperialismo.<\/p>\n<p style=\"text-align: justify;\">O imperialismo j\u00e1 tinha mostrado com as guerras mundiais o pre\u00e7o para sua manuten\u00e7\u00e3o com milh\u00f5es de mortos. Agora, mais uma vez, com a combina\u00e7\u00e3o da pandemia e a crise econ\u00f4mica, demonstra as consequ\u00eancias mortais para a humanidade do atraso da revolu\u00e7\u00e3o socialista.<\/p>\n<p style=\"text-align: justify;\">J\u00e1 existia uma grave crise econ\u00f4mica mundial, quando surgiu a pandemia do coronovirus. Uma curva descendente da economia capitalista, que vinha desde a grande recess\u00e3o mundial de 2007-09, j\u00e1 determinava a decad\u00eancia de grandes \u00e1reas do planeta.<\/p>\n<p style=\"text-align: justify;\">As divis\u00f5es e enfrentamentos entre as grandes burguesias mundiais, como a guerra comercial EUA x China e a crise da UE, expressam o desequil\u00edbrio crescente, t\u00edpico dessa decad\u00eancia. Uma nova recess\u00e3o mundial se anunciava j\u00e1 no in\u00edcio de 2020.<\/p>\n<p style=\"text-align: justify;\">A\u00ed veio a pandemia. Um fator extra econ\u00f4mico determinou o confinamento de metade da popula\u00e7\u00e3o mundial e a paralisia da economia. Uma pancada dur\u00edssima em uma economia em crise. O que se anunciava como uma nova recess\u00e3o mundial pode se tornar uma depress\u00e3o semelhante a 1929.<\/p>\n<p style=\"text-align: justify;\">A OCDE prev\u00ea que a economia mundial deve cair entre 6 e 7,6% nesse ano. O FMI prev\u00ea uma queda de 4,9%. Ambas as previs\u00f5es s\u00e3o bem piores que a queda de 1,7% da recess\u00e3o de 2008.\u00a0 As proje\u00e7\u00f5es indicam queda do PIB entre 5 e 11% dos principais pa\u00edses imperialistas e dos emergentes em 2020. Mesmo a China deve apresentar estagna\u00e7\u00e3o ou mesmo uma recess\u00e3o.<\/p>\n<p style=\"text-align: justify;\">Os planos dos governos -muitas vezes bilion\u00e1rios- t\u00eam em comum seu objetivo central: salvar as grandes empresas. Mais uma vez, como em 2007-09, os governos deixam de lado os planos neoliberais para aplicar gigantescos planos \u2018keynesianos\u2019 de inje\u00e7\u00e3o de dinheiro p\u00fablico nas empresas. Podem evitar a fal\u00eancia de grandes empresas, mas \u00e0 custa de um brutal endividamento p\u00fablico, o maior em 150 anos, superior aos que ocorreram depois da primeira e segunda guerra mundiais. Inevitavelmente essas dividas publicas ser\u00e3o depois cobradas dos trabalhadores, com ataques \u00e1 sa\u00fade e educa\u00e7\u00e3o p\u00fablicas, as aposentadorias, etc.<\/p>\n<p style=\"text-align: justify;\">Para os trabalhadores, apenas migalhas, como alguma ajuda tempor\u00e1ria, insuficiente para reverter a fome que se amplia. Junto com isso, os governos aproveitam a pandemia para avan\u00e7ar na supress\u00e3o de direitos trabalhistas e sociais.<\/p>\n<p style=\"text-align: justify;\">O desemprego se alastra rapidamente. Seja atrav\u00e9s de demiss\u00f5es sum\u00e1rias ou n\u00e3o renova\u00e7\u00e3o de contratos, as burguesias e os governos est\u00e3o impondo um desemprego massivo. Centenas de milh\u00f5es de trabalhadores ficar\u00e3o desempregados no mundo. Atrav\u00e9s do lay-off e cortes salariais, os trabalhadores est\u00e3o ainda a ver reduzidos grande parte dos seus rendimentos, sem que tenham garantia de que sequer v\u00e3o manter os seus postos de trabalho. Milh\u00f5es de pequenas empresas j\u00e1 est\u00e3o indo \u00e0 fal\u00eancia. Vai se morrer de fome em pleno s\u00e9culo XXI nas periferias das grandes cidades do mundo.<\/p>\n<p style=\"text-align: justify;\">Vamos ter um longo per\u00edodo convulsivo nessa crise, com longos e complicados momentos em cada pa\u00eds, mesmo depois do fim da pandemia.<\/p>\n<p style=\"text-align: justify;\">Como reflexo inevit\u00e1vel da crise, os oligop\u00f3lios multinacionais v\u00e3o concentrar ainda mais a propriedade em suas m\u00e3os. Os pa\u00edses imperialistas mais fortes, como EUA e Alemanha v\u00e3o impor sua hegemonia ainda mais duramente. O conflito EUA x China vai se agudizar, e quem conseguir sair melhor e mais r\u00e1pido da recess\u00e3o avan\u00e7ar\u00e1 na divis\u00e3o mundial do trabalho.<\/p>\n<p style=\"text-align: justify;\">O imperialismo est\u00e1 nesse momento anunciando o futuro: o capitalismo com barb\u00e1rie. A hordas atuais de desempregados podem ser a t\u00f4nica do capitalismo moderno com uso de intelig\u00eancia artificial, 5G, etc. Os sal\u00e1rios rebaixados, que nem sequer cumprem a fun\u00e7\u00e3o capitalista de recompor a for\u00e7a de trabalho, j\u00e1 eram uma realidade no Haiti e Bangladesh e agora se generalizam. A isso se junta a precariza\u00e7\u00e3o generalizada das rela\u00e7\u00f5es de trabalho.<\/p>\n<p style=\"text-align: justify;\">No capitalismo, as crises econ\u00f4micas s\u00e3o peri\u00f3dicas. Depois dessa vir\u00e3o outras, talvez ainda mais graves. N\u00e3o podemos permitir que a humanidade siga morrendo e vivendo na mis\u00e9ria para sustentar os super lucros das multinacionais.<\/p>\n<p style=\"text-align: justify;\">\u00c9 preciso combater a fome, garantindo diretamente a alimenta\u00e7\u00e3o nos bairros populares. Pela auto organiza\u00e7\u00e3o dos trabalhadores para se impor perante a crise causada pelo capitalismo. Para isso, \u00e9 necess\u00e1ria a expropria\u00e7\u00e3o das empresas produtoras e comercializadoras de alimentos. Defendemos o direito dos pobres de expropria\u00e7\u00e3o de comida dos supermercados ou de onde seja.<\/p>\n<p style=\"text-align: justify;\">Organizar os desempregados em comit\u00eas nos bairros populares. Unir pela base os trabalhadores empregados e desempregados nas empresas e bairros.<\/p>\n<p style=\"text-align: justify;\">\u00c9 preciso proibir as demiss\u00f5es com efeitos retroativos a partir do in\u00edcio da pandemia. \u00c9 preciso acabar com a precariza\u00e7\u00e3o e terceiriza\u00e7\u00e3o do trabalho, dando estabilidade a todos os trabalhadores.<\/p>\n<p style=\"text-align: justify;\">O desemprego pode ser combatido assegurando de imediato um sal\u00e1rio equivalente ao necess\u00e1rio para o sustento de todos os trabalhadores. \u00c9 preciso um plano de obras p\u00fablicas para empregar o conjunto dos trabalhadores.<\/p>\n<p style=\"text-align: justify;\">Contra os cortes de sal\u00e1rio e o lay-off! Reajustes salariais autom\u00e1ticos de acordo com a infla\u00e7\u00e3o! Trabalhemos menos para que trabalhem todos<strong><em>.<\/em><\/strong> Que os sindicatos e associa\u00e7\u00f5es de trabalhadores assumam estas propostas para unir os trabalhadores empregados com os desempregados.<\/p>\n<p style=\"text-align: justify;\">Aposentadorias com sal\u00e1rios iguais aos dos trabalhadores em atividade! N\u00e3o \u00e0s redu\u00e7\u00f5es das aposentadorias que condenam os idosos \u00e0 fome. Redu\u00e7\u00e3o da idade da aposentadoria: descanso a quem trabalhou toda a vida, oportunidade para os jovens que agora come\u00e7am a trabalhar.<\/p>\n<p style=\"text-align: justify;\">Em defesa das greves oper\u00e1rias para que os trabalhadores possam impor sua alternativa contra a crise econ\u00f4mica!<\/p>\n<p style=\"text-align: justify;\">Revers\u00e3o imediata de todos os planos neoliberais! Garantia de empregos com v\u00ednculos trabalhistas que assegurem f\u00e9rias, d\u00e9cimo-terceiros sal\u00e1rios e aposentadoria decentes a todos os trabalhadores!<\/p>\n<p style=\"text-align: justify;\">Os capitalistas, os grandes exploradores guardam seus segredos a sete chaves. Os monop\u00f3lios, que t\u00eam em suas m\u00e3os 90% da produ\u00e7\u00e3o jamais prestam contas de suas negociatas e opera\u00e7\u00f5es banc\u00e1rias suspeitas, suas lavagens de dinheiro nos para\u00edsos fiscais. Pela abertura dos livros cont\u00e1beis das empresas! Aboli\u00e7\u00e3o do segredo comercial!<\/p>\n<p style=\"text-align: justify;\">N\u00e3o existe forma de mudar a economia sem acabar com o controle do capital financeiro. Se os trabalhadores controlarem os bancos, poder\u00e3o direcionar a economia de forma completamente diferente. \u00c9 preciso expropriar os bancos e fundos financeiros, e instituir um \u00fanico banco estatal por pa\u00eds, sob controle dos trabalhadores. Que os trabalhadores controlem a economia.<\/p>\n<p style=\"text-align: justify;\">N\u00e3o pagar as d\u00edvidas interna e externa para garantir o capital suficiente para financiar esse plano. Impor um imposto sobre as grandes fortunas. Aboli\u00e7\u00e3o das d\u00edvidas atuais dos trabalhadores com os bancos e cart\u00f5es de cr\u00e9dito. Cr\u00e9dito e ajuda financeira para as pequenas empresas, que devem ser salvas da fal\u00eancia.<\/p>\n<p style=\"text-align: justify;\">\u00c9 necess\u00e1rio expropriar as grandes empresas e planificar a produ\u00e7\u00e3o para suprimir crises como essas e atender as necessidades dos trabalhadores e do povo pobre. Defendemos planos para que sejam os capitalistas- e n\u00e3o os trabalhadores- que paguem pela crise.<\/p>\n<h2 style=\"text-align: justify;\"><span style=\"color: #800000;\"><strong>4- \u00c9 preciso relembrar o exemplo da URSS<\/strong><\/span><\/h2>\n<p><a href=\"https:\/\/litci.org\/pt\/wp-content\/uploads\/2020\/07\/tifus_6-bdfa1.jpg\"><img loading=\"lazy\" decoding=\"async\" class=\"alignnone size-full wp-image-60974\" src=\"https:\/\/litci.org\/pt\/wp-content\/uploads\/2020\/07\/tifus_6-bdfa1.jpg\" alt=\"\" width=\"701\" height=\"450\" srcset=\"https:\/\/litci.org\/pt\/wp-content\/uploads\/2020\/07\/tifus_6-bdfa1.jpg 701w, https:\/\/litci.org\/pt\/wp-content\/uploads\/2020\/07\/tifus_6-bdfa1-300x193.jpg 300w, https:\/\/litci.org\/pt\/wp-content\/uploads\/2020\/07\/tifus_6-bdfa1-150x96.jpg 150w, https:\/\/litci.org\/pt\/wp-content\/uploads\/2020\/07\/tifus_6-bdfa1-696x447.jpg 696w\" sizes=\"auto, (max-width: 701px) 100vw, 701px\" \/><\/a><\/p>\n<hr \/>\n<p style=\"text-align: justify;\"><strong>Quando falamos que seria poss\u00edvel evitar as crises econ\u00f4micas e enfrentar a pandemia, estamos lembrando experi\u00eancias hist\u00f3ricas que demonstram categoricamente isso.<\/strong><\/p>\n<p style=\"text-align: justify;\">A revolu\u00e7\u00e3o russa de 1917 foi a \u00fanica que colocou verdadeiramente o proletariado no poder. A comuna de Paris j\u00e1 tinha feito isso, mas s\u00f3 durou tr\u00eas meses. Uma democracia mais ampla do que a mais democr\u00e1tica das democracias burguesas. Uma democracia dos trabalhadores, que podiam discutir e decidir cotidianamente sobre os problemas fundamentais do estado e da economia.<\/p>\n<p style=\"text-align: justify;\">A revolu\u00e7\u00e3o russa enfrentou a epidemia de tifo logo depois da tomada do poder em 1918, ainda com o pa\u00eds destru\u00eddo, sem condi\u00e7\u00f5es sanit\u00e1rias nem estrutura hospitalar. Mas foi poss\u00edvel derrotar a epidemia, girando a estrutura do novo estado russo, com os poucos recursos que tinha para isso.<\/p>\n<p style=\"text-align: justify;\">Infelizmente, as derrotas das outras revolu\u00e7\u00f5es no mundo deixaram a revolu\u00e7\u00e3o russa isolada. Como consequ\u00eancia, uma burocracia se gestou no interior da URSS, e tomou o poder atrav\u00e9s da contra revolu\u00e7\u00e3o stalinista.<\/p>\n<p style=\"text-align: justify;\">Mesmo burocratizada, a URSS preservou a propriedade estatal e a planifica\u00e7\u00e3o da economia, o que possibilitou a transforma\u00e7\u00e3o de um dos pa\u00edses mais atrasados da Europa e da \u00c1sia na segunda economia mundial, atr\u00e1s apenas dos Estados Unidos.<\/p>\n<p style=\"text-align: justify;\">Isso traz a segunda compara\u00e7\u00e3o necess\u00e1ria. Quando o mundo afundou na depress\u00e3o de 1929, com retrocessos de muitos pa\u00edses entre 20% e 30% no PIB anual, a URSS se desenvolvia fortemente. A produ\u00e7\u00e3o industrial cresceu a 16% por ano entre 1928 e 1940.<\/p>\n<p style=\"text-align: justify;\">Toda essa experi\u00eancia hist\u00f3rica foi apagada da mem\u00f3ria pelo dom\u00ednio da burocracia stalinista e seus in\u00fameros crimes hediondos. A sua a\u00e7\u00e3o contra revolucion\u00e1ria impediu a extens\u00e3o da revolu\u00e7\u00e3o mundial, afastou completamente o proletariado do poder e imp\u00f4s um dom\u00ednio totalit\u00e1rio brutal, que n\u00e3o tem nada a ver com o socialismo.<\/p>\n<p style=\"text-align: justify;\">Depois de parasitar os estados oper\u00e1rios, essas mesmas burocracias comandaram a restaura\u00e7\u00e3o do capitalismo. Isso ocorreu tanto na China (d\u00e9cada de 70, com Deng Hsao Ping), na R\u00fassia (d\u00e9cada de 80, com Gorbachev) como nos demais estados oper\u00e1rios burocratizados.<\/p>\n<p style=\"text-align: justify;\">Esses estados j\u00e1 n\u00e3o eram oper\u00e1rios, e sim burgueses, quando grandes revolu\u00e7\u00f5es democr\u00e1ticas derrubaram as ditaduras stalinistas. Iniciou-se assim a restaura\u00e7\u00e3o do capitalismo pelas pr\u00f3prias burocracias. Os levantes da d\u00e9cada de 90 se deram contra ditaduras burguesas assim como contra a queda brutal do n\u00edvel de vida determinado pelo in\u00edcio da restaura\u00e7\u00e3o.<\/p>\n<p style=\"text-align: justify;\">Essas revolu\u00e7\u00f5es foram muito progressivas por terem derrubado essas ditaduras burguesas, e terem destru\u00eddo o aparato mundial do stalinismo. No entanto, como produto da aus\u00eancia de dire\u00e7\u00f5es revolucion\u00e1rias com peso de massas, foram dire\u00e7\u00f5es burguesas que comandaram esses processos. Novas burguesias, muitas originadas das velhas burocracias, dirigem estes estados.<\/p>\n<p style=\"text-align: justify;\">Isso ainda n\u00e3o ocorreu na China e em Cuba. A\u00ed se deu a restaura\u00e7\u00e3o do capitalismo, mas seguem as ditaduras stalinistas burguesas.<\/p>\n<p style=\"text-align: justify;\">A propaganda burguesa aproveitou esses dois fatos que ocorreram em momentos diferentes \u2013 a restaura\u00e7\u00e3o do capitalismo comandada pelas burocracias e depois a derrubada das ditaduras burguesas stalinistas- para divulgar mundialmente \u201ca morte do socialismo\u201d, como se as massas tivessem se rebelado contra o socialismo, e n\u00e3o contra ditaduras burguesas.<\/p>\n<p style=\"text-align: justify;\">Essa ideologia desde ent\u00e3o \u00e9 absolutamente majorit\u00e1ria em todo o mundo, para mostrar o capitalismo como \u00fanica alternativa para a humanidade.<\/p>\n<p style=\"text-align: justify;\">A realidade atual desses pa\u00edses, como R\u00fassia ou China, demonstra que a volta ao capitalismo fez que as popula\u00e7\u00f5es voltassem a estar sujeitas \u00e0s mesmas cat\u00e1strofes que os outros pa\u00edses capitalistas sofrem, como a pandemia e a recess\u00e3o econ\u00f4mica. E necessitam tamb\u00e9m de novas revolu\u00e7\u00f5es socialistas.<\/p>\n<p style=\"text-align: justify;\">No mundo inteiro, o capitalismo est\u00e1 duramente questionado por essa combina\u00e7\u00e3o de pandemia e recess\u00e3o mundial. Est\u00e1 existindo um choque na consci\u00eancia das massas de todo mundo. \u00c9 hora novamente de levantar as bandeiras socialistas com toda for\u00e7a. Defendemos o socialismo com democracia oper\u00e1ria, vigente nos primeiros anos da Uni\u00e3o Sovi\u00e9tica, e denunciamos a vers\u00e3o stalinista burocr\u00e1tica ainda defendida por setores da esquerda.<\/p>\n<h2 style=\"text-align: justify;\"><span style=\"color: #800000;\"><strong>\u00a0<\/strong><strong>5- A pandemia \u00e9 consequ\u00eancia da destrui\u00e7\u00e3o da natureza<\/strong><\/span><\/h2>\n<p><a href=\"https:\/\/litci.org\/pt\/wp-content\/uploads\/2020\/07\/Deforestacion-e1539743615576.jpg\"><img loading=\"lazy\" decoding=\"async\" class=\"alignnone size-full wp-image-60975\" src=\"https:\/\/litci.org\/pt\/wp-content\/uploads\/2020\/07\/Deforestacion-e1539743615576.jpg\" alt=\"\" width=\"800\" height=\"400\" srcset=\"https:\/\/litci.org\/pt\/wp-content\/uploads\/2020\/07\/Deforestacion-e1539743615576.jpg 800w, https:\/\/litci.org\/pt\/wp-content\/uploads\/2020\/07\/Deforestacion-e1539743615576-300x150.jpg 300w, https:\/\/litci.org\/pt\/wp-content\/uploads\/2020\/07\/Deforestacion-e1539743615576-768x384.jpg 768w, https:\/\/litci.org\/pt\/wp-content\/uploads\/2020\/07\/Deforestacion-e1539743615576-150x75.jpg 150w, https:\/\/litci.org\/pt\/wp-content\/uploads\/2020\/07\/Deforestacion-e1539743615576-696x348.jpg 696w\" sizes=\"auto, (max-width: 800px) 100vw, 800px\" \/><\/a><\/p>\n<hr \/>\n<p style=\"text-align: justify;\"><strong>O capitalismo destr\u00f3i os trabalhadores e tamb\u00e9m a natureza. A produ\u00e7\u00e3o capitalista movida pelos lucros consome muito mais recursos da natureza do que se pode repor h\u00e1 pelo menos meio s\u00e9culo. Por isso temos o aquecimento global, a polui\u00e7\u00e3o dos rios e da atmosfera, a redu\u00e7\u00e3o das esp\u00e9cies vivas.<\/strong><\/p>\n<p style=\"text-align: justify;\">O desmatamento desenfreado causa uma destrui\u00e7\u00e3o dos equil\u00edbrios ecol\u00f3gicos e possibilita a muta\u00e7\u00e3o descontrolada de v\u00edrus que antes estavam confinados em animais silvestres. Essa agress\u00e3o contra a natureza \u00e9 respons\u00e1vel pelo aparecimento das recentes epidemias como o ebola, o SARS, o MERS e a agora o Covid 19.<\/p>\n<p style=\"text-align: justify;\">O planeta caminha para um colapso ecol\u00f3gico irrevers\u00edvel caso o capitalismo se mantenha. Novas pandemias surgir\u00e3o depois da atual.<\/p>\n<p style=\"text-align: justify;\">Mas isso n\u00e3o \u00e9 inevit\u00e1vel. \u00c9 necess\u00e1rio acabar com o controle da economia pelas grandes empresas multinacionais. \u00c9 preciso planificar e racionalizar a explora\u00e7\u00e3o dos recursos naturais do planeta levando em conta o meio ambiente e n\u00e3o a gan\u00e2ncia de uma pequena minoria de bilion\u00e1rios. Mas para isso, \u00e9 urgente a expropria\u00e7\u00e3o dessas empresas e a reconvers\u00e3o ecol\u00f3gica da produ\u00e7\u00e3o que ir\u00e1 garantir que cessem as agress\u00f5es contra a natureza e se impe\u00e7a o colapso ecol\u00f3gico.<\/p>\n<h2 style=\"text-align: justify;\"><span style=\"color: #800000;\"><strong>6- As lutas das massas nos EUA<\/strong><\/span><\/h2>\n<p><a href=\"https:\/\/litci.org\/pt\/wp-content\/uploads\/2020\/07\/1216237385_20200530055518-052-kAz-U481456347216rO-992x558@LaVanguardia-Web.jpg\"><img loading=\"lazy\" decoding=\"async\" class=\"alignnone size-full wp-image-60976\" src=\"https:\/\/litci.org\/pt\/wp-content\/uploads\/2020\/07\/1216237385_20200530055518-052-kAz-U481456347216rO-992x558@LaVanguardia-Web.jpg\" alt=\"\" width=\"992\" height=\"558\" srcset=\"https:\/\/litci.org\/pt\/wp-content\/uploads\/2020\/07\/1216237385_20200530055518-052-kAz-U481456347216rO-992x558@LaVanguardia-Web.jpg 992w, https:\/\/litci.org\/pt\/wp-content\/uploads\/2020\/07\/1216237385_20200530055518-052-kAz-U481456347216rO-992x558@LaVanguardia-Web-300x169.jpg 300w, https:\/\/litci.org\/pt\/wp-content\/uploads\/2020\/07\/1216237385_20200530055518-052-kAz-U481456347216rO-992x558@LaVanguardia-Web-768x432.jpg 768w, https:\/\/litci.org\/pt\/wp-content\/uploads\/2020\/07\/1216237385_20200530055518-052-kAz-U481456347216rO-992x558@LaVanguardia-Web-150x84.jpg 150w, https:\/\/litci.org\/pt\/wp-content\/uploads\/2020\/07\/1216237385_20200530055518-052-kAz-U481456347216rO-992x558@LaVanguardia-Web-696x392.jpg 696w\" sizes=\"auto, (max-width: 992px) 100vw, 992px\" \/><\/a><\/p>\n<hr \/>\n<p style=\"text-align: justify;\">O ascenso de massas revolucion\u00e1rio ap\u00f3s o assassinato de George Floyd trouxe os EUA para o primeiro plano da luta de classes mundial. N\u00e3o foi simplesmente uma revolta conjuntural e epis\u00f3dica. Foi a primeira vez em d\u00e9cadas e d\u00e9cadas que as massas passaram a ofensiva e a burguesia branca mais poderosa do mundo ficou na defensiva. A primeira vez em que uma luta dessa magnitude e radicalidade escapa da dire\u00e7\u00e3o burguesa do Partido Democrata. Independente de seus resultados imediatos, os EUA entraram em uma nova situa\u00e7\u00e3o de polariza\u00e7\u00e3o e instabilidade.<\/p>\n<p style=\"text-align: justify;\">O imperialismo norte americano vem apresentando uma decad\u00eancia em sua hegemonia industrial e, cada vez mais, expressando um parasitismo financeiro gigantesco. Segue sendo hegem\u00f4nico no mundo, por sua preponder\u00e2ncia financeira e a categ\u00f3rica superioridade militar. Mas sua decad\u00eancia foi mostrada ao vivo e a cores ao se transformar no centro mundial da pandemia, com mais de 130 mil mortos, mais que o dobro da guerra do Vietn\u00e3.<\/p>\n<p style=\"text-align: justify;\">Agora a recess\u00e3o econ\u00f4mica aponta para n\u00fameros de depress\u00e3o. O desemprego passou de 4,4% em mar\u00e7o para 14,7% em abril. Mesmo com ligeira queda posterior pela reabertura da economia, esses \u00edndices nunca tinham ocorrido desde a depress\u00e3o de 1929.<\/p>\n<p style=\"text-align: justify;\">A revolta pela morte de George Floyd tem como m\u00f3vel imediato a luta contra o racismo nos EUA. Mais uma vez a luta contra as opress\u00f5es assume uma centralidade fundamental no ascenso das lutas em todo o mundo.<\/p>\n<p style=\"text-align: justify;\">A radicalidade e massividade dessas lutas se alimentam das consequ\u00eancias da pandemia e da crise econ\u00f4mica. N\u00e3o existiria tal participa\u00e7\u00e3o da juventude branca nas mobiliza\u00e7\u00f5es se a luta contra a opress\u00e3o racial n\u00e3o fosse fermentada por t\u00e3o brutal situa\u00e7\u00e3o social.<\/p>\n<p style=\"text-align: justify;\">O Partido Democrata, que sempre trouxe a reboque o movimento sindical nos EUA, mais uma vez tenta encaminhar todo o ascenso e a oposi\u00e7\u00e3o contra o governo para o terreno das elei\u00e7\u00f5es presidenciais de novembro. \u00a0No entanto, tamb\u00e9m teve de reprimir diretamente as lutas para tentar manter o controle.<\/p>\n<p style=\"text-align: justify;\">A luta das massas no EUA enfraquece o imperialismo e impulsiona o movimento de massas em todo o mundo. Os seus resultados t\u00eam enorme import\u00e2ncia para a luta de classes mundial.<\/p>\n<p style=\"text-align: justify;\">O proletariado norte americano ter\u00e1 de escapar das garras do Partido Democrata e da burocracia sindical para construir uma alternativa de independ\u00eancia de classe. A tarefa de constru\u00e7\u00e3o de um partido revolucion\u00e1rio nos EUA adquire enorme centralidade nos dias de hoje.<\/p>\n<h2 style=\"text-align: justify;\"><span style=\"color: #800000;\"><strong>7- A crise da Uni\u00e3o Europeia<\/strong><\/span><\/h2>\n<p><a href=\"https:\/\/litci.org\/pt\/wp-content\/uploads\/2020\/07\/111620453_gettyimages-1209100915.jpg\"><img loading=\"lazy\" decoding=\"async\" class=\"alignnone size-full wp-image-60977\" src=\"https:\/\/litci.org\/pt\/wp-content\/uploads\/2020\/07\/111620453_gettyimages-1209100915.jpg\" alt=\"\" width=\"660\" height=\"371\" srcset=\"https:\/\/litci.org\/pt\/wp-content\/uploads\/2020\/07\/111620453_gettyimages-1209100915.jpg 660w, https:\/\/litci.org\/pt\/wp-content\/uploads\/2020\/07\/111620453_gettyimages-1209100915-300x169.jpg 300w, https:\/\/litci.org\/pt\/wp-content\/uploads\/2020\/07\/111620453_gettyimages-1209100915-150x84.jpg 150w\" sizes=\"auto, (max-width: 660px) 100vw, 660px\" \/><\/a><\/p>\n<hr \/>\n<p style=\"text-align: justify;\">A Europa j\u00e1 apresentava claros sinais de decad\u00eancia no in\u00edcio do ano, com a estagna\u00e7\u00e3o da Alemanha, seu carro chefe e perspectivas de recess\u00e3o do conjunto do continente. A pandemia atingiu duramente o continente, em particular a It\u00e1lia, Espanha, Fran\u00e7a e Inglaterra. Agora o continente v\u00ea sua decad\u00eancia se aprofundar e uma tend\u00eancia a polariza\u00e7\u00e3o da luta de classes.<\/p>\n<p style=\"text-align: justify;\">A previs\u00e3o da OCDE \u00e9 de uma queda do PIB europeu entre 9 e 11,5%.\u00a0 Esse \u00e9 um \u00edndice mais pr\u00f3ximo de uma depress\u00e3o que de uma recess\u00e3o.<\/p>\n<p style=\"text-align: justify;\">A Alemanha, mesmo com sua estagna\u00e7\u00e3o, conseguiu aplicar um plano bilion\u00e1rio de resgate para salvar suas grandes empresas e controlar a pandemia. A situa\u00e7\u00e3o \u00e9 mais grave em outros pa\u00edses imperialistas, que n\u00e3o conseguem fazer algo semelhante.<\/p>\n<p style=\"text-align: justify;\">A Uni\u00e3o Europeia j\u00e1 sofreu um s\u00e9rio golpe com o Brexit. Perante a pandemia e a recess\u00e3o mostrou-se ainda mais dividida, mostrando que n\u00e3o existe qualquer \u201csolidariedade europeia\u201d, a n\u00e3o ser o do lucro das empresas das grandes pot\u00eancias. Por isso, n\u00e3o conseguiu ter qualquer resposta conjunta para a pandemia para os pa\u00edses mais afetados. A pol\u00edtica de empr\u00e9stimos aos pa\u00edses serve apenas para salvar as grandes empresas e rapidamente ser\u00e1 convertido em medidas de austeridade, a serem cobradas aos trabalhadores europeus.<\/p>\n<p style=\"text-align: justify;\">Os governos europeus se apresentaram em geral com uma pol\u00edtica de \u201cunidade nacional\u201d para enfrentar a pandemia. Isso \u00e9 ainda mais presente em governos dirigidos pela socialdemocracia como \u00e9 o caso da Espanha (Sanchez, do PSOE) e Portugal (Costa, do PS).<\/p>\n<p style=\"text-align: justify;\">Trata-se de uma farsa. N\u00e3o existe unidade entre a grande burguesia e os trabalhadores. Esses governos trabalham essencialmente para preservar os grandes lucros das grandes empresas, sem proteger realmente os trabalhadores, que sofrem os efeitos brutais da pandemia. Essa \u201cunidade nacional\u201d vai se chocar com a realidade da crise econ\u00f4mica e dos mortos pelo Covid.<\/p>\n<p style=\"text-align: justify;\">Agora, os governos europeus acabaram com as quarentenas parciais para salvar as empresas, como na It\u00e1lia, Espanha e Fran\u00e7a. Isso exp\u00f5e diretamente os trabalhadores a uma nova onda de contamina\u00e7\u00e3o da pandemia.<\/p>\n<p style=\"text-align: justify;\">Antes da crise atual, a Fran\u00e7a foi sacudida pela mobiliza\u00e7\u00e3o dos coletes amarelos e depois por uma grande greve dos transportes. Mesmo durante a pandemia houve mobiliza\u00e7\u00f5es importantes contra o governo, inspirados no exemplo norte-americano.<\/p>\n<p style=\"text-align: justify;\">Mobiliza\u00e7\u00f5es parciais importantes ocorreram em outros pa\u00edses, apontando o caminho frente \u00e0 crise atual. Com o agravamento da realidade objetiva, \u00e9 poss\u00edvel que surja um processo revolucion\u00e1rio em algum pa\u00eds europeu.<\/p>\n<p style=\"text-align: justify;\">A ultra direita veio se colocando como alternativa frente ao fracasso dos velhos partidos social-democratas e conservadores europeus frente a grave crise econ\u00f4mica social e por sustentarem as pol\u00edticas de \u2018austeridade\u2019, recessivas e antioper\u00e1rias da Uni\u00e3o europeia. Esses setores colocam a culpa da crise do desemprego nos imigrantes e apela ao nacionalismo xen\u00f3fobo. Para enfrentar a imposi\u00e7\u00e3o imperialista da Uni\u00e3o Europeia, nossa alternativa n\u00e3o \u00e9 o nacionalismo burgu\u00eas xen\u00f3fobo de Le Pen, Salvini ou Johnson, mas a estrat\u00e9gia revolucion\u00e1ria e internacionalista da Uni\u00e3o das Republicas Socialistas da Europa, uma verdadeira Europa dos Trabalhadores e dos Povos.<\/p>\n<h2 style=\"text-align: justify;\"><span style=\"color: #800000;\"><strong>8- A China perante a crise<\/strong><\/span><\/h2>\n<p><a href=\"https:\/\/litci.org\/pt\/wp-content\/uploads\/2020\/07\/52751202_303.jpg\"><img loading=\"lazy\" decoding=\"async\" class=\"alignnone size-full wp-image-60978\" src=\"https:\/\/litci.org\/pt\/wp-content\/uploads\/2020\/07\/52751202_303.jpg\" alt=\"\" width=\"700\" height=\"394\" srcset=\"https:\/\/litci.org\/pt\/wp-content\/uploads\/2020\/07\/52751202_303.jpg 700w, https:\/\/litci.org\/pt\/wp-content\/uploads\/2020\/07\/52751202_303-300x169.jpg 300w, https:\/\/litci.org\/pt\/wp-content\/uploads\/2020\/07\/52751202_303-150x84.jpg 150w, https:\/\/litci.org\/pt\/wp-content\/uploads\/2020\/07\/52751202_303-696x392.jpg 696w\" sizes=\"auto, (max-width: 700px) 100vw, 700px\" \/><\/a><\/p>\n<hr \/>\n<p style=\"text-align: justify;\"><strong>A China, desde a restaura\u00e7\u00e3o do capitalismo se inseriu na divis\u00e3o mundial de trabalho como uma esp\u00e9cie de \u201cf\u00e1brica do mundo\u201d. Grandes multinacionais se instalaram no pa\u00eds para produzir para o mercado mundial, se aproveitando da m\u00e3o de obra barata e da ditadura chines<\/strong>a.<\/p>\n<p style=\"text-align: justify;\">Desde ent\u00e3o, a China avan\u00e7ou muito no mercado mundial. A nova grande burguesia chinesa produz em escala continental para o territ\u00f3rio chin\u00eas e para o mercado mundial, se aproveitando do apoio dos grandes bancos estatais. A China \u00e9 uma exportadora de capitais (a mais importante para os pa\u00edses semicoloniais) e exerce uma opress\u00e3o sobre esses pa\u00edses. Ao mesmo tempo, tem um peso fundamental no mercado de commodities mundial por seu papel na importa\u00e7\u00e3o de mat\u00e9rias primas.<\/p>\n<p style=\"text-align: justify;\">A China se integrou no mercado mundial como submetr\u00f3pole privilegiada. Mas agora briga para ascender na divis\u00e3o mundial de trabalho. Essa \u00e9 a base fundamental para a guerra comercial EUA x China, que se expressa em lutas como o controle da tecnologia 5G. Agora, com a recess\u00e3o mundial em curso, quem sair melhor da crise, pode avan\u00e7ar nesse conflito.<\/p>\n<p style=\"text-align: justify;\">A pandemia se originou na China, em Wuhan. Aparentemente tinha sido controlada, mas agora h\u00e1 sinais de retomada de novos casos. A economia foi duramente afetada pela pandemia e pela recess\u00e3o mundial. \u00c9 poss\u00edvel que em 2020, a China tenha uma estagna\u00e7\u00e3o de sua economia, em fun\u00e7\u00e3o do bloqueio nas exporta\u00e7\u00f5es para o mercado mundial em recess\u00e3o. Pode ser mesmo que inicie uma recess\u00e3o, que seria a primeira de import\u00e2ncia desde a restaura\u00e7\u00e3o do capitalismo. Isso \u00e9 grav\u00edssimo para uma ditadura militar que se mant\u00e9m pela combina\u00e7\u00e3o da repress\u00e3o e de um crescimento econ\u00f4mico robusto.<\/p>\n<p style=\"text-align: justify;\">Aproveitando a pandemia, o estado chin\u00eas refor\u00e7ou seus sistemas de controle e repress\u00e3o internos. E agora estendeu as garras sobre Hong Kong, com a aprova\u00e7\u00e3o do decreto 23 para sufocar o levante nesse pa\u00eds.<\/p>\n<p style=\"text-align: justify;\">O proletariado chin\u00eas- hoje o maior do planeta \u2013 j\u00e1 vinha protagonizando uma s\u00e9rie de greves antes da pandemia e da crise econ\u00f4mica. Com a poss\u00edvel estagna\u00e7\u00e3o ou mesmo recess\u00e3o da economia, as condi\u00e7\u00f5es de vida v\u00e3o piorar muito mais, e \u00e9 poss\u00edvel que exista uma explos\u00e3o de mobiliza\u00e7\u00f5es. A China conseguir\u00e1 afogar o levante em Honk Kong? A ditadura chinesa vai se afirmar no mercado mundial p\u00f3s crise? Essas possibilidades est\u00e3o colocadas. Mas existe outra, com a integra\u00e7\u00e3o do proletariado chin\u00eas nos processos revolucion\u00e1rios no mundo.<\/p>\n<h2 style=\"text-align: justify;\"><span style=\"color: #800000;\"><strong>9- Os pa\u00edses semicoloniais<\/strong><\/span><\/h2>\n<p><a href=\"https:\/\/litci.org\/pt\/wp-content\/uploads\/2020\/07\/800.jpeg\"><img loading=\"lazy\" decoding=\"async\" class=\"alignnone size-full wp-image-60979\" src=\"https:\/\/litci.org\/pt\/wp-content\/uploads\/2020\/07\/800.jpeg\" alt=\"\" width=\"800\" height=\"533\" srcset=\"https:\/\/litci.org\/pt\/wp-content\/uploads\/2020\/07\/800.jpeg 800w, https:\/\/litci.org\/pt\/wp-content\/uploads\/2020\/07\/800-300x200.jpeg 300w, https:\/\/litci.org\/pt\/wp-content\/uploads\/2020\/07\/800-768x512.jpeg 768w, https:\/\/litci.org\/pt\/wp-content\/uploads\/2020\/07\/800-150x100.jpeg 150w, https:\/\/litci.org\/pt\/wp-content\/uploads\/2020\/07\/800-696x464.jpeg 696w\" sizes=\"auto, (max-width: 800px) 100vw, 800px\" \/><\/a><\/p>\n<hr \/>\n<p style=\"text-align: justify;\"><strong>Os pa\u00edses semicoloniais est\u00e3o sendo duramente atingidos pela pandemia e a recess\u00e3o mundial. O epicentro do Covid se deslocou da China para a Europa e depois para os EUA. Mas o pico da pandemia est\u00e1 se concentrando nos pa\u00edses semicoloniais da Am\u00e9rica Latina, \u00c1sia e \u00c1frica. \u00c9 a\u00ed que milh\u00f5es de mortes v\u00e3o dar n\u00fameros definitivos \u00e0 pandemia.<\/strong><\/p>\n<p style=\"text-align: justify;\">O FMI prev\u00ea uma queda da produ\u00e7\u00e3o na Am\u00e9rica Latina de 5,3%. A \u00c1frica dever\u00e1 ter uma queda de 1,6%, com a \u00c1frica do Sul com retra\u00e7\u00e3o bem pior, de 5,8%. A \u00cdndia est\u00e1 tendo um freio dur\u00edssimo em sua economia. Centenas de milh\u00f5es de trabalhadores poder\u00e3o perder seus empregos.<\/p>\n<p style=\"text-align: justify;\">Os mortos abandonados nas ruas de Guayaquil s\u00e3o apenas os primeiros sinais crescentes de barb\u00e1rie que est\u00e1 chegando. Pa\u00edses com p\u00e9ssima estrutura hospitalar, com partes consider\u00e1veis da popula\u00e7\u00e3o sem \u00e1gua e esgoto est\u00e3o sendo varridos pela pandemia. A fome est\u00e1 pesando nas ruas dos bairros pobres da Am\u00e9rica Latina e da \u00c1frica negra de maneira brutal.<\/p>\n<p style=\"text-align: justify;\">Os governos burgueses variam de postura perante a pandemia. Alguns t\u00eam uma posi\u00e7\u00e3o negacionista, de subestimar a doen\u00e7a, se recusando a tomar medidas m\u00ednimas de isolamento, como Bolsonaro (Brasil), Ortega (Nicar\u00e1gua), Lopes Obrador (M\u00e9xico), Magufuli (Tanz\u00e2nia).<\/p>\n<p style=\"text-align: justify;\">Outros governos t\u00eam uma pol\u00edtica de aparente combate ao Covid e o chamado a unidade nacional, como Fernandez (Argentina). Esses \u00faltimos ganharam mais apoio pol\u00edtico de massas nos primeiros meses da doen\u00e7a.<\/p>\n<p style=\"text-align: justify;\">Todos, no entanto, se guiam pela busca de garantir os lucros das empresas e o pagamento das d\u00edvidas externas ao imperialismo.<\/p>\n<p style=\"text-align: justify;\">A dura realidade de uma queda brutal da economia e a devasta\u00e7\u00e3o da pandemia vai originar crises nos governos e regimes desses pa\u00edses. Essa realidade pode levar a uma forte polariza\u00e7\u00e3o da luta de classes, com um enfrentamento mais agudo de revolu\u00e7\u00e3o e contra revolu\u00e7\u00e3o, ascensos revolucion\u00e1rios, quedas de governos, golpes militares, etc.<\/p>\n<p style=\"text-align: justify;\">J\u00e1 t\u00ednhamos, no in\u00edcio do ano, processos revolucion\u00e1rios em distintos n\u00edveis em curso no Chile e Col\u00f4mbia na Am\u00e9rica Latina. Agora existe uma tend\u00eancia ao surgimento de novos processos revolucion\u00e1rios no mundo.<\/p>\n<p style=\"text-align: justify;\">No Equador, depois da insurrei\u00e7\u00e3o de outubro do ano passado, as mobiliza\u00e7\u00f5es foram freadas. Com a crise e a pandemia, agora come\u00e7aram a ressurgir nas ruas de Quito, Cuenca e Guayaquil, amea\u00e7ando retomar o processo revolucion\u00e1rio.<\/p>\n<p style=\"text-align: justify;\">A crise do governo Bolsonaro \u00e9 crescente, j\u00e1 tendo um setor importante e crescente contr\u00e1rio na base, mas ainda com apoio de um setor minorit\u00e1rio de massas. Perante a gravidade brutal da pandemia e da crise econ\u00f4mica, o pa\u00eds pode explodir em novas mobiliza\u00e7\u00f5es.<\/p>\n<p style=\"text-align: justify;\">No Oriente M\u00e9dio e norte da \u00c1frica, depois das lutas conhecidas como a primavera \u00e1rabe de 2011, tinham ocorrido derrotas importantes na S\u00edria e Egito. O processo revolucion\u00e1rio ressurgiu em 2019 na Arg\u00e9lia e Sud\u00e3o, derrubando governos, assim como no L\u00edbano e no Iraque. Depois veio a pandemia e a crise econ\u00f4mica. A grande baixa do pre\u00e7o do petr\u00f3leo se abateu fortemente sobre toda a regi\u00e3o. Enfraqueceu particularmente dois pilares da contra revolu\u00e7\u00e3o na regi\u00e3o. A Ar\u00e1bia Saudita teve de recuar parcialmente no I\u00eamen do Sul, em sua interven\u00e7\u00e3o militar na guerra civil. O Ir\u00e3 come\u00e7ou a retirar suas for\u00e7as militares de apoio a Assad na S\u00edria.<\/p>\n<p style=\"text-align: justify;\">Na Palestina, em meio a toda essa situa\u00e7\u00e3o, o governo dos EUA e o novo governo Netanyahu seguem com a expans\u00e3o colonial e limpeza \u00e9tnica e coordenam a implementa\u00e7\u00e3o do \u201cAcordo do S\u00e9culo\u201d, um novo passo na anexa\u00e7\u00e3o de territ\u00f3rios palestinos. A economia palestina, fortemente dependente de Israel e do imperialismo, deve ter uma queda no PIB de 14% e perda de US$ 2,5 bilh\u00f5es com a pandemia. Existe uma oposi\u00e7\u00e3o crescente contra o governo da Autoridade Palestina, por sua postura colaboracionista com Israel. Os enfrentamentos e o chamado \u00e0 resist\u00eancia se acentuam.<\/p>\n<p style=\"text-align: justify;\">Come\u00e7aram a existir novas mobiliza\u00e7\u00f5es no L\u00edbano e Iraque, ainda menores, mas radicalizadas. Uma nova onda de forte polariza\u00e7\u00e3o entre revolu\u00e7\u00e3o e contrarrevolu\u00e7\u00e3o pode estar se gerando no Oriente M\u00e9dio.<\/p>\n<p style=\"text-align: justify;\">Na \u00cdndia, o governo repressivo de ultra direita (Modi)\u00a0 vinha enfrentando grandes mobiliza\u00e7\u00f5es contra uma lei antimu\u00e7ulmana no in\u00edcio do ano. Trata-se de um dos maiores proletariados do mundo, com uma brutal super explora\u00e7\u00e3o. O governo vinha se sustentando em base a um crescimento econ\u00f4mico de 7% nos \u00faltimos anos, que agora se reduziu bruscamente, podendo entrar em recess\u00e3o ao longo do ano. O desemprego saltou de 8 para 26% do come\u00e7o da crise at\u00e9 agora. \u00a0A estagna\u00e7\u00e3o da economia indiana e o forte impacto da pandemia s\u00e3o est\u00edmulos para uma poss\u00edvel explos\u00e3o do gigantesco proletariado indiano.<\/p>\n<p style=\"text-align: justify;\">Pode ser que estejamos avan\u00e7ando para uma nova polariza\u00e7\u00e3o da luta de classes entre revolu\u00e7\u00e3o e contrarrevolu\u00e7\u00e3o nos pa\u00edses semicoloniais, com novas explos\u00f5es revolucion\u00e1rias em um n\u00edvel superior ao que se dava no in\u00edcio do ano.<\/p>\n<p style=\"text-align: justify;\">Em todos esses processos, ser\u00e1 necess\u00e1rio enfrentar diretamente a domina\u00e7\u00e3o imperialista e as burguesias nacionais associadas.<\/p>\n<p style=\"text-align: justify;\">Mais uma vez, \u00e9 necess\u00e1rio apontar a tr\u00e1gica perman\u00eancia da crise e dire\u00e7\u00e3o revolucion\u00e1ria de massas que podem levar a derrotas os processos mais avan\u00e7ados. Por esse motivo, a constru\u00e7\u00e3o de partidos revolucion\u00e1rios se imp\u00f5e com uma necessidade objetiva.<\/p>\n<h2 style=\"text-align: justify;\"><span style=\"color: #800000;\"><strong>10- As lutas contra o racismo e demais opress\u00f5es<\/strong><\/span><\/h2>\n<hr \/>\n<p><a href=\"https:\/\/litci.org\/pt\/wp-content\/uploads\/2020\/07\/01polonia_georgefloyd_protestas_racismo_soy502-1.jpg\"><img loading=\"lazy\" decoding=\"async\" class=\"alignnone size-full wp-image-60980\" src=\"https:\/\/litci.org\/pt\/wp-content\/uploads\/2020\/07\/01polonia_georgefloyd_protestas_racismo_soy502-1.jpg\" alt=\"\" width=\"940\" height=\"627\" srcset=\"https:\/\/litci.org\/pt\/wp-content\/uploads\/2020\/07\/01polonia_georgefloyd_protestas_racismo_soy502-1.jpg 940w, https:\/\/litci.org\/pt\/wp-content\/uploads\/2020\/07\/01polonia_georgefloyd_protestas_racismo_soy502-1-300x200.jpg 300w, https:\/\/litci.org\/pt\/wp-content\/uploads\/2020\/07\/01polonia_georgefloyd_protestas_racismo_soy502-1-768x512.jpg 768w, https:\/\/litci.org\/pt\/wp-content\/uploads\/2020\/07\/01polonia_georgefloyd_protestas_racismo_soy502-1-150x100.jpg 150w, https:\/\/litci.org\/pt\/wp-content\/uploads\/2020\/07\/01polonia_georgefloyd_protestas_racismo_soy502-1-696x464.jpg 696w\" sizes=\"auto, (max-width: 940px) 100vw, 940px\" \/><\/a><\/p>\n<hr \/>\n<p style=\"text-align: justify;\"><strong>As lutas contra as opress\u00f5es s\u00e3o partes fundamentais dos processos revolucion\u00e1rios no mundo. N\u00e3o por acaso a revolta contra o racismo nos EUA \u00e9 um s\u00edmbolo mundial das lutas nesse moment<\/strong>o.<\/p>\n<p style=\"text-align: justify;\">A pandemia e a recess\u00e3o afetam qualitativamente mais os trabalhadores e os pobres. E, dentre eles, ainda mais aos setores oprimidos.<\/p>\n<p style=\"text-align: justify;\">Os governos estimulam o racismo, a xenofobia, o machismo, a LGTBfobia para dividir os trabalhadores e trabalhadoras, para jogar nativos contra imigrantes, homens contra mulheres, brancos contra negros.<\/p>\n<p style=\"text-align: justify;\">S\u00e3o os negros, os imigrantes os que s\u00e3o mais expostos porque trabalham nas f\u00e1bricas e nos setores essenciais que n\u00e3o param. Caravanas de imigrantes na Am\u00e9rica Central expressaram a radicaliza\u00e7\u00e3o e o desespero desses setores.<\/p>\n<p style=\"text-align: justify;\">\u00c9 preciso unir os trabalhadores nas lutas contra todo tipo de opress\u00e3o. N\u00e3o se pode avan\u00e7ar na unidade dos trabalhadores se n\u00e3o se luta contra as opress\u00f5es que dividem os trabalhadores.<\/p>\n<p style=\"text-align: justify;\">Para lutar contra a opress\u00e3o \u00e9 necess\u00e1rio lutar contra o capitalismo que utiliza as opress\u00f5es para manter sua domina\u00e7\u00e3o e super explorar os oprimidos. Para isso \u00e9 necess\u00e1rio lutar tamb\u00e9m contra as dire\u00e7\u00f5es reformistas que defendem estrat\u00e9gias capitalistas. Por um lado, apostam no empoderamento por dentro do capitalismo, uma perspectiva equivocada, mais ainda com a recess\u00e3o. Por outro lado, tamb\u00e9m dividem os trabalhadores brancos e negros, entre mulheres e homens, impedindo uma luta comum contra o racismo e o machismo. A participa\u00e7\u00e3o da juventude branca na luta contra o racismo nos EUA \u00e9 um exemplo mundial a ser seguido.<\/p>\n<p style=\"text-align: justify;\">\u00c9 preciso defender o fim da repress\u00e3o policial e do assassinato dos negros! Reorganiza\u00e7\u00e3o das pol\u00edcias com crit\u00e9rios democr\u00e1ticos, com elei\u00e7\u00e3o de todos os oficiais!<\/p>\n<p style=\"text-align: justify;\">Sal\u00e1rio igual para trabalho igual! Mulheres e homens, negros e brancos devem ter o mesmo sal\u00e1rio para o mesmo trabalho. Pelo direito dos imigrantes a legaliza\u00e7\u00e3o e asilo sem restri\u00e7\u00f5es e a terem sal\u00e1rios iguais aos dos trabalhadores nativos, assim como aposentadorias. Pelo direito a sa\u00fade, habita\u00e7\u00e3o e comida para todos os migrantes. Pelo fim das deporta\u00e7\u00f5es e as legisla\u00e7\u00f5es restritivas migrat\u00f3rias. Pelo direito \u00e0 nacionalidade pelo local de nascimento, para que ningu\u00e9m seja imigrante no seu pr\u00f3prio pa\u00eds. Documenta\u00e7\u00e3o e subs\u00eddios para todos os imigrantes desempregados.<\/p>\n<h2 style=\"text-align: justify;\"><span style=\"color: #800000;\"><strong>11- Contra a viol\u00eancia sobre as mulheres! Em defesa dos direitos dos LGBTs!<\/strong><\/span><\/h2>\n<p><a href=\"https:\/\/litci.org\/pt\/wp-content\/uploads\/2020\/07\/53965432_303.jpg\"><img loading=\"lazy\" decoding=\"async\" class=\"alignnone size-full wp-image-60981\" src=\"https:\/\/litci.org\/pt\/wp-content\/uploads\/2020\/07\/53965432_303.jpg\" alt=\"\" width=\"700\" height=\"394\" srcset=\"https:\/\/litci.org\/pt\/wp-content\/uploads\/2020\/07\/53965432_303.jpg 700w, https:\/\/litci.org\/pt\/wp-content\/uploads\/2020\/07\/53965432_303-300x169.jpg 300w, https:\/\/litci.org\/pt\/wp-content\/uploads\/2020\/07\/53965432_303-150x84.jpg 150w, https:\/\/litci.org\/pt\/wp-content\/uploads\/2020\/07\/53965432_303-696x392.jpg 696w\" sizes=\"auto, (max-width: 700px) 100vw, 700px\" \/><\/a><\/p>\n<hr \/>\n<p style=\"text-align: justify;\"><strong>J\u00e1 existiam sinais nos \u00faltimos anos e um grande ascenso das lutas das mulheres, com mobiliza\u00e7\u00f5es gigantescas contra a viol\u00eancia machista e pelo direito ao aborto. Nos processos revolucion\u00e1rios, a participa\u00e7\u00e3o das mulheres na vanguarda \u00e9 grande, por vezes majorit\u00e1rias.<\/strong><\/p>\n<p style=\"text-align: justify;\">A pandemia e as medidas de quarentena trouxeram o aumento da viol\u00eancia machista nas casas, assim como os feminic\u00eddios e as viola\u00e7\u00f5es.<\/p>\n<p style=\"text-align: justify;\">Nenhuma discrimina\u00e7\u00e3o ra\u00e7a, nacionalidade ou orienta\u00e7\u00e3o sexual na assist\u00eancia m\u00e9dica. As vidas de todas importam!<\/p>\n<p style=\"text-align: justify;\">Sal\u00e1rios iguais para trabalho igual. Oportunidades iguais! Abaixo o rebaixamento salarial e de tipos de trabalho para as mulheres!<\/p>\n<p style=\"text-align: justify;\">Pelo fim da viol\u00eancia contra as mulheres! Direito ao aborto legal, seguro e gratuito em todo o mundo. Cotas trabalhistas e oportunidades de emprego para toda comunidade LGBTI.<\/p>\n<p style=\"text-align: justify;\">Desmantelamento das redes de escraviza\u00e7\u00e3o sexual de mulheres e pris\u00e3o a todos os traficantes! Contra a persegui\u00e7\u00e3o policial as prostitutas.<\/p>\n<p style=\"text-align: justify;\">A quarentena n\u00e3o deve aumentar a jornada di\u00e1ria das mulheres. Redu\u00e7\u00e3o das horas de trabalho sem redu\u00e7\u00e3o salarial para todas as trabalhadoras com filhos, inclu\u00eddas as que trabalhem em home office.<\/p>\n<p style=\"text-align: justify;\">Aumento dos or\u00e7amentos para as pol\u00edticas de prote\u00e7\u00e3o das mulheres, com as linhas de aten\u00e7\u00e3o e casas de ref\u00fagio contra a viol\u00eancia. Aumento dos or\u00e7amentos para defesa da inf\u00e2ncia, contra a viol\u00eancia intrafamiliar no confinamento.<\/p>\n<p style=\"text-align: justify;\">Abaixo a viol\u00eancia e a LGBTfobia. Direito imediato e universal a identidade.<\/p>\n<h2 style=\"text-align: justify;\"><span style=\"color: #800000;\"><strong>12- O reformismo \u00e9 o bra\u00e7o da burguesia no movimento de massas<\/strong><\/span><\/h2>\n<p><a href=\"https:\/\/litci.org\/pt\/wp-content\/uploads\/2020\/07\/podemos-apoya-a-tsipras-desmarcandose-de-varufakis-y-el-ala-mas-radical-de-syriza.jpg\"><img loading=\"lazy\" decoding=\"async\" class=\"alignnone size-full wp-image-60982\" src=\"https:\/\/litci.org\/pt\/wp-content\/uploads\/2020\/07\/podemos-apoya-a-tsipras-desmarcandose-de-varufakis-y-el-ala-mas-radical-de-syriza.jpg\" alt=\"\" width=\"1600\" height=\"900\" srcset=\"https:\/\/litci.org\/pt\/wp-content\/uploads\/2020\/07\/podemos-apoya-a-tsipras-desmarcandose-de-varufakis-y-el-ala-mas-radical-de-syriza.jpg 1600w, https:\/\/litci.org\/pt\/wp-content\/uploads\/2020\/07\/podemos-apoya-a-tsipras-desmarcandose-de-varufakis-y-el-ala-mas-radical-de-syriza-300x169.jpg 300w, https:\/\/litci.org\/pt\/wp-content\/uploads\/2020\/07\/podemos-apoya-a-tsipras-desmarcandose-de-varufakis-y-el-ala-mas-radical-de-syriza-1024x576.jpg 1024w, https:\/\/litci.org\/pt\/wp-content\/uploads\/2020\/07\/podemos-apoya-a-tsipras-desmarcandose-de-varufakis-y-el-ala-mas-radical-de-syriza-768x432.jpg 768w, https:\/\/litci.org\/pt\/wp-content\/uploads\/2020\/07\/podemos-apoya-a-tsipras-desmarcandose-de-varufakis-y-el-ala-mas-radical-de-syriza-1536x864.jpg 1536w, https:\/\/litci.org\/pt\/wp-content\/uploads\/2020\/07\/podemos-apoya-a-tsipras-desmarcandose-de-varufakis-y-el-ala-mas-radical-de-syriza-150x84.jpg 150w, https:\/\/litci.org\/pt\/wp-content\/uploads\/2020\/07\/podemos-apoya-a-tsipras-desmarcandose-de-varufakis-y-el-ala-mas-radical-de-syriza-696x392.jpg 696w, https:\/\/litci.org\/pt\/wp-content\/uploads\/2020\/07\/podemos-apoya-a-tsipras-desmarcandose-de-varufakis-y-el-ala-mas-radical-de-syriza-1068x601.jpg 1068w\" sizes=\"auto, (max-width: 1600px) 100vw, 1600px\" \/><\/a><\/p>\n<hr \/>\n<p style=\"text-align: justify;\"><strong>Os partidos e organiza\u00e7\u00f5es reformistas -a social democracia, o stalinismo, PT, Podemos, Syriza, etc.- tendem a cumprir um papel central na crise atual. Com a crise dos governos e regimes, a burguesia deve buscar utilizar esses partidos ainda mais do que no passado para conter o movimento de massas, frear ou evitar novos processos revolucion\u00e1rios.<\/strong><\/p>\n<p style=\"text-align: justify;\">Esses partidos n\u00e3o s\u00e3o \u201caliados mais \u00e0 direita\u201d dos revolucion\u00e1rios. S\u00e3o inimigos dos processos revolucion\u00e1rios por serem bra\u00e7os da burguesia no movimento de massas.<\/p>\n<p style=\"text-align: justify;\">Podem, com a autoridade de serem dirigentes pol\u00edticos de oposi\u00e7\u00e3o, dirigentes sindicais e de movimentos feministas, negros ou de imigrantes, encaminhar as lutas para acordos com os governos burgueses. Ou ainda, desde os governos, ajudarem a implementar os planos da burguesia e a reprimir as lutas.<\/p>\n<p style=\"text-align: justify;\">Nesse momento de brutal crise do capitalismo, as dire\u00e7\u00f5es reformistas se esfor\u00e7am para apresentar em todos os lados alternativas de \u201chumaniza\u00e7\u00e3o do capitalismo\u201d. Bernie Sanders, que foi apoiado por grande parte da esquerda reformista mundial, se engaja abertamente na alternativa burguesa imperialista eleitoral de Biden.<\/p>\n<p style=\"text-align: justify;\">Os neorreformistas como Syriza &#8211; assim como Podemos, Bloco de Esquerda, etc.- j\u00e1 mostraram seu papel diretamente nos governos burgueses. Apoiam ou fazem parte dos governos da social democracia para defender o estado burgu\u00eas em nome da \u2018democracia radical\u2019 nos momentos de crise ou convuls\u00e3o social. A Frente Ampla do Chile e o PSOL do Brasil seguem seus passos.<\/p>\n<p style=\"text-align: justify;\">A estrat\u00e9gia desses partidos n\u00e3o passa de uma vers\u00e3o moderna do reformismo de Bernstein. Agora o horizonte passou a ser o capitalismo humanizado, uma utopia imposs\u00edvel, como a pandemia mostra a cada dia.<\/p>\n<p style=\"text-align: justify;\">Os distintos setores da Igreja cumprem pap\u00e9is muito diferentes de pa\u00eds a pa\u00eds. Desde o apoio aos governos mais \u00e0 direita ao papel de auxiliares do reformismo. Conseguem ter uma base ideol\u00f3gica e uma vis\u00e3o de mundo que permite incorporar setores importantes da juventude, em geral apostando em uma estrat\u00e9gia de reformas do capitalismo.<\/p>\n<p style=\"text-align: justify;\">A crise de dire\u00e7\u00e3o revolucion\u00e1ria, pela hegemonia das dire\u00e7\u00f5es reformistas sobre o movimento de massas segue sendo a causa das derrotas dos processos revolucion\u00e1rios. Agora, com essa nova situa\u00e7\u00e3o criada com a pandemia e a crise econ\u00f4mica, podem surgir novos processos revolucion\u00e1rios, o que torna ainda mais importante lutar contra as dire\u00e7\u00f5es reformistas.<\/p>\n<h2 style=\"text-align: justify;\"><span style=\"color: #800000;\"><strong>\u00a0<\/strong><strong>13- As ditaduras burguesas apoiadas pelo castro chavismo<\/strong><\/span><\/h2>\n<p><a href=\"https:\/\/litci.org\/pt\/wp-content\/uploads\/2020\/07\/promodiaria-1-scaled-1.jpg\"><img loading=\"lazy\" decoding=\"async\" class=\"alignnone size-full wp-image-60983\" src=\"https:\/\/litci.org\/pt\/wp-content\/uploads\/2020\/07\/promodiaria-1-scaled-1.jpg\" alt=\"\" width=\"2560\" height=\"1440\" srcset=\"https:\/\/litci.org\/pt\/wp-content\/uploads\/2020\/07\/promodiaria-1-scaled-1.jpg 2560w, https:\/\/litci.org\/pt\/wp-content\/uploads\/2020\/07\/promodiaria-1-scaled-1-300x169.jpg 300w, https:\/\/litci.org\/pt\/wp-content\/uploads\/2020\/07\/promodiaria-1-scaled-1-1024x576.jpg 1024w, https:\/\/litci.org\/pt\/wp-content\/uploads\/2020\/07\/promodiaria-1-scaled-1-768x432.jpg 768w, https:\/\/litci.org\/pt\/wp-content\/uploads\/2020\/07\/promodiaria-1-scaled-1-1536x864.jpg 1536w, https:\/\/litci.org\/pt\/wp-content\/uploads\/2020\/07\/promodiaria-1-scaled-1-2048x1152.jpg 2048w, https:\/\/litci.org\/pt\/wp-content\/uploads\/2020\/07\/promodiaria-1-scaled-1-150x84.jpg 150w, https:\/\/litci.org\/pt\/wp-content\/uploads\/2020\/07\/promodiaria-1-scaled-1-696x392.jpg 696w, https:\/\/litci.org\/pt\/wp-content\/uploads\/2020\/07\/promodiaria-1-scaled-1-1068x601.jpg 1068w, https:\/\/litci.org\/pt\/wp-content\/uploads\/2020\/07\/promodiaria-1-scaled-1-1920x1080.jpg 1920w\" sizes=\"auto, (max-width: 2560px) 100vw, 2560px\" \/><\/a><\/p>\n<hr \/>\n<p style=\"text-align: justify;\"><strong>O reformismo stalinista e o nacionalismo pequeno burgu\u00eas evolu\u00edram para a gesta\u00e7\u00e3o de novas burguesias ao controlarem aparatos de estados. Foi assim na Nicar\u00e1gua com a fam\u00edlia Ortega, como o chavismo na Venezuela e com Assad na S\u00edria.<\/strong><\/p>\n<p style=\"text-align: justify;\">Na China e em Cuba, houve processos diferentes, porque viveram revolu\u00e7\u00f5es socialistas no passado. No entanto, as burocracias stalinistas comandaram a restaura\u00e7\u00e3o do capitalismo, sendo base da gesta\u00e7\u00e3o de novas burguesias, tamb\u00e9m a partir do aparato de estado.<\/p>\n<p style=\"text-align: justify;\">Em todos esses pa\u00edses, existem ditaduras burguesas, corruptas e repressivas. O apoio dado a elas pelos partidos reformistas castro-chavistas em todo o mundo s\u00f3 indica o grau de degenera\u00e7\u00e3o desses partidos. Apoiar o genoc\u00eddio do povo s\u00edrio pela repress\u00e3o de Assad \u00e9 assumir parte da responsabilidade desse crime contra a humanidade. Apoiar a ditadura de Maduro na Venezuela- que vive uma depress\u00e3o econ\u00f4mica e uma crise humanit\u00e1ria por culpa do chavismo h\u00e1 vinte anos no poder- \u00e9 manchar as bandeiras socialistas. Apoiar a ditadura chinesa \u00e9 defender diretamente o modelo capitalista de superexplora\u00e7\u00e3o dos trabalhadores para o mundo.<\/p>\n<p style=\"text-align: justify;\">Agora essas ditaduras v\u00e3o enfrentar o desafio da pandemia e da recess\u00e3o econ\u00f4mica. Inevitavelmente a insatisfa\u00e7\u00e3o nas bases vai crescer enormemente.<\/p>\n<p style=\"text-align: justify;\">Podem se gerar novas explos\u00f5es como j\u00e1 ocorreram com a revolu\u00e7\u00e3o s\u00edria de 2011 derrotada pela ditadura, e o ascenso de 2018 contra Ortega, tamb\u00e9m derrotado pela repress\u00e3o do governo.<\/p>\n<p style=\"text-align: justify;\">\u00c9 preciso combater a ideologia que na Venezuela, em Cuba e na China existe socialismo, como falam tanto os defensores da grande burguesia como os apoiadores do stalinismo. Da mesma forma que como no passado fomos obrigados a nos delimitar de forma categ\u00f3rica das ditaduras stalinistas como \u201cexemplos de socialismo\u201d, hoje temos obriga\u00e7\u00e3o de denunciar que se tratam de ditaduras burguesas e corruptas. N\u00e3o existe nenhum pingo de socialismo nesses pa\u00edses. N\u00e3o existe nada de anti-imperialismo nesses governos.<\/p>\n<h2 style=\"text-align: justify;\"><span style=\"color: #800000;\"><strong>14- Os neo anarquistas reformistas<\/strong><\/span><\/h2>\n<p><a href=\"https:\/\/litci.org\/pt\/wp-content\/uploads\/2020\/07\/0_JDES4KjuK0p98fXc.jpeg\"><img loading=\"lazy\" decoding=\"async\" class=\"alignnone size-full wp-image-60984\" src=\"https:\/\/litci.org\/pt\/wp-content\/uploads\/2020\/07\/0_JDES4KjuK0p98fXc.jpeg\" alt=\"\" width=\"616\" height=\"410\" srcset=\"https:\/\/litci.org\/pt\/wp-content\/uploads\/2020\/07\/0_JDES4KjuK0p98fXc.jpeg 616w, https:\/\/litci.org\/pt\/wp-content\/uploads\/2020\/07\/0_JDES4KjuK0p98fXc-300x200.jpeg 300w, https:\/\/litci.org\/pt\/wp-content\/uploads\/2020\/07\/0_JDES4KjuK0p98fXc-150x100.jpeg 150w\" sizes=\"auto, (max-width: 616px) 100vw, 616px\" \/><\/a><\/p>\n<hr \/>\n<p style=\"text-align: justify;\"><strong>Os grupos e movimentos neo anarquistas e autonomistas conseguiram ganhar prest\u00edgio em setores de vanguarda das lutas, capitalizando o desgaste das organiza\u00e7\u00f5es reformistas e das burocracias sindicais. Existem m\u00faltiplos grupos, desde o zapatismo, os que tem refer\u00eancias em John Holloway, Toni Negri, Chantal Mouffe e muitos outros. Eles t\u00eam muitas diferen\u00e7as entre si, mas compartilham ideologias opostas ao marxismo.<\/strong><\/p>\n<p style=\"text-align: justify;\">Esses grupos n\u00e3o apostam na organiza\u00e7\u00e3o dos trabalhadores. N\u00e3o defendem o proletariado como sujeito social da revolu\u00e7\u00e3o.\u00a0 N\u00e3o prop\u00f5em a destrui\u00e7\u00e3o do estado burgu\u00eas, ao contr\u00e1rio dos anarquistas cl\u00e1ssicos. N\u00e3o defendem, portanto, a revolu\u00e7\u00e3o socialista. Limitam-se a uma pr\u00e1tica reformista de organiza\u00e7\u00e3o de associa\u00e7\u00f5es locais ou cooperativas. Al\u00e9m disso, s\u00e3o diretamente inimigos da necessidade de constru\u00e7\u00e3o de partidos revolucion\u00e1rios.<\/p>\n<p style=\"text-align: justify;\">Hoje s\u00e3o uma faceta a mais do reformismo, com uma apar\u00eancia de esquerda libert\u00e1ria. S\u00e3o aliados estrat\u00e9gicos do reformismo nos processos revolucion\u00e1rios, apesar de parecerem\u00a0seus\u00a0inimigos nos primeiros passos desses processos. Por isso, muitas vezes, terminam sendo bases de apoio eleitorais de alternativas reformistas.<\/p>\n<p style=\"text-align: justify;\">N\u00e3o basta lutar contra as dire\u00e7\u00f5es reformistas, \u00e9 preciso tamb\u00e9m enfrentar essas correntes.\u00a0 Na medida em que eles consigam dirigir processos de luta, s\u00e3o garantias de novas derrotas.<\/p>\n<h2 style=\"text-align: justify;\"><span style=\"color: #800000;\"><strong>15- Em defesa do controle oper\u00e1rio<\/strong><\/span><\/h2>\n<p><a href=\"https:\/\/litci.org\/pt\/wp-content\/uploads\/2020\/07\/trabalho_na_insutria_1.jpg\"><img loading=\"lazy\" decoding=\"async\" class=\"alignnone wp-image-60986 size-full\" src=\"https:\/\/litci.org\/pt\/wp-content\/uploads\/2020\/07\/trabalho_na_insutria_1.jpg\" alt=\"\" width=\"1170\" height=\"700\" srcset=\"https:\/\/litci.org\/pt\/wp-content\/uploads\/2020\/07\/trabalho_na_insutria_1.jpg 1170w, https:\/\/litci.org\/pt\/wp-content\/uploads\/2020\/07\/trabalho_na_insutria_1-300x179.jpg 300w, https:\/\/litci.org\/pt\/wp-content\/uploads\/2020\/07\/trabalho_na_insutria_1-1024x613.jpg 1024w, https:\/\/litci.org\/pt\/wp-content\/uploads\/2020\/07\/trabalho_na_insutria_1-768x459.jpg 768w, https:\/\/litci.org\/pt\/wp-content\/uploads\/2020\/07\/trabalho_na_insutria_1-150x90.jpg 150w, https:\/\/litci.org\/pt\/wp-content\/uploads\/2020\/07\/trabalho_na_insutria_1-696x416.jpg 696w, https:\/\/litci.org\/pt\/wp-content\/uploads\/2020\/07\/trabalho_na_insutria_1-1068x639.jpg 1068w\" sizes=\"auto, (max-width: 1170px) 100vw, 1170px\" \/><\/a><\/p>\n<hr \/>\n<p style=\"text-align: justify;\"><strong>S\u00e3o os trabalhadores que constroem o pa\u00eds e sabem como garantir a produ\u00e7\u00e3o. Em um momento de crise aguda do capitalismo como a atual, a defesa do controle oper\u00e1rio \u00e9 ainda mais importante.<\/strong><\/p>\n<p style=\"text-align: justify;\">S\u00f3 impondo a vontade dos trabalhadores desde a base se pode impedir a destrui\u00e7\u00e3o massiva das for\u00e7as produtivas que est\u00e1 sendo causada pela crise capitalista.<\/p>\n<p style=\"text-align: justify;\">Perante as mentiras dos governos sobre os n\u00fameros da pandemia, s\u00e3o os trabalhadores desde as bases que devem assumir o controle da situa\u00e7\u00e3o. Os trabalhadores da sa\u00fade podem cumprir um papel que os governos n\u00e3o assumem. Os moradores dos bairros populares devem informar a realidade e controlar os meios de combate a pandemia.<\/p>\n<p style=\"text-align: justify;\">S\u00e3o os trabalhadores que devem conhecer a contabilidade de cada f\u00e1brica. S\u00e3o eles que devem assumir o controle das empresas que amea\u00e7am demitir os trabalhadores.<\/p>\n<h2 style=\"text-align: justify;\"><span style=\"color: #800000;\"><strong>16- Abaixo a repress\u00e3o! Pelos comit\u00eas de autodefesa!<\/strong><\/span><\/h2>\n<p><a href=\"https:\/\/litci.org\/pt\/wp-content\/uploads\/2020\/07\/4-dic-primera-l\u00ednea-colombia-scaled-1.jpg\"><img loading=\"lazy\" decoding=\"async\" class=\"alignnone size-full wp-image-60987\" src=\"https:\/\/litci.org\/pt\/wp-content\/uploads\/2020\/07\/4-dic-primera-l\u00ednea-colombia-scaled-1.jpg\" alt=\"\" width=\"1200\" height=\"800\" \/><\/a><\/p>\n<hr \/>\n<p style=\"text-align: justify;\"><strong>A viol\u00eancia policial est\u00e1 presente em todo o mundo.\u00a0 O rep\u00fadio generalizado das massas norte americanas contra o assassinato de George Floyd trouxe \u00e0 luz o \u00f3dio acumulado contra a a\u00e7\u00e3o das pol\u00edcias em todo o mundo.<\/strong><\/p>\n<p style=\"text-align: justify;\">Os governos recorrem a repress\u00e3o para abafar o descontentamento generalizado. O \u00f3dio contra a repress\u00e3o se transforma em um forte alimento para novas lutas.<\/p>\n<p style=\"text-align: justify;\">N\u00e3o existem maneiras de reformar a pol\u00edcia, mudando seu car\u00e1ter. Os aparatos repressivos s\u00e3o partes centrais do estado burgu\u00eas.<\/p>\n<p style=\"text-align: justify;\">Mas \u00e9 necess\u00e1rio ter uma pol\u00edtica destinada a quebrar a hierarquia das FFAA e da pol\u00edcia, chamando-as a n\u00e3o reprimir as lutas, exigindo a elei\u00e7\u00e3o de seus comandantes pelas comunidades.<\/p>\n<p style=\"text-align: justify;\">Ao mesmo tempo, \u00e9 fundamental utilizar todas as oportunidades para desenvolver a autodefesa dos trabalhadores. Isso deve ocorrer a partir da defesa das mobiliza\u00e7\u00f5es, assim como na defesa dos bairros dos trabalhadores contra as invas\u00f5es da pol\u00edcia.\u00a0 A autodefesa nos bairros \u00e9 tamb\u00e9m a \u00fanica maneira real de se proteger contra a amea\u00e7a dos bandos ligados ao narcotr\u00e1fico.<\/p>\n<h2 style=\"text-align: justify;\"><span style=\"color: #800000;\"><strong>17- Os sindicatos e a auto organiza\u00e7\u00e3o<\/strong><\/span><\/h2>\n<p><a href=\"https:\/\/litci.org\/pt\/wp-content\/uploads\/2020\/07\/foto-manchete-1.jpg\"><img loading=\"lazy\" decoding=\"async\" class=\"alignnone size-full wp-image-60988\" src=\"https:\/\/litci.org\/pt\/wp-content\/uploads\/2020\/07\/foto-manchete-1.jpg\" alt=\"\" width=\"630\" height=\"420\" srcset=\"https:\/\/litci.org\/pt\/wp-content\/uploads\/2020\/07\/foto-manchete-1.jpg 630w, https:\/\/litci.org\/pt\/wp-content\/uploads\/2020\/07\/foto-manchete-1-300x200.jpg 300w, https:\/\/litci.org\/pt\/wp-content\/uploads\/2020\/07\/foto-manchete-1-150x100.jpg 150w\" sizes=\"auto, (max-width: 630px) 100vw, 630px\" \/><\/a><\/p>\n<hr \/>\n<p style=\"text-align: justify;\"><strong>Trotsky dizia que nessa \u00e9poca imperialistas os sindicatos s\u00e3o cada vez mais atrelados ao estado burgu\u00eas. Em uma situa\u00e7\u00e3o como a que estamos vivendo na pandemia e recess\u00e3o, as press\u00f5es nesse sentido se redobram. As burocracias sindicais s\u00e3o o instrumento para essa esteriliza\u00e7\u00e3o dos organismos que deveriam estar \u00e0 frente das lutas m\u00ednimas dos trabalhadores.<\/strong><\/p>\n<p style=\"text-align: justify;\">Por esse motivo, em muitos pa\u00edses, os sindicatos s\u00e3o vistos pelos trabalhadores como parte do regime burgu\u00eas, parte dos \u201cdo que est\u00e1 a\u00ed\u201d, que n\u00e3o inspiram nenhuma confian\u00e7a nas bases. Por outro lado, muitas vezes os processos de reorganiza\u00e7\u00e3o ainda n\u00e3o geraram novos organismos. A resultante \u00e9 uma desorganiza\u00e7\u00e3o dos trabalhadores, que limita o potencial das lutas.<\/p>\n<p style=\"text-align: justify;\">\u00c9 fundamental o chamado a frente \u00fanica das organiza\u00e7\u00f5es oper\u00e1rias para que assumam a luta perante a grave crise econ\u00f4mica e as consequ\u00eancias da pandemia. Isso \u00e9 importante para possibilitar uma luta unificada contra essa cat\u00e1strofe que nos atinge. Importante tamb\u00e9m para desmascarar as burocracias que n\u00e3o assumam essa luta.<\/p>\n<p style=\"text-align: justify;\">Esse chamado a unidade \u00e9 para avan\u00e7ar nas lutas diretas dos trabalhadores, mantendo toda nossa diferencia\u00e7\u00e3o pol\u00edtica com as dire\u00e7\u00f5es reformistas e burguesas. Isso n\u00e3o tem nada a ver com\u00a0 \u00a0frentes pol\u00edticas ou unidade permanente com essas dire\u00e7\u00f5es.\u00a0 As lutas s\u00f3 poder\u00e3o avan\u00e7ar se os trabalhadores superarem essas dire\u00e7\u00f5es.<\/p>\n<p style=\"text-align: justify;\">Muitas vezes essa batalha est\u00e1 estreitamente ligada a uma luta por uma nova dire\u00e7\u00e3o e pela democracia oper\u00e1ria. Sem democracia oper\u00e1ria n\u00e3o existe possibilidade de garantir o peso das bases. Sem novas dire\u00e7\u00f5es, muitas vezes n\u00e3o \u00e9 poss\u00edvel garantir nem a democracia oper\u00e1ria, nem as lutas.<\/p>\n<p style=\"text-align: justify;\">Em outros lugares, \u00e9 necess\u00e1rio um processo de auto organiza\u00e7\u00e3o para a constru\u00e7\u00e3o de novos organismos, seja nos bairros dos trabalhadores, seja nas empresas.<\/p>\n<h2 style=\"text-align: justify;\"><span style=\"color: #800000;\"><strong>18- Em defesa das liberdades democr\u00e1ticas<\/strong><\/span><\/h2>\n<p><a href=\"https:\/\/litci.org\/pt\/wp-content\/uploads\/2020\/07\/militares_represion.jpg\"><img loading=\"lazy\" decoding=\"async\" class=\"alignnone size-full wp-image-60985\" src=\"https:\/\/litci.org\/pt\/wp-content\/uploads\/2020\/07\/militares_represion.jpg\" alt=\"\" width=\"1280\" height=\"850\" srcset=\"https:\/\/litci.org\/pt\/wp-content\/uploads\/2020\/07\/militares_represion.jpg 1280w, https:\/\/litci.org\/pt\/wp-content\/uploads\/2020\/07\/militares_represion-300x199.jpg 300w, https:\/\/litci.org\/pt\/wp-content\/uploads\/2020\/07\/militares_represion-1024x680.jpg 1024w, https:\/\/litci.org\/pt\/wp-content\/uploads\/2020\/07\/militares_represion-768x510.jpg 768w, https:\/\/litci.org\/pt\/wp-content\/uploads\/2020\/07\/militares_represion-150x100.jpg 150w, https:\/\/litci.org\/pt\/wp-content\/uploads\/2020\/07\/militares_represion-696x462.jpg 696w, https:\/\/litci.org\/pt\/wp-content\/uploads\/2020\/07\/militares_represion-1068x709.jpg 1068w\" sizes=\"auto, (max-width: 1280px) 100vw, 1280px\" \/><\/a><\/p>\n<hr \/>\n<p style=\"text-align: justify;\"><strong>Os estados burgueses- tanto os organizados como regimes democr\u00e1ticos como os regimes bonapartistas- imp\u00f5em cada vez mais repress\u00e3o contra as lutas dos trabalhadores.<\/strong><\/p>\n<p style=\"text-align: justify;\">A repress\u00e3o direta das mobiliza\u00e7\u00f5es, a ocupa\u00e7\u00e3o militar dos bairros populares, o assassinato das lideran\u00e7as populares, a criminaliza\u00e7\u00e3o dos movimentos, a censura sobre a imprensa, a vigil\u00e2ncia e o controle sobre cada passo da popula\u00e7\u00e3o est\u00e3o em alta para os governos burgueses.<\/p>\n<p style=\"text-align: justify;\">Os presos pol\u00edticos mantidos nas pris\u00f5es mesmo durante a pandemia, como \u00e9 o caso do Chile e os palestinos, s\u00e3o a express\u00e3o consciente do genoc\u00eddio desses governos.<\/p>\n<p style=\"text-align: justify;\">Muitas vezes os governos legitimam essas medidas como se fossem \u201cpara garantir a quarentena\u201d e t\u00eam por isso o apoio inclusive de setores de esquerda. S\u00e3o os estados de exce\u00e7\u00e3o, estados de emerg\u00eancia, toque de recolher, etc. Na verdade, est\u00e3o se prevenindo contra as convuls\u00f5es sociais que est\u00e3o se incubando desde as bases.<\/p>\n<p style=\"text-align: justify;\">\u00c9 preciso defender as liberdades democr\u00e1ticas para que os trabalhadores e a juventude possam se organizar e lutar.<\/p>\n<h2 style=\"text-align: justify;\"><span style=\"color: #800000;\"><strong>19- Combater a ultradireita<\/strong><\/span><\/h2>\n<p><a href=\"https:\/\/litci.org\/pt\/wp-content\/uploads\/2020\/07\/1_UF2sQeuGwTTWADeq-f5jXg.jpeg\"><img loading=\"lazy\" decoding=\"async\" class=\"alignnone size-full wp-image-60989\" src=\"https:\/\/litci.org\/pt\/wp-content\/uploads\/2020\/07\/1_UF2sQeuGwTTWADeq-f5jXg.jpeg\" alt=\"\" width=\"1440\" height=\"907\" srcset=\"https:\/\/litci.org\/pt\/wp-content\/uploads\/2020\/07\/1_UF2sQeuGwTTWADeq-f5jXg.jpeg 1440w, https:\/\/litci.org\/pt\/wp-content\/uploads\/2020\/07\/1_UF2sQeuGwTTWADeq-f5jXg-300x189.jpeg 300w, https:\/\/litci.org\/pt\/wp-content\/uploads\/2020\/07\/1_UF2sQeuGwTTWADeq-f5jXg-1024x645.jpeg 1024w, https:\/\/litci.org\/pt\/wp-content\/uploads\/2020\/07\/1_UF2sQeuGwTTWADeq-f5jXg-768x484.jpeg 768w, https:\/\/litci.org\/pt\/wp-content\/uploads\/2020\/07\/1_UF2sQeuGwTTWADeq-f5jXg-150x94.jpeg 150w, https:\/\/litci.org\/pt\/wp-content\/uploads\/2020\/07\/1_UF2sQeuGwTTWADeq-f5jXg-696x438.jpeg 696w, https:\/\/litci.org\/pt\/wp-content\/uploads\/2020\/07\/1_UF2sQeuGwTTWADeq-f5jXg-1068x673.jpeg 1068w\" sizes=\"auto, (max-width: 1440px) 100vw, 1440px\" \/><\/a><\/p>\n<hr \/>\n<p style=\"text-align: justify;\"><strong>A polariza\u00e7\u00e3o da luta de classes leva uma tend\u00eancia crescente ao surgimento de setores de ultradireita. Isso tem suas express\u00f5es eleitorais mas tamb\u00e9m no surgimento de grupos diretamente fascistas nas bases.<\/strong><\/p>\n<p style=\"text-align: justify;\">\u00c9 muito importante diferenciar a ultradireita institucional dos grupos fascistas. As organiza\u00e7\u00f5es reformistas, para justificar sua alian\u00e7a com as organiza\u00e7\u00f5es burguesas \u201cdemocr\u00e1ticas\u201d, chamam a toda a ultradireita de \u201cfascistas\u201d. Mas fascistas s\u00e3o setores que se preparam e atuam com perspectivas inclusive militares de destruir o movimento oper\u00e1rio e suas organiza\u00e7\u00f5es.<\/p>\n<p style=\"text-align: justify;\">A ultradireita institucional atua atrav\u00e9s da democracia burguesa, e inclusive cresce atrav\u00e9s das elei\u00e7\u00f5es, como Trump, Bolsonaro, Le Pen, Vox e outros. Se apoiam conscientemente na divis\u00e3o e opress\u00e3o como metodologia para dividir a classe oper\u00e1ria. E muitas vezes conseguem dividir, como no apoio no proletariado branco contra os negros, dos trabalhadores brancos contra os imigrantes ou ind\u00edgenas, dos homens contra as mulheres, etc.<\/p>\n<p style=\"text-align: justify;\">Existem setores minorit\u00e1rios diretamente fascistas surgindo \u00e0 sombra desses processos. S\u00e3o ultra minorit\u00e1rios, porque a burguesia n\u00e3o sente necessidade deles. Mas existe uma tend\u00eancia de que cres\u00e7am \u00e0 sombra da crise da democracia burguesa, protegidos pela ultradireita institucional.<\/p>\n<p style=\"text-align: justify;\">\u00c9 preciso travar uma batalha pol\u00edtica e ideol\u00f3gica dura contra a divis\u00e3o racista, machista, LGBTf\u00f3bica e xenof\u00f3bica que as ideias da ultradireita incitam dentro da classe trabalhadora. Al\u00e9m do combate pol\u00edtico e ideol\u00f3gico \u00e9 necess\u00e1rio tamb\u00e9m organizar comit\u00eas de autodefesa para o combate militar, quando for necess\u00e1rio.<\/p>\n<h2 style=\"text-align: justify;\"><span style=\"color: #800000;\"><strong>\u00a0<\/strong><strong>20- A juventude sem perspectivas<\/strong><\/span><\/h2>\n<p>&nbsp;<br \/>\n<div id=\"attachment_60993\" style=\"width: 2570px\" class=\"wp-caption alignnone\"><a href=\"https:\/\/litci.org\/pt\/wp-content\/uploads\/2020\/07\/JUVENTUD-ARGENTINA-scaled.jpg\"><img loading=\"lazy\" decoding=\"async\" aria-describedby=\"caption-attachment-60993\" class=\"size-full wp-image-60993\" src=\"https:\/\/litci.org\/pt\/wp-content\/uploads\/2020\/07\/JUVENTUD-ARGENTINA-scaled.jpg\" alt=\"\" width=\"2560\" height=\"1709\" \/><\/a><p id=\"caption-attachment-60993\" class=\"wp-caption-text\">Foto : Richard Ulloa \/ La Tercera.<\/p><\/div><\/p>\n<hr \/>\n<p style=\"text-align: justify;\"><strong>Em todo o mundo, a juventude tem sido fortemente afetada pelos planos neoliberais capitalistas. Os baixos sal\u00e1rios e a precariza\u00e7\u00e3o das rela\u00e7\u00f5es trabalhistas tornaram a maior parte dos jovens em pessoas sem futuro. O sucateamento da educa\u00e7\u00e3o e sa\u00fade p\u00fablicas reduzem mais ainda as perspectivas de vida da juventude.<\/strong><\/p>\n<p style=\"text-align: justify;\">A pandemia e as medidas de confinamento trouxeram o fechamento de escolas e universidades em todo o mundo, levando a amplia\u00e7\u00e3o da educa\u00e7\u00e3o por internet. Mas isso aumentou a dist\u00e2ncia\u00a0 educativa entre quem tem acesso \u00e0 internet e computadores e quem n\u00e3o tem, que s\u00e3o a maioria dos jovens pobres do mundo.<\/p>\n<p style=\"text-align: justify;\">Agora, o desemprego vai pesar muito mais entre os jovens. Isso pode levar a novas explos\u00f5es populares, com essa juventude radicalizada a sua frente.<\/p>\n<p style=\"text-align: justify;\">N\u00e3o por acaso, a juventude dos setores populares est\u00e1 na vanguarda das lutas nos processos revolucion\u00e1rios que acontecem em v\u00e1rias partes do mundo. A sensa\u00e7\u00e3o de que n\u00e3o tem nada a perder move os jovens para as lutas diretas e o enfrentamento com a pol\u00edcia.<\/p>\n<p style=\"text-align: justify;\">A Primeira Linha no Chile- os combatentes que defendem as mobiliza\u00e7\u00f5es contra a pol\u00edcia- s\u00e3o s\u00edmbolos de um processo mundial. A juventude dos bairros populares foi vanguarda tamb\u00e9m nos processos revolucion\u00e1rios do Equador, Col\u00f4mbia, Iraque, L\u00edbano, Hong Kong, assim como agora nos EUA.<\/p>\n<p style=\"text-align: justify;\">Educa\u00e7\u00e3o p\u00fablica e gratuita em todos os n\u00edveis! Pela revoga\u00e7\u00e3o dos planos neoliberais que sucatearam a educa\u00e7\u00e3o p\u00fablica! Pelo aumento nos or\u00e7amentos da educa\u00e7\u00e3o p\u00fablica! Garantia de condi\u00e7\u00f5es acesso gratuito a educa\u00e7\u00e3o on-line durante a pandemia.<\/p>\n<p style=\"text-align: justify;\">Emprego garantido para a juventude! Sal\u00e1rios iguais para jovens e adultos! Contrata\u00e7\u00e3o imediata formal de todos jovens precarizados.<\/p>\n<h2 style=\"text-align: justify;\"><span style=\"color: #800000;\"><strong>\u00a0<\/strong><strong>21- Acesso p\u00fablico e gratuito \u00e0 internet<\/strong><\/span><\/h2>\n<p><a href=\"https:\/\/litci.org\/pt\/wp-content\/uploads\/2020\/07\/92125387_2389548508003292_2421451412719271936_o-1.jpg\"><img loading=\"lazy\" decoding=\"async\" class=\"alignnone size-full wp-image-60991\" src=\"https:\/\/litci.org\/pt\/wp-content\/uploads\/2020\/07\/92125387_2389548508003292_2421451412719271936_o-1.jpg\" alt=\"\" width=\"960\" height=\"757\" srcset=\"https:\/\/litci.org\/pt\/wp-content\/uploads\/2020\/07\/92125387_2389548508003292_2421451412719271936_o-1.jpg 960w, https:\/\/litci.org\/pt\/wp-content\/uploads\/2020\/07\/92125387_2389548508003292_2421451412719271936_o-1-300x237.jpg 300w, https:\/\/litci.org\/pt\/wp-content\/uploads\/2020\/07\/92125387_2389548508003292_2421451412719271936_o-1-768x606.jpg 768w, https:\/\/litci.org\/pt\/wp-content\/uploads\/2020\/07\/92125387_2389548508003292_2421451412719271936_o-1-150x118.jpg 150w, https:\/\/litci.org\/pt\/wp-content\/uploads\/2020\/07\/92125387_2389548508003292_2421451412719271936_o-1-696x549.jpg 696w\" sizes=\"auto, (max-width: 960px) 100vw, 960px\" \/><\/a><\/p>\n<hr \/>\n<p style=\"text-align: justify;\"><strong>A comunica\u00e7\u00e3o moderna tem na internet e nas redes sociais um desenvolvimento important\u00edssimo. No isolamento causado pela pandemia, isso se tornou ainda mais onipresente.<\/strong><\/p>\n<p style=\"text-align: justify;\">No entanto, longe de significar uma democratiza\u00e7\u00e3o da comunica\u00e7\u00e3o, continua sendo um privil\u00e9gio o acesso \u00e0 computadores e \u00e0s redes sociais. As empresas usam as redes sociais para propaganda, os grupos de ultra direita para disseminar mentiras e ideologias xen\u00f3fobas.<\/p>\n<p style=\"text-align: justify;\">\u00c9 preciso socializar o acesso a internet, com computadores e telefones port\u00e1teis simples e gratuitos e redes wifi p\u00fablicas generalizadas.<\/p>\n<h2 style=\"text-align: justify;\"><span style=\"color: #800000;\"><strong>22- Socialismo ou barb\u00e1rie<\/strong><\/span><\/h2>\n<p><a href=\"https:\/\/litci.org\/pt\/wp-content\/uploads\/2020\/07\/Esclavitud-scaled-1.jpg\"><img loading=\"lazy\" decoding=\"async\" class=\"alignnone size-full wp-image-60992\" src=\"https:\/\/litci.org\/pt\/wp-content\/uploads\/2020\/07\/Esclavitud-scaled-1.jpg\" alt=\"\" width=\"2560\" height=\"1446\" srcset=\"https:\/\/litci.org\/pt\/wp-content\/uploads\/2020\/07\/Esclavitud-scaled-1.jpg 2560w, https:\/\/litci.org\/pt\/wp-content\/uploads\/2020\/07\/Esclavitud-scaled-1-300x169.jpg 300w, https:\/\/litci.org\/pt\/wp-content\/uploads\/2020\/07\/Esclavitud-scaled-1-1024x578.jpg 1024w, https:\/\/litci.org\/pt\/wp-content\/uploads\/2020\/07\/Esclavitud-scaled-1-768x434.jpg 768w, https:\/\/litci.org\/pt\/wp-content\/uploads\/2020\/07\/Esclavitud-scaled-1-1536x868.jpg 1536w, https:\/\/litci.org\/pt\/wp-content\/uploads\/2020\/07\/Esclavitud-scaled-1-2048x1157.jpg 2048w, https:\/\/litci.org\/pt\/wp-content\/uploads\/2020\/07\/Esclavitud-scaled-1-150x85.jpg 150w, https:\/\/litci.org\/pt\/wp-content\/uploads\/2020\/07\/Esclavitud-scaled-1-696x393.jpg 696w, https:\/\/litci.org\/pt\/wp-content\/uploads\/2020\/07\/Esclavitud-scaled-1-1068x603.jpg 1068w, https:\/\/litci.org\/pt\/wp-content\/uploads\/2020\/07\/Esclavitud-scaled-1-1920x1085.jpg 1920w\" sizes=\"auto, (max-width: 2560px) 100vw, 2560px\" \/><\/a><\/p>\n<hr \/>\n<p style=\"text-align: justify;\"><strong>O estado \u00e9 na verdade uma ditadura das classes dominantes para impor seu controle sobre a sociedade. Seja atrav\u00e9s de democracias burguesas, seja atrav\u00e9s de regimes bonapartistas, a pol\u00edtica que \u00e9 aplicada \u00e9 a das burguesias. Uma \u00ednfima minoria imp\u00f5e sua vontade a milh\u00f5es de pessoas, atrav\u00e9s dos governos, dos parlamentos e das for\u00e7as armadas.<\/strong><\/p>\n<p style=\"text-align: justify;\">Nas democracias burguesas, as elei\u00e7\u00f5es s\u00e3o manipuladas pelas grandes empresas que financiam os maiores partidos e sempre vencem, atrav\u00e9s de partidos de direita ou de \u201cesquerda\u201d reformista. Os planos econ\u00f4micos aplicados s\u00e3o muitas vezes os mesmos ganhe a \u201csitua\u00e7\u00e3o\u201d ou a \u201coposi\u00e7\u00e3o\u201d.<\/p>\n<p style=\"text-align: justify;\">A democracia dos ricos est\u00e1 em crise. A farsa do \u201cestado de todos\u201d \u00e9 cada vez mais percebida pelos trabalhadores. A corrup\u00e7\u00e3o \u00e9 um mal de todo estado burgu\u00eas.<\/p>\n<p style=\"text-align: justify;\">Queremos destruir o estado burgu\u00eas e construir uma democracia dos trabalhadores. Essa democracia deve se apoiar nos organismos dos trabalhadores, com delegados eleitos e mandatos revog\u00e1veis a qualquer momento. Todos os funcion\u00e1rios devem ter sal\u00e1rios iguais aos de um oper\u00e1rio m\u00e9dio.<\/p>\n<p style=\"text-align: justify;\">N\u00e3o estamos inventando nada. Estamos nos apoiando nos exemplos hist\u00f3ricos da Comuna de Paris e dos sete primeiros anos da revolu\u00e7\u00e3o russa antes da burocratiza\u00e7\u00e3o stalinista. Como dizia Lenin, aquele estado dos trabalhadores era mil vezes mais democr\u00e1tico do que a mais democr\u00e1tica das democracias burguesas.<\/p>\n<p style=\"text-align: justify;\">A combina\u00e7\u00e3o da expropria\u00e7\u00e3o das grandes empresas e a planifica\u00e7\u00e3o da economia permitir\u00e1 uma nova sociedade que poder\u00e1 atender as necessidades dos trabalhadores e n\u00e3o garantir os lucros dos patr\u00f5es.<\/p>\n<p style=\"text-align: justify;\">S\u00f3 avan\u00e7ando em dire\u00e7\u00e3o ao socialismo poderemos evitar a barb\u00e1rie. S\u00f3 assim poderemos evitar o colapso ecol\u00f3gico que se aproxima e recompor a destrui\u00e7\u00e3o da natureza causada pelo capitalismo<\/p>\n<h2 style=\"text-align: justify;\"><span style=\"color: #800000;\"><strong>23- Pela constru\u00e7\u00e3o de partidos revolucion\u00e1rios, se\u00e7\u00f5es da IV Internacional<\/strong><\/span><\/h2>\n<p><a href=\"https:\/\/litci.org\/pt\/wp-content\/uploads\/2020\/07\/306092_308061599299968_586606101_n.jpg\"><img loading=\"lazy\" decoding=\"async\" class=\"alignnone size-full wp-image-60990\" src=\"https:\/\/litci.org\/pt\/wp-content\/uploads\/2020\/07\/306092_308061599299968_586606101_n.jpg\" alt=\"\" width=\"960\" height=\"638\" srcset=\"https:\/\/litci.org\/pt\/wp-content\/uploads\/2020\/07\/306092_308061599299968_586606101_n.jpg 960w, https:\/\/litci.org\/pt\/wp-content\/uploads\/2020\/07\/306092_308061599299968_586606101_n-300x199.jpg 300w, https:\/\/litci.org\/pt\/wp-content\/uploads\/2020\/07\/306092_308061599299968_586606101_n-768x510.jpg 768w, https:\/\/litci.org\/pt\/wp-content\/uploads\/2020\/07\/306092_308061599299968_586606101_n-150x100.jpg 150w, https:\/\/litci.org\/pt\/wp-content\/uploads\/2020\/07\/306092_308061599299968_586606101_n-696x463.jpg 696w\" sizes=\"auto, (max-width: 960px) 100vw, 960px\" \/><\/a><\/p>\n<hr \/>\n<p style=\"text-align: justify;\"><strong>Estamos iniciando um novo momento hist\u00f3rico, marcado pela pandemia, a crise econ\u00f4mica e novos enfrentamentos entre revolu\u00e7\u00e3o e contrarrevolu\u00e7\u00e3o no mundo. Momentos assim levam a grandes sacudidas na consci\u00eancia das massas e da vanguarda. Devemos buscar transformar isso em ruptura com as dire\u00e7\u00f5es burguesas e reformistas.<\/strong><\/p>\n<p style=\"text-align: justify;\">A trag\u00e9dia de quase todas as revolu\u00e7\u00f5es tem sido a aus\u00eancia de dire\u00e7\u00f5es revolucion\u00e1rias. Por mais heroicas que sejam as a\u00e7\u00f5es das massas, elas ser\u00e3o derrotadas, caso n\u00e3o se supere a crise de dire\u00e7\u00e3o revolucion\u00e1ria.<\/p>\n<p style=\"text-align: justify;\">Por esse motivo, n\u00e3o existe tarefa mais importante que a da constru\u00e7\u00e3o de partidos, que unam os revolucion\u00e1rios ao redor de um programa e da concep\u00e7\u00e3o bolchevique de partido. A constru\u00e7\u00e3o desses partidos \u00e9 insepar\u00e1vel da reconstru\u00e7\u00e3o da IV Internacional, uma internacional revolucion\u00e1ria, aos moldes da III Internacional dirigida por Lenin e Trotsky.<\/p>\n<p style=\"text-align: justify;\">Como dizia Trotsky em sua mensagem gravada para a Confer\u00eancia de funda\u00e7\u00e3o da IV Internacional em 1938: \u201cSim, nosso partido nos toma por inteiro. Mas, em compensa\u00e7\u00e3o, nos d\u00e1 a maior das felicidades, a consci\u00eancia de participar da constru\u00e7\u00e3o de um futuro melhor, de levar sobre nossas costas uma part\u00edcula do destino da humanidade e de n\u00e3o viver em v\u00e3o.\u201d<\/p>\n<p style=\"text-align: justify;\"><strong>Queremos chamar os ativistas das lutas a construir junto conosco partidos revolucion\u00e1rios e a Liga Internacional dos Trabalhadores, o nosso embri\u00e3o de uma internacional revolucion\u00e1ria. Essa \u00e9 a \u00fanica maneira de enfrentar a barb\u00e1rie que nos amea\u00e7a e forjar um futuro socialista.<\/strong><\/p>\n","protected":false},"excerpt":{"rendered":"<p>O capitalismo, atrav\u00e9s da \u00a0pandemia do covid e da recess\u00e3o mundial est\u00e1 ampliando fortemente os elementos de barb\u00e1rie no mundo. Os n\u00fameros reais da pandemia- n\u00e3o as mentiras divulgadas pelos governos-j\u00e1 apontam para mais de cem milh\u00f5es de infectados e mais de dois milh\u00f5es de mortos. \u00c9 uma das piores pandemias da hist\u00f3ria, que vem [&hellip;]<\/p>\n","protected":false},"author":13,"featured_media":70685,"menu_order":0,"comment_status":"open","ping_status":"open","sticky":false,"template":"","format":"standard","meta":{"litci_post_political_author":"","footnotes":""},"categories":[3610,32,30,49],"tags":[3698,515,1683],"class_list":["post-60965","post","type-post","status-publish","format-standard","has-post-thumbnail","hentry","category-declaracao-lit-qi","category-economia","category-coronavirus","category-polemica","tag-coronavirus-tag","tag-especial-coronavirus","tag-programa-de-emergencia"],"fimg_url":"https:\/\/litci.org\/pt\/wp-content\/uploads\/2020\/07\/PE-1.webp","categories_names":["Declara\u00e7\u00f5es","Economia","Pandemia","Pol\u00eamica"],"author_info":{"name":"Javier f","pic":"https:\/\/secure.gravatar.com\/avatar\/38f104112503b4b2d43a8972576238b0824db79ccc991f981595fcbc569b0601?s=96&d=mm&r=g"},"political_author":null,"tagline":"","_links":{"self":[{"href":"https:\/\/litci.org\/pt\/wp-json\/wp\/v2\/posts\/60965","targetHints":{"allow":["GET"]}}],"collection":[{"href":"https:\/\/litci.org\/pt\/wp-json\/wp\/v2\/posts"}],"about":[{"href":"https:\/\/litci.org\/pt\/wp-json\/wp\/v2\/types\/post"}],"author":[{"embeddable":true,"href":"https:\/\/litci.org\/pt\/wp-json\/wp\/v2\/users\/13"}],"replies":[{"embeddable":true,"href":"https:\/\/litci.org\/pt\/wp-json\/wp\/v2\/comments?post=60965"}],"version-history":[{"count":0,"href":"https:\/\/litci.org\/pt\/wp-json\/wp\/v2\/posts\/60965\/revisions"}],"wp:featuredmedia":[{"embeddable":true,"href":"https:\/\/litci.org\/pt\/wp-json\/wp\/v2\/media\/70685"}],"wp:attachment":[{"href":"https:\/\/litci.org\/pt\/wp-json\/wp\/v2\/media?parent=60965"}],"wp:term":[{"taxonomy":"category","embeddable":true,"href":"https:\/\/litci.org\/pt\/wp-json\/wp\/v2\/categories?post=60965"},{"taxonomy":"post_tag","embeddable":true,"href":"https:\/\/litci.org\/pt\/wp-json\/wp\/v2\/tags?post=60965"}],"curies":[{"name":"wp","href":"https:\/\/api.w.org\/{rel}","templated":true}]}}