{"id":60921,"date":"2020-07-07T17:39:28","date_gmt":"2020-07-07T19:39:28","guid":{"rendered":"https:\/\/litci.org\/pt\/?p=60921"},"modified":"2020-07-07T17:39:28","modified_gmt":"2020-07-07T19:39:28","slug":"negam-a-liberdade-de-sebastian-romero","status":"publish","type":"post","link":"https:\/\/litci.org\/pt\/2020\/07\/07\/negam-a-liberdade-de-sebastian-romero\/","title":{"rendered":"Negam a liberdade de Sebasti\u00e1n Romero"},"content":{"rendered":"<p><em>Mais uma vez, est\u00e1 sendo demonstrado que os tribunais federais de Comodoro Py s\u00e3o contra os trabalhadores e suas lutas.<\/em><br \/>\n<!--more--><br \/>\nPor: Daniel Ruiz<br \/>\nNa ter\u00e7a-feira, 30\/06, um m\u00eas ap\u00f3s a pris\u00e3o no Uruguai de Sebasti\u00e1n Romero, foi extraditado em 25 de junho, o juiz interino do tribunal n \u00b0 12, Canicoba Corral, negou o pedido de liberta\u00e7\u00e3o de nosso companheiro.<br \/>\nNa resolu\u00e7\u00e3o assinada por ele, assume a posi\u00e7\u00e3o da acusa\u00e7\u00e3o a cargo de Alejandra Mangaro e mostram mais uma vez sua total inconsist\u00eancia em rela\u00e7\u00e3o ao tratamento dos lutadores sociais.<br \/>\nEntre as considera\u00e7\u00f5es para negar a liberdade, escrevem \u201c<em>que Sebasti\u00e1n esteve ausente por 2 anos e meio, portanto ele n\u00e3o teria ra\u00edzes familiares e sociais\u201d.<\/em> Mas quando essa mesma promotora me negou a liberdade em setembro de 2018, ordenando que eu fosse detido e deixado em uma pris\u00e3o de seguran\u00e7a m\u00e1xima, nunca levou em conta minhas ra\u00edzes em Comodoro Rivadavia ou meus la\u00e7os familiares ou profissionais. Portanto, para esta promotoria, qualquer argumento \u00e9 vi\u00e1vel para punir os lutadores, e o fazem por uma concep\u00e7\u00e3o, uma vez que o c\u00f3digo penal processual \u00e9 feito para os ricos. Sem ir muito longe, os propriet\u00e1rios do Banco Patricios, que enganaram milhares de poupadores, receberam apenas tarefas da comunidade como puni\u00e7\u00e3o e, assim, podemos citar muitos casos semelhantes.<br \/>\nIsso demonstra o car\u00e1ter de classe dos tribunais federais.<br \/>\n<strong>Dois anos e meio. O que resta para ser investigado?<\/strong><br \/>\nEm outro argumento, a promotoria diz que, segundo a m\u00eddia, Sebasti\u00e1n poderia ter cometido os crimes de que \u00e9 acusado.<br \/>\nSem cair no rid\u00edculo da reda\u00e7\u00e3o, 30 meses se passaram, fiquei preso por 13 meses, C\u00e9sar Arakaki e Dimas Ponce tamb\u00e9m foram presos, o caso foi levado a um julgamento em andamento.<br \/>\nE o promotor escreve isso? O que a promotoria deve fazer depois de todo esse tempo \u00e9 colocar as evid\u00eancias em cima da mesa, para aparecer imediatamente no julgamento iniciado em 25 de novembro.<br \/>\nPor que eles n\u00e3o aparecem? \u00c9 o que o atual governo e o Conselho Judicial devem considerar para avaliar a recusa desses ju\u00edzes e promotores, no caminho para a nulidade de uma causa armada desde o governo anterior.<br \/>\n<strong>O verdadeiro car\u00e1ter da causa<\/strong><br \/>\nO caso foi orquestrado pelo poder pol\u00edtico de Mauricio Macri e Patricia Bullrich com sua mesa judicial, a AFI e a m\u00eddia relacionada.<br \/>\nMas a inten\u00e7\u00e3o deles \u00e9 que os trabalhadores nunca pensem em lutar arduamente contra o capitalismo, seu Estado e suas institui\u00e7\u00f5es, incluindo as for\u00e7as repressivas.<br \/>\nPor tr\u00e1s de toda essa persegui\u00e7\u00e3o e hostilidade, eles querem passar uma mensagem ao povo de que a viol\u00eancia s\u00f3 ser\u00e1 usada pelos poderosos contra o povo lutador.<br \/>\nMas este povo tem outra tradi\u00e7\u00e3o: nos tornamos independentes do imp\u00e9rio espanhol e das invas\u00f5es inglesas em 1800 com a mobiliza\u00e7\u00e3o e defesa com o que eles tinham em m\u00e3os.<br \/>\nO mesmo para se livrar da ditadura militar.<br \/>\nMas se Mangaro e Canicoba Corral estivessem em 1800, eles teriam prendido San Mart\u00edn, Belgrano, G\u00fcemes, e certamente os acusaria de n\u00e3o estarem enraizados por deixarem suas fam\u00edlias para lutar pela liberta\u00e7\u00e3o do pa\u00eds.<br \/>\n<strong>Redobrar a campanha<\/strong><br \/>\nEnquanto a mesa judicial e seu bra\u00e7o da AFI macrista est\u00e3o sendo detidos, a Solidariedade com Sebasti\u00e1n continua a crescer nacional e internacionalmente.<br \/>\nDevemos seguir em frente, unindo todas as reivindica\u00e7\u00f5es em uma, porque se trata de alcan\u00e7ar a liberdade de Sebastian com a unidade de todas as lutas.<br \/>\nCom a mobiliza\u00e7\u00e3o, n\u00e3o apenas conseguiremos tirar nosso companheiro da cadeia, mas tamb\u00e9m colocar os respons\u00e1veis pol\u00edticos da fome e da arbitrariedade judicial, como os ex-governantes de Cambiemos e todos os ju\u00edzes e promotores que se vendem ao poder de turno.<br \/>\nEm um mundo de rebeli\u00f5es, nada deve nos impedir, devemos mudar isso na raiz, criar outro tipo de pa\u00eds e outro tipo de justi\u00e7a que n\u00e3o ter\u00e1 nada a ver com o que vemos hoje.<br \/>\n3 de julho de 2020<\/p>\n","protected":false},"excerpt":{"rendered":"<p>Mais uma vez, est\u00e1 sendo demonstrado que os tribunais federais de Comodoro Py s\u00e3o contra os trabalhadores e suas lutas.<\/p>\n","protected":false},"author":13,"featured_media":33565,"menu_order":0,"comment_status":"open","ping_status":"open","sticky":false,"template":"","format":"standard","meta":{"litci_post_political_author":"","footnotes":""},"categories":[94,3739],"tags":[878,3821,191,3740],"class_list":["post-60921","post","type-post","status-publish","format-standard","has-post-thumbnail","hentry","category-argentina","category-sebastian-romero","tag-daniel-ruiz","tag-liberdade-a-sebastian-romero","tag-sebastian-romero","tag-solidariedade-internacional"],"fimg_url":"https:\/\/litci.org\/pt\/wp-content\/uploads\/2020\/06\/Sebas.jpg","categories_names":["Argentina","Sebasti\u00e1n Romero"],"author_info":{"name":"Javier f","pic":"https:\/\/secure.gravatar.com\/avatar\/38f104112503b4b2d43a8972576238b0824db79ccc991f981595fcbc569b0601?s=96&d=mm&r=g"},"political_author":null,"tagline":"","_links":{"self":[{"href":"https:\/\/litci.org\/pt\/wp-json\/wp\/v2\/posts\/60921","targetHints":{"allow":["GET"]}}],"collection":[{"href":"https:\/\/litci.org\/pt\/wp-json\/wp\/v2\/posts"}],"about":[{"href":"https:\/\/litci.org\/pt\/wp-json\/wp\/v2\/types\/post"}],"author":[{"embeddable":true,"href":"https:\/\/litci.org\/pt\/wp-json\/wp\/v2\/users\/13"}],"replies":[{"embeddable":true,"href":"https:\/\/litci.org\/pt\/wp-json\/wp\/v2\/comments?post=60921"}],"version-history":[{"count":0,"href":"https:\/\/litci.org\/pt\/wp-json\/wp\/v2\/posts\/60921\/revisions"}],"wp:featuredmedia":[{"embeddable":true,"href":"https:\/\/litci.org\/pt\/wp-json\/wp\/v2\/media\/33565"}],"wp:attachment":[{"href":"https:\/\/litci.org\/pt\/wp-json\/wp\/v2\/media?parent=60921"}],"wp:term":[{"taxonomy":"category","embeddable":true,"href":"https:\/\/litci.org\/pt\/wp-json\/wp\/v2\/categories?post=60921"},{"taxonomy":"post_tag","embeddable":true,"href":"https:\/\/litci.org\/pt\/wp-json\/wp\/v2\/tags?post=60921"}],"curies":[{"name":"wp","href":"https:\/\/api.w.org\/{rel}","templated":true}]}}