{"id":60763,"date":"2020-06-26T19:43:54","date_gmt":"2020-06-26T21:43:54","guid":{"rendered":"https:\/\/litci.org\/pt\/?p=60763"},"modified":"2020-06-26T19:43:54","modified_gmt":"2020-06-26T21:43:54","slug":"repudiamos-a-operacao-contra-o-operario-sebastian-romero","status":"publish","type":"post","link":"https:\/\/litci.org\/pt\/2020\/06\/26\/repudiamos-a-operacao-contra-o-operario-sebastian-romero\/","title":{"rendered":"Repudiamos a opera\u00e7\u00e3o contra o oper\u00e1rio Sebasti\u00e1n Romero"},"content":{"rendered":"<p><em>No meio de uma grande movimenta\u00e7\u00e3o policial que foi transmitida ao vivo pela televis\u00e3o argentina-TN, e sem notificar o advogado de defesa Pablo Ghirardo, o companheiro Sebasti\u00e1n Romero foi extraditado ontem.<\/em><br \/>\n<!--more--><br \/>\nPor: IST-Uruguai<br \/>\nEssa opera\u00e7\u00e3o excessiva e repudi\u00e1vel foi difundida pelo Minist\u00e9rio do Interior de nosso pa\u00eds, onde mostrava um comando de dezenas de policiais militares rodeando Sebasti\u00e1n no aeroporto de Carrasco. Essa opera\u00e7\u00e3o faz parte da intimida\u00e7\u00e3o e da campanha patronal que tenta mostrar a Sebasti\u00e1n, na m\u00eddia, como um dem\u00f4nio. Al\u00e9m disso, querem esconder a repress\u00e3o brutal realizada contra milhares de pessoas que protestaram, sob o governo Macri, contra a Reforma da Previd\u00eancia Social.<br \/>\nNesse protesto foi filmado e denunciado como a pol\u00edcia passava por cima dos aposentados com suas motos, como as for\u00e7as repressivas atiravam direto na cabe\u00e7a, fazendo com que v\u00e1rios manifestantes e at\u00e9 um jornalista perdessem a vis\u00e3o. O roubo dos aposentados, os cassetetes e as balas da repress\u00e3o s\u00e3o hoje deliberadamente ignorados pela patronal e seus meios de comunica\u00e7\u00e3o.<br \/>\nEles apenas repetem um gif, uma imagem que repetem e repetem para construir sua hist\u00f3ria de ca\u00e7a \u00e0s bruxas contra lutadores e revolucion\u00e1rios. A realidade \u00e9 que Sebasti\u00e1n apenas disparou fogos de artif\u00edcios amarrados a um bast\u00e3o, mas aqueles que usam a m\u00e3o forte contra os trabalhadores o chamam de \u201cmorteiro caseiro\u201d.<br \/>\nE enquanto os exploradores sexuais e genocidas da ditadura recebem o maior cuidado, o melhor tratamento e em sua imensa maioria s\u00e3o mantidos em liberdade; um delegado sindical da General Motors, com 12 anos de trabalho, \u00e9 submetido, difamado e perseguido politicamente por lutar.<br \/>\nAs organiza\u00e7\u00f5es de direitos humanos na Argentina e a Crysol no Uruguai, juntamente com sindicatos, ex-presos pol\u00edticos e diferentes organiza\u00e7\u00f5es, se pronunciaram claramente que Sebasti\u00e1n Romero \u00e9 um lutador social, um perseguido e preso pol\u00edtico.<br \/>\nA IST repudia totalmente os fatos ocorridos contra Sebasti\u00e1n Romero: sua persegui\u00e7\u00e3o, sua pris\u00e3o e a intimida\u00e7\u00e3o a que est\u00e1 sujeito. Deixamos claro o \u00fanico objetivo, com isso, \u00e9 intimidar aqueles que lutam para criminalizar protestos sociais. Ele \u00e9 perseguido por lutar e por ser um revolucion\u00e1rio socialista.<br \/>\nEm nosso pa\u00eds, gra\u00e7as a v\u00e1rias organiza\u00e7\u00f5es de direitos humanos, sindicatos, grupos, militantes e partidos pol\u00edticos, desenvolvemos uma campanha de solidariedade e pelo pedido de liberta\u00e7\u00e3o imediata de Sebastian. Agradecemos publicamente a todos e pedimos que redobrem seus esfor\u00e7os at\u00e9 que a liberdade do oper\u00e1rio Sebasti\u00e1n Romero seja realizada. Tamb\u00e9m exigimos o encerramento e anula\u00e7\u00e3o das causas de todos os presos pol\u00edticos<br \/>\nLIBERDADE IMEDIATA PARA SEBASTI\u00c1N ROMERO!<br \/>\nLiberdade para todos os presos pol\u00edticos!<\/p>\n","protected":false},"excerpt":{"rendered":"<p>No meio de uma grande movimenta\u00e7\u00e3o policial que foi transmitida ao vivo pela televis\u00e3o argentina-TN, e sem notificar o advogado de defesa Pablo Ghirardo, o companheiro Sebasti\u00e1n Romero foi extraditado ontem.<\/p>\n","protected":false},"author":13,"featured_media":60764,"menu_order":0,"comment_status":"open","ping_status":"open","sticky":false,"template":"","format":"standard","meta":{"litci_post_political_author":"","footnotes":""},"categories":[3739,3595],"tags":[5529,3594,3934,191],"class_list":["post-60763","post","type-post","status-publish","format-standard","has-post-thumbnail","hentry","category-sebastian-romero","category-uruguai","tag-extradicao-sebastian-romero","tag-ist-uruguai","tag-liberdade-sebastian-romero","tag-sebastian-romero"],"fimg_url":"https:\/\/litci.org\/pt\/wp-content\/uploads\/2020\/06\/Ministerio-portada-1-800x445-1.jpg","categories_names":["Sebasti\u00e1n Romero","Uruguai"],"author_info":{"name":"Javier f","pic":"https:\/\/secure.gravatar.com\/avatar\/38f104112503b4b2d43a8972576238b0824db79ccc991f981595fcbc569b0601?s=96&d=mm&r=g"},"political_author":null,"tagline":"","_links":{"self":[{"href":"https:\/\/litci.org\/pt\/wp-json\/wp\/v2\/posts\/60763","targetHints":{"allow":["GET"]}}],"collection":[{"href":"https:\/\/litci.org\/pt\/wp-json\/wp\/v2\/posts"}],"about":[{"href":"https:\/\/litci.org\/pt\/wp-json\/wp\/v2\/types\/post"}],"author":[{"embeddable":true,"href":"https:\/\/litci.org\/pt\/wp-json\/wp\/v2\/users\/13"}],"replies":[{"embeddable":true,"href":"https:\/\/litci.org\/pt\/wp-json\/wp\/v2\/comments?post=60763"}],"version-history":[{"count":0,"href":"https:\/\/litci.org\/pt\/wp-json\/wp\/v2\/posts\/60763\/revisions"}],"wp:featuredmedia":[{"embeddable":true,"href":"https:\/\/litci.org\/pt\/wp-json\/wp\/v2\/media\/60764"}],"wp:attachment":[{"href":"https:\/\/litci.org\/pt\/wp-json\/wp\/v2\/media?parent=60763"}],"wp:term":[{"taxonomy":"category","embeddable":true,"href":"https:\/\/litci.org\/pt\/wp-json\/wp\/v2\/categories?post=60763"},{"taxonomy":"post_tag","embeddable":true,"href":"https:\/\/litci.org\/pt\/wp-json\/wp\/v2\/tags?post=60763"}],"curies":[{"name":"wp","href":"https:\/\/api.w.org\/{rel}","templated":true}]}}