{"id":32222,"date":"2020-03-25T12:01:57","date_gmt":"2020-03-25T14:01:57","guid":{"rendered":"https:\/\/litci.org\/pt\/?p=32222"},"modified":"2020-03-25T12:01:57","modified_gmt":"2020-03-25T14:01:57","slug":"brasil-se-as-fabricas-pararem-teremos-um-colapso-somos-bucha-de-canhao","status":"publish","type":"post","link":"https:\/\/litci.org\/pt\/2020\/03\/25\/brasil-se-as-fabricas-pararem-teremos-um-colapso-somos-bucha-de-canhao\/","title":{"rendered":"Brasil &#124; \u201cSe as f\u00e1bricas pararem teremos um colapso\u201d. Somos bucha de canh\u00e3o?"},"content":{"rendered":"<p><em>A frase do governador paulista, Jo\u00e3o D\u00f3ria, que comp\u00f5e o t\u00edtulo deste artigo foi publicada em reportagem do jornal Valor Econ\u00f4mico em 23 de mar\u00e7o. Ela \u00e9 emblem\u00e1tica, em dois sentidos. Por um lado, ela reconhece que \u00e9 a classe oper\u00e1ria que faz funcionar as f\u00e1bricas, e produz toda a riqueza em nosso pa\u00eds. \u00c9 assim na sociedade capitalista.<\/em><br \/>\n<!--more--><br \/>\nPor:\u00a0Z\u00e9 Maria, metal\u00fargico e presidente nacional do PSTU<br \/>\nPor outro lado, mostra claramente o crit\u00e9rio com que a burguesia trata seus interesses, e como trata a nossa classe. As f\u00e1bricas n\u00e3o podem parar porque se isso acontecer acaba a fonte de lucros da burguesia, do grande empresariado e banqueiros. Isso seria \u201cum colapso\u201d na opini\u00e3o do governador. \u00c9 da explora\u00e7\u00e3o do trabalho dos oper\u00e1rios que eles extraem as fortunas que ostentam mundo afora, portanto esse trabalho n\u00e3o pode parar.<br \/>\nN\u00e3o importa se dezenas ou centenas de milhares de trabalhadores v\u00e3o morrer contaminados pelo coronav\u00edrus por usar transporte atulhado de gente todos os dias ou diretamente pela aglomera\u00e7\u00e3o dentro das f\u00e1bricas. N\u00e3o importa se, pelo deslocamento ou aglomera\u00e7\u00e3o na f\u00e1brica os oper\u00e1rios s\u00e3o infectados e levam o v\u00edrus para infectar toda sua fam\u00edlia. Isso, aparentemente, n\u00e3o seria n\u00e3o seria \u201cum colapso na opini\u00e3o do nobre governador.<br \/>\nOs grandes empres\u00e1rios n\u00e3o tomam transporte p\u00fablico, n\u00e3o est\u00e3o na linha de montagem das suas f\u00e1bricas. E, se por acaso ficarem doentes, t\u00eam a seu dispor os melhores hospitais, m\u00e9dicos e toda tecnologia que o dinheiro pode comprar. Por isso n\u00e3o hesitam em dizer que as f\u00e1bricas e demais empresas t\u00eam de continuar funcionando. Para eles, os oper\u00e1rios e demais trabalhadores como bucha de canh\u00e3o.<br \/>\n\u00c9 que estamos assistindo quando alguns personagens, como os donos da Riachuelo (Fl\u00e1vio Rocha), da Havan (Luciano Hang), do Madero (Junior Durski), Roberto Justus, sem nenhuma cerim\u00f4nia desdenham abertamente da quantidade de mortos que a pandemia pode gerar. Justi\u00e7a seja feita, esses a\u00ed pelo menos s\u00e3o mais francos que a grande maioria dos burgueses. Trabalhadores para essa gente, s\u00e3o pe\u00e7as que se podem descartar na quantidade que for necess\u00e1rio, desde que se garanta o lucro.<br \/>\n<a href=\"https:\/\/twitter.com\/i\/status\/1242437430646628353\" target=\"_blank\" rel=\"noopener\">https:\/\/twitter.com\/i\/status\/1242437430646628353<\/a><br \/>\nTalvez hoje, em nosso pa\u00eds, o representante maior dessa gente seja o energ\u00fameno que temos na presid\u00eancia da rep\u00fablica, Jair Bolsonaro. Quem viu seu pronunciamento em cadeia nacional na noite de hoje (24) n\u00e3o pode chegar a outra conclus\u00e3o. Para ele n\u00e3o faz diferen\u00e7a se morrem dezenas ou centenas de milhares de trabalhadores. O importante \u00e9 n\u00e3o parar a economia (\u00e9 voltar \u00e0 \u201cnormalidade\u201d o quanto antes). \u00c9 garantir os lucros (altos, bem altos) dos bancos, das grandes empresas e das multinacionais.<br \/>\nPor isso nossa classe, a classe oper\u00e1ria, os trabalhadores de modo geral, precisamos nos organizar, e tratar de lutar para mudar nossas vidas. Est\u00e1 em nossas m\u00e3os essa luta. Nenhum burgu\u00eas ou qualquer de seus governos, nenhum governo feito em colabora\u00e7\u00e3o com a burguesia (como foram os governos do PT), vai assegurar isso ao nosso povo. As mudan\u00e7as que temos de fazer no pa\u00eds n\u00e3o ser\u00e3o feitas junto com esses senhores. Ser\u00e3o feitas contra eles.<br \/>\nNossa luta, que agora \u00e9 para nos defender do coronav\u00edrus, \u00e9 pra botar pra fora esse governo de milicianos que temos em nosso pa\u00eds nesse momento. Mas ela precisa avan\u00e7ar mais. At\u00e9 que colocar abaixo todo esse sistema podre que a\u00ed est\u00e1 e que os oper\u00e1rios e o povo pobre assumam o poder e o governo do pa\u00eds. S\u00f3 ent\u00e3o poderemos colocar os recursos que tem o Brasil, e a riqueza produzida pelo nosso trabalho para garantir vida digna a todos e todas que trabalham. Acabamos com o capitalismo e avan\u00e7amos para a constru\u00e7\u00e3o de uma sociedade socialista.<br \/>\n&nbsp;<\/p>\n","protected":false},"excerpt":{"rendered":"<p>A frase do governador paulista, Jo\u00e3o D\u00f3ria, que comp\u00f5e o t\u00edtulo deste artigo foi publicada em reportagem do jornal Valor Econ\u00f4mico em 23 de mar\u00e7o. Ela \u00e9 emblem\u00e1tica, em dois sentidos. Por um lado, ela reconhece que \u00e9 a classe oper\u00e1ria que faz funcionar as f\u00e1bricas, e produz toda a riqueza em nosso pa\u00eds. \u00c9 [&hellip;]<\/p>\n","protected":false},"author":13,"featured_media":32225,"menu_order":0,"comment_status":"open","ping_status":"open","sticky":false,"template":"","format":"standard","meta":{"litci_post_political_author":"","footnotes":""},"categories":[121,30],"tags":[3698,3526,5139,1917,4396,5149],"class_list":["post-32222","post","type-post","status-publish","format-standard","has-post-thumbnail","hentry","category-brasil","category-coronavirus","tag-coronavirus-tag","tag-coronavirus-brasil","tag-coronavirus-sao-paulo","tag-doria","tag-greve-metalurgicos","tag-jose-maria-de-almeida"],"fimg_url":"https:\/\/litci.org\/pt\/wp-content\/uploads\/2020\/03\/SJC02.jpeg","categories_names":["Brasil","Pandemia"],"author_info":{"name":"Javier f","pic":"https:\/\/secure.gravatar.com\/avatar\/38f104112503b4b2d43a8972576238b0824db79ccc991f981595fcbc569b0601?s=96&d=mm&r=g"},"political_author":null,"tagline":"","_links":{"self":[{"href":"https:\/\/litci.org\/pt\/wp-json\/wp\/v2\/posts\/32222","targetHints":{"allow":["GET"]}}],"collection":[{"href":"https:\/\/litci.org\/pt\/wp-json\/wp\/v2\/posts"}],"about":[{"href":"https:\/\/litci.org\/pt\/wp-json\/wp\/v2\/types\/post"}],"author":[{"embeddable":true,"href":"https:\/\/litci.org\/pt\/wp-json\/wp\/v2\/users\/13"}],"replies":[{"embeddable":true,"href":"https:\/\/litci.org\/pt\/wp-json\/wp\/v2\/comments?post=32222"}],"version-history":[{"count":0,"href":"https:\/\/litci.org\/pt\/wp-json\/wp\/v2\/posts\/32222\/revisions"}],"wp:featuredmedia":[{"embeddable":true,"href":"https:\/\/litci.org\/pt\/wp-json\/wp\/v2\/media\/32225"}],"wp:attachment":[{"href":"https:\/\/litci.org\/pt\/wp-json\/wp\/v2\/media?parent=32222"}],"wp:term":[{"taxonomy":"category","embeddable":true,"href":"https:\/\/litci.org\/pt\/wp-json\/wp\/v2\/categories?post=32222"},{"taxonomy":"post_tag","embeddable":true,"href":"https:\/\/litci.org\/pt\/wp-json\/wp\/v2\/tags?post=32222"}],"curies":[{"name":"wp","href":"https:\/\/api.w.org\/{rel}","templated":true}]}}