{"id":32171,"date":"2020-03-23T11:34:46","date_gmt":"2020-03-23T13:34:46","guid":{"rendered":"https:\/\/litci.org\/pt\/?p=32171"},"modified":"2020-03-23T11:34:46","modified_gmt":"2020-03-23T13:34:46","slug":"covid-19-a-saude-e-a-vida-dos-trabalhadores-em-primeiro-lugar","status":"publish","type":"post","link":"https:\/\/litci.org\/pt\/2020\/03\/23\/covid-19-a-saude-e-a-vida-dos-trabalhadores-em-primeiro-lugar\/","title":{"rendered":"COVID-19: A sa\u00fade e a vida dos trabalhadores em primeiro lugar!"},"content":{"rendered":"<p><em>A pandemia do Coronav\u00edrus mostrou a face cruel do capitalismo no mundo, e, acima de tudo, colocou em evid\u00eancia a maneira como os governos dos diferentes pa\u00edses agem unicamente para proteger os interesses dos ricos e poderosos, enquanto \u00e0 classe trabalhadora n\u00e3o \u00e9 garantido os elementos mais b\u00e1sicos de prote\u00e7\u00e3o de suas vidas.<\/em><br \/>\n<!--more--><br \/>\nPor: PT-Costa Rica<br \/>\nNa Costa Rica, o Coronav\u00edrus COVID-19 pegou o governo de Carlos Alvarado em meio a uma crise pol\u00edtica muito profunda, produto dos esc\u00e2ndalos da UPAD (Unidade Presidencial de An\u00e1lise de Dados) e a fraude do PAC (Partido A\u00e7\u00e3o Cidad\u00e3) ao TSE (Tribunal Superior Eleitoral). Al\u00e9m disso, com um dos n\u00edveis mais baixos de popularidade na regi\u00e3o, um desemprego crescente, uma crise econ\u00f4mica que acelera a decomposi\u00e7\u00e3o social do pa\u00eds, \u00e0 qual se acrescenta um d\u00e9ficit no or\u00e7amento p\u00fablico causado pela asfixia que o pa\u00eds vive como produto dos pagamentos da d\u00edvida p\u00fablica.<br \/>\n<strong>O governo s\u00f3 se importa com as empresas e n\u00e3o com as vidas das\/os trabalhadores<\/strong><br \/>\nEnquanto o governo anuncia medidas para evitar os cont\u00e1gios, pro\u00edbe shows, jogos de futebol, feiras, cinemas, bares e demais concentra\u00e7\u00f5es de pessoas pelo alto grau de risco da propaga\u00e7\u00e3o da doen\u00e7a. N\u00e3o se fala das outras concentra\u00e7\u00f5es que colocam em risco centenas de milhares de pessoas todos os dias: os locais de trabalho.<br \/>\nO governo n\u00e3o fala sobre as concentra\u00e7\u00f5es nos locais de trabalho, onde centenas de trabalhadoras\/os s\u00e3o mantidos como as f\u00e1bricas, call centers, constru\u00e7\u00f5es, planta\u00e7\u00f5es, colocando em perigo suas vidas, e sem a possibilidade de contar com as medidas de seguran\u00e7a mais b\u00e1sicas no meio da crise.<br \/>\nEmbora exista um chamado generalizado para n\u00e3o sair no fim de semana e o governo feche os bares e discotecas, a realidade \u00e9 que, em meio ao alerta nacional, os trens e \u00f4nibus viajam lotados de trabalhadoras\/os que necessitam ir trabalhar sem possibilidade de ausentar-se sob pena de demiss\u00e3o, com ve\u00edculos muitas vezes insalubres e com um \u00fanico motorista encarregado de dirigir e cobrar as passagens a cada um dos passageiros.<br \/>\nA exist\u00eancia de uma ditadura nas empresas que impede a organiza\u00e7\u00e3o dos sindicatos dificulta que os trabalhadores se organizem em seus locais de trabalho para exigir das empresas as mudan\u00e7as nas medidas de seguran\u00e7a, ou a paralisa\u00e7\u00e3o da produ\u00e7\u00e3o, se necess\u00e1rio.<br \/>\nUm caso exemplar \u00e9 o das trabalhadoras da limpeza da SELIME na UCR, que, organizadas no sindicato SITRASEP, exigiram medidas extraordin\u00e1rias \u00e0 empresa para proteger sua sa\u00fade em meio \u00e0 crise.<br \/>\nEnquanto isso, milhares de professores est\u00e3o desabafando nas redes sociais, diante da inoper\u00e2ncia das burocracias sindicais, exigindo ao governo a paralisa\u00e7\u00e3o do ano letivo para evitar a propaga\u00e7\u00e3o da doen\u00e7a. Mas at\u00e9 agora o governo fechou apenas parcialmente os centros educativos com casos suspeitos do Coronav\u00edrus, ou que est\u00e3o sendo afetados pelos racionamentos de \u00e1gua que atinge dezenas de munic\u00edpios em todo o pa\u00eds.<br \/>\n<strong>O governo anuncia um plano para ajudar aos empres\u00e1rios, mas&#8230; E a classe trabalhadora?<\/strong><br \/>\nPassados apenas 3 dias desde a detec\u00e7\u00e3o do primeiro caso de COVID-19 no pa\u00eds, quando os empres\u00e1rios por meio da UCCAEP (Uni\u00e3o Costarriquense de C\u00e2maras e Associa\u00e7\u00f5es do Setor Empresarial Privado) tornaram p\u00fablico um comunicado \u201cpedindo calma\u201d para que o com\u00e9rcio n\u00e3o fosse afetado e fazendo exig\u00eancias ao governo para evitar uma crise econ\u00f4mica. E como se n\u00e3o bastasse, aproveitaram a oportunidade para exigir que os deputados aprovassem leis de flexibilidade dos direitos trabalhistas dos trabalhadores, das contribui\u00e7\u00f5es para as aposentadorias e exigindo que se retirem mais direitos dos funcion\u00e1rios p\u00fablicos atrav\u00e9s da Lei de Emprego P\u00fablico.<br \/>\nCarlos Alvarado imediatamente cumpriu a ordem dos patr\u00f5es, e j\u00e1 em 14 de mar\u00e7o anunciou um pacote de medidas de resgate para os empres\u00e1rios, como um primeiro pacote de uma s\u00e9rie de medidas que ir\u00e1 \u201cajudar\u201d os empres\u00e1rios em meio \u00e0 crise. Essas medidas consistem em que as empresas n\u00e3o paguem IVA, imposto de renda nem taxas alfandeg\u00e1rias por 3 ou 4 meses; tamb\u00e9m seriam tomadas medidas para perdoar os pagamentos de empr\u00e9stimos durante a crise, especialmente de empresas do setor do com\u00e9rcio, agroneg\u00f3cio e turismo; facilitar empr\u00e9stimos aos empres\u00e1rios que o necessitem com juros baixos e formas de reduzir os encargos sociais dos empres\u00e1rios com a Caixa Costarriquense de Seguro Social (CCSS).<br \/>\nEnquanto isso, a classe trabalhadora continuar\u00e1 pagando seus empr\u00e9stimos, com taxas de juros alt\u00edssimas, e os impostos pontualmente, bem como suas contribui\u00e7\u00f5es para a previd\u00eancia social; para o governo os pobres n\u00e3o precisam de \u201cplano de resgate\u201d.<br \/>\nDiante dessa situa\u00e7\u00e3o, n\u00f3s do Partido dos Trabalhadores propomos um plano diferente, que, contrariamente ao plano do governo que pensa apenas nos empres\u00e1rios, o nosso privilegia as\/os trabalhadores, por isso exigimos:<br \/>\n<strong>Suspens\u00e3o imediata do pagamento da d\u00edvida p\u00fablica para enfrentar a crise<\/strong>: suspens\u00e3o imediata dos pagamentos da d\u00edvida p\u00fablica que atinge 38% do or\u00e7amento nacional; com esses recursos poderemos enfrentar a crise que atravessa o pa\u00eds, investindo no sistema de sa\u00fade de pa\u00eds, e contribuindo com a melhoria das condi\u00e7\u00f5es de vida das fam\u00edlias trabalhadoras.<br \/>\nDa mesma forma, revogar a \u201cRegra Fiscal\u201d para utilizar o or\u00e7amento para fortalecer a sa\u00fade p\u00fablica e demais institui\u00e7\u00f5es que dele necessitarem.<br \/>\n<strong>Quarentena imediata nos locais de trabalho<\/strong>: \u00c9 urgente que, em face da crise da sa\u00fade sejam fechadas todas as empresas e servi\u00e7os n\u00e3o essenciais, e os essenciais funcionem ao m\u00ednimo para garantir a sa\u00fade de todos os trabalhadores. Da mesma forma, quem precisar trabalhar, seja dotado de equipamentos de prote\u00e7\u00e3o apropriados para evitar o cont\u00e1gio e garantia de higieniza\u00e7\u00e3o de todos os locais de trabalho. Pris\u00e3o para os empregadores que expuserem a vida dos trabalhadores.<br \/>\n<strong>Subs\u00eddios para os desempregados<\/strong>: dado o grande \u00edndice de desemprego, onde as pessoas n\u00e3o podem garantir as condi\u00e7\u00f5es m\u00ednimas de alimenta\u00e7\u00e3o e moradia, devem ser fornecidos subs\u00eddios para os desempregados, ao mesmo tempo em que se execute um plano nacional de emprego, com redu\u00e7\u00e3o de jornada de trabalho para 6 horas sem redu\u00e7\u00e3o de sal\u00e1rio, para que mais pessoas possam ocupar postos de trabalho.<br \/>\nAl\u00e9m disso, \u00e9 urgente que o Estado assuma o controle dos edif\u00edcios vazios e fora de uso para alocar a quem n\u00e3o tem moradia.<br \/>\n<strong>Garantia de cuidado e alimenta\u00e7\u00e3o para menores<\/strong>: em meio \u00e0 crise e diante da necessidade iminente de fechar as universidades e escolas, o Estado deve garantir alimenta\u00e7\u00e3o e cuidado as crian\u00e7as necessitadas.<br \/>\n<strong>Fortalecimento da Sa\u00fade P\u00fablica<\/strong>: Expropria\u00e7\u00e3o e nacionaliza\u00e7\u00e3o de todas as empresas que deve milh\u00f5es de d\u00f3lares \u00e0 CCSS, nacionaliza\u00e7\u00e3o de todos os hospitais, cl\u00ednicas e laborat\u00f3rios privados para garantir o funcionamento pleno e sem fins lucrativos do sistema de sa\u00fade para lidar com a pandemia, bem como a contrata\u00e7\u00e3o de todos os profissionais da Sa\u00fade desempregados, reduzindo as jornadas de trabalho dos que j\u00e1 est\u00e3o na Caixa, mas sem redu\u00e7\u00e3o dos sal\u00e1rios.<br \/>\n<strong>Garantia de todos os direitos das\/os trabalhadores durante a crise<\/strong>: garantia do pagamento de 100% das licen\u00e7as m\u00e9dicas, seja por cont\u00e1gios ou por casos preventivos, e proibi\u00e7\u00e3o das demiss\u00f5es por parte de empresas; as que despedirem os trabalhadores dever\u00e3o ser estatizadas e passar imediatamente ao controle dos trabalhadores.<br \/>\n<strong>Congelamento de pre\u00e7os dos bens de primeira necessidade<\/strong>: Congelamento de pre\u00e7os de todos os bens essenciais para a sobreviv\u00eancia das fam\u00edlias, pris\u00e3o para os comerciantes especuladores e garantia de congelamento das tarifas dos servi\u00e7os p\u00fablicos.<br \/>\n<strong>Suspens\u00e3o do pagamento de d\u00edvidas pessoais<\/strong>: suspens\u00e3o imediata da cobran\u00e7a dos empr\u00e9stimos pessoais com os bancos p\u00fablicos e privados, bem como das lojas de eletrodom\u00e9sticos, casas de penhor e cart\u00f5es de cr\u00e9dito.<br \/>\n<strong>O capitalismo coloca em primeiro lugar os n\u00fameros e os lucros, s\u00f3 depois os seres humanos. Devemos lutar para construir outro tipo de sociedade!<\/strong><br \/>\nCarlos Alvarado governa para que os ricos fiquem bem, e protejam ao m\u00e1ximo seus lucros durante esta crise, de modo que as medidas que ele tomou visam que os empres\u00e1rios n\u00e3o vejam afetados seus neg\u00f3cios, enquanto os pertencentes \u00e0 classe trabalhadora s\u00e3o enganados com a fantasia de que, se os ricos estiverem bem, todos estaremos bem.<br \/>\nPor isso, que n\u00f3s do Partido dos Trabalhadores somos conscientes de que, a partir da classe trabalhadora devem-se impulsionar os planos para enfrentar essa realidade, e focar a luta para que na crise como a que estamos vivendo hoje, sejam os privilegiados da classe capitalista os que paguem por ela com seus neg\u00f3cios e seus lucros.<br \/>\nOs empres\u00e1rios t\u00eam o governo para cuidar de seus interesses, por isso, embora para um trabalhador comum, deixar de pagar seus empr\u00e9stimos pare\u00e7a algo imposs\u00edvel, para os ricos \u00e9 poss\u00edvel alcan\u00e7\u00e1-lo porque eles t\u00eam o governo, portanto, se conseguimos um governo dos trabalhadores, n\u00f3s tamb\u00e9m poder\u00edamos fazer mudan\u00e7as que hoje parecem imposs\u00edveis para n\u00f3s.<br \/>\nO capitalismo demonstra mais uma vez que \u00e9 um sistema injusto e corrupto, incapaz de garantir o bem-estar daqueles que vivemos e produzimos as riquezas que o sustenta. Nossa realidade s\u00f3 pode ser mudada se lutamos para construir um governo dos trabalhadores para os trabalhadores, que coloque os interesses da maioria em primeiro lugar, a vida das pessoas acima dos lucros, que destrua a sociedade dominada pelos empres\u00e1rios e construa uma nova sociedade socialista baseada no bem comum de quem trabalha, organizada para enfrentar e mudar todas as mis\u00e9rias que ocorrem no planeta.<br \/>\nTradu\u00e7\u00e3o: Rosangela Botelho<\/p>\n","protected":false},"excerpt":{"rendered":"<p>A pandemia do Coronav\u00edrus mostrou a face cruel do capitalismo no mundo, e, acima de tudo, colocou em evid\u00eancia a maneira como os governos dos diferentes pa\u00edses agem unicamente para proteger os interesses dos ricos e poderosos, enquanto \u00e0 classe trabalhadora n\u00e3o \u00e9 garantido os elementos mais b\u00e1sicos de prote\u00e7\u00e3o de suas vidas.<\/p>\n","protected":false},"author":13,"featured_media":32172,"menu_order":0,"comment_status":"open","ping_status":"open","sticky":false,"template":"","format":"standard","meta":{"litci_post_political_author":"","footnotes":""},"categories":[287,30],"tags":[3698,3980,3713],"class_list":["post-32171","post","type-post","status-publish","format-standard","has-post-thumbnail","hentry","category-costa-rica","category-coronavirus","tag-coronavirus-tag","tag-coronavirus-costa-rica","tag-pt-costa-rica"],"fimg_url":"https:\/\/litci.org\/pt\/wp-content\/uploads\/2020\/03\/Costa-Rica.jpg","categories_names":["Costa Rica","Pandemia"],"author_info":{"name":"Javier f","pic":"https:\/\/secure.gravatar.com\/avatar\/38f104112503b4b2d43a8972576238b0824db79ccc991f981595fcbc569b0601?s=96&d=mm&r=g"},"political_author":null,"tagline":"","_links":{"self":[{"href":"https:\/\/litci.org\/pt\/wp-json\/wp\/v2\/posts\/32171","targetHints":{"allow":["GET"]}}],"collection":[{"href":"https:\/\/litci.org\/pt\/wp-json\/wp\/v2\/posts"}],"about":[{"href":"https:\/\/litci.org\/pt\/wp-json\/wp\/v2\/types\/post"}],"author":[{"embeddable":true,"href":"https:\/\/litci.org\/pt\/wp-json\/wp\/v2\/users\/13"}],"replies":[{"embeddable":true,"href":"https:\/\/litci.org\/pt\/wp-json\/wp\/v2\/comments?post=32171"}],"version-history":[{"count":0,"href":"https:\/\/litci.org\/pt\/wp-json\/wp\/v2\/posts\/32171\/revisions"}],"wp:featuredmedia":[{"embeddable":true,"href":"https:\/\/litci.org\/pt\/wp-json\/wp\/v2\/media\/32172"}],"wp:attachment":[{"href":"https:\/\/litci.org\/pt\/wp-json\/wp\/v2\/media?parent=32171"}],"wp:term":[{"taxonomy":"category","embeddable":true,"href":"https:\/\/litci.org\/pt\/wp-json\/wp\/v2\/categories?post=32171"},{"taxonomy":"post_tag","embeddable":true,"href":"https:\/\/litci.org\/pt\/wp-json\/wp\/v2\/tags?post=32171"}],"curies":[{"name":"wp","href":"https:\/\/api.w.org\/{rel}","templated":true}]}}