{"id":31837,"date":"2020-03-07T13:01:39","date_gmt":"2020-03-07T15:01:39","guid":{"rendered":"https:\/\/litci.org\/pt\/?p=31837"},"modified":"2020-03-07T13:01:39","modified_gmt":"2020-03-07T15:01:39","slug":"costa-rica-contra-a-pobreza-e-o-desemprego-por-um-8m-de-luta","status":"publish","type":"post","link":"https:\/\/litci.org\/pt\/2020\/03\/07\/costa-rica-contra-a-pobreza-e-o-desemprego-por-um-8m-de-luta\/","title":{"rendered":"Costa Rica &#124; Contra a pobreza e o desemprego, por um 8M de luta"},"content":{"rendered":"<p><em>O Dia Internacional da Mulher Trabalhadora teve sua origem na II Confer\u00eancia Internacional das Mulheres Socialistas, realizada em 1910. Por proposta de Clara Zetkin, concordou-se em comemorar essa data em rep\u00fadio \u00e0s condi\u00e7\u00f5es de opress\u00e3o em que as mulheres trabalhadoras estavam no mundo e a favor do sufr\u00e1gio sem restri\u00e7\u00f5es.<\/em><br \/>\n<!--more--><br \/>\nPor: PT-Costa Rica<br \/>\nO dia 8 de mar\u00e7o n\u00e3o \u00e9 uma data comum, \u00e9 um dia de luta mundial da classe trabalhadora que busca a liberta\u00e7\u00e3o da opress\u00e3o e explora\u00e7\u00e3o para todas as mulheres trabalhadoras. Como todos os anos, o Dia Internacional das Mulheres Trabalhadoras deve servir para impulsionar as lutas em todo o mundo e discutir a realidade das trabalhadoras \u00e0 luz dos principais problemas que afetam a classe trabalhadora.<br \/>\n<strong>O desemprego aprofunda desigualdades<\/strong><br \/>\nUma das principais preocupa\u00e7\u00f5es da popula\u00e7\u00e3o e das mulheres em particular \u00e9 o acesso ao emprego. As \u00faltimas pesquisas revelam que, em 2019, o desemprego teve uma porcentagem maior entre as mulheres, com 15,3%, enquanto no caso dos homens, foi de 9,9%.<br \/>\nApesar disso, o governo continua tentando descarregar a culpa na popula\u00e7\u00e3o. A ministra do Trabalho, Geannina Dinarte, disse que h\u00e1 um setor da popula\u00e7\u00e3o que abandonou seus estudos nas \u00faltimas d\u00e9cadas e n\u00e3o possui os perfis exigidos pelas empresas.<br \/>\nNa mesma linha, o presidente Alvarado, sendo ministro do Trabalho no governo anterior, disse na \u00e9poca que &#8220;h\u00e1 trabalho, mas falta treinamento&#8221;.<br \/>\nSuas vers\u00f5es contradizem a realidade. N\u00e3o apenas existe uma pol\u00edtica de defini\u00e7\u00e3o da educa\u00e7\u00e3o, mas as mulheres representam 60% das gradua\u00e7\u00f5es nas cursos universit\u00e1rios, mas, mesmo assim, continuam sendo as mais afetadas pelo desemprego.<br \/>\n<strong>Viol\u00eancia econ\u00f4mica: uma engrenagem fundamental para a viol\u00eancia sexista<\/strong><br \/>\nEm 8 de mar\u00e7o do ano anterior, o Governo anunciou o estabelecimento de uma frente constitu\u00edda pelos Minist\u00e9rios do Trabalho, Habita\u00e7\u00e3o, Desenvolvimento Humano, INAMU e INA para a aten\u00e7\u00e3o das mulheres em situa\u00e7\u00e3o de pobreza. O Presidente Alvarado disse que \u201co governo intensificar\u00e1 a integra\u00e7\u00e3o de mais mulheres no mercado de trabalho com op\u00e7\u00f5es de assist\u00eancia e treinamento t\u00e9cnico e bil\u00edngue, para reduzir as disparidades salariais entre homens e mulheres, impactar no crescimento econ\u00f4mico e sua qualidade de vida e de suas fam\u00edlias&#8221;.<br \/>\nMas, desde ent\u00e3o, a diferen\u00e7a de g\u00eanero no desemprego aumentou de 52,4% para 77% e o or\u00e7amento da educa\u00e7\u00e3o diminuiu, afetando tamb\u00e9m os servi\u00e7os da rede de aten\u00e7\u00e3o, que cobrem apenas 6% da popula\u00e7\u00e3o objetivo<br \/>\nPouco serviu \u00e0s trabalhadoras ter um governo que afirma defender seus direitos ou para ter Patricia Mora, da Frente Ampla, \u00e0 frente do INAMU. N\u00e3o h\u00e1 possibilidades de melhoria para as mulheres enquanto o governo continuar pressionando a agenda do Fundo Monet\u00e1rio Internacional ou cortando programas de assist\u00eancia social que afetam especialmente elas e suas fam\u00edlias, condenando-as \u00e0 pobreza e mantendo a depend\u00eancia econ\u00f4mica de seus companheiros. Por isso, dizemos que n\u00e3o apenas enfrentamos a viol\u00eancia de seus companheiros, mas tamb\u00e9m de um Estado que, com sua pol\u00edtica de cortes e desigualdades, as violenta diariamente.<br \/>\n<strong>Enfrentar as pol\u00edticas de desigualdade com organiza\u00e7\u00e3o e luta<\/strong><br \/>\nEm 8 de mar\u00e7o, \u00e9 essencial que a classe trabalhadora assuma as demandas das mulheres como parte de seu plano de luta. Para enfrentar a situa\u00e7\u00e3o cr\u00edtica de desemprego e precariedade no emprego, \u00e9 urgente a organiza\u00e7\u00e3o. \u00c9 por isso que \u00e9 essencial exigir a redu\u00e7\u00e3o da jornada de trabalho sem redu\u00e7\u00e3o dos sal\u00e1rios, para que mais pessoas possam ter um emprego decente.<br \/>\nAl\u00e9m disso, \u00e9 urgente exigir a cessa\u00e7\u00e3o do pagamento da d\u00edvida p\u00fablica, para que o dinheiro destinado todos os anos para o pagamento da d\u00edvida seja investido em educa\u00e7\u00e3o, sa\u00fade e em um plano de obras p\u00fablicas que gere emprego decente para as mulheres. .<br \/>\nJunto com isso, \u00e9 essencial ter uma pol\u00edtica especial para nos libertar das tarefas dom\u00e9sticas e de cuidados que hoje limitam as possibilidades de as mulheres trabalhar fora. Por isso, \u00e9 necess\u00e1rio o investimento estatal em creches, restaurantes e lavanderias 100% p\u00fablicas, para que as tarefas de cuidados e trabalho dom\u00e9stico, tradicionalmente recarregadas nos ombros das mulheres, sejam socializadas.<br \/>\nTradu\u00e7\u00e3o: Lena Souza<\/p>\n","protected":false},"excerpt":{"rendered":"<p>O Dia Internacional da Mulher Trabalhadora teve sua origem na II Confer\u00eancia Internacional das Mulheres Socialistas, realizada em 1910. Por proposta de Clara Zetkin, concordou-se em comemorar essa data em rep\u00fadio \u00e0s condi\u00e7\u00f5es de opress\u00e3o em que as mulheres trabalhadoras estavam no mundo e a favor do sufr\u00e1gio sem restri\u00e7\u00f5es.<\/p>\n","protected":false},"author":13,"featured_media":31838,"menu_order":0,"comment_status":"open","ping_status":"open","sticky":false,"template":"","format":"standard","meta":{"litci_post_political_author":"","footnotes":""},"categories":[4855,287,3493],"tags":[394,3494,5067,3713],"class_list":["post-31837","post","type-post","status-publish","format-standard","has-post-thumbnail","hentry","category-8m-2020","category-costa-rica","category-mulheres","tag-8m-2020","tag-mulheres","tag-mulheres-costa-rica","tag-pt-costa-rica"],"fimg_url":"https:\/\/litci.org\/pt\/wp-content\/uploads\/2020\/03\/Protestan-en-Costa-Rica-por-feminicidios-de-turistas-mexicana-y-espanola.jpg","categories_names":["8M 2020","Costa Rica","Mulheres"],"author_info":{"name":"Javier f","pic":"https:\/\/secure.gravatar.com\/avatar\/38f104112503b4b2d43a8972576238b0824db79ccc991f981595fcbc569b0601?s=96&d=mm&r=g"},"political_author":null,"tagline":"","_links":{"self":[{"href":"https:\/\/litci.org\/pt\/wp-json\/wp\/v2\/posts\/31837","targetHints":{"allow":["GET"]}}],"collection":[{"href":"https:\/\/litci.org\/pt\/wp-json\/wp\/v2\/posts"}],"about":[{"href":"https:\/\/litci.org\/pt\/wp-json\/wp\/v2\/types\/post"}],"author":[{"embeddable":true,"href":"https:\/\/litci.org\/pt\/wp-json\/wp\/v2\/users\/13"}],"replies":[{"embeddable":true,"href":"https:\/\/litci.org\/pt\/wp-json\/wp\/v2\/comments?post=31837"}],"version-history":[{"count":0,"href":"https:\/\/litci.org\/pt\/wp-json\/wp\/v2\/posts\/31837\/revisions"}],"wp:featuredmedia":[{"embeddable":true,"href":"https:\/\/litci.org\/pt\/wp-json\/wp\/v2\/media\/31838"}],"wp:attachment":[{"href":"https:\/\/litci.org\/pt\/wp-json\/wp\/v2\/media?parent=31837"}],"wp:term":[{"taxonomy":"category","embeddable":true,"href":"https:\/\/litci.org\/pt\/wp-json\/wp\/v2\/categories?post=31837"},{"taxonomy":"post_tag","embeddable":true,"href":"https:\/\/litci.org\/pt\/wp-json\/wp\/v2\/tags?post=31837"}],"curies":[{"name":"wp","href":"https:\/\/api.w.org\/{rel}","templated":true}]}}