{"id":31497,"date":"2020-02-15T12:57:06","date_gmt":"2020-02-15T14:57:06","guid":{"rendered":"https:\/\/litci.org\/pt\/?p=31497"},"modified":"2020-02-15T12:57:06","modified_gmt":"2020-02-15T14:57:06","slug":"brasil-generais-e-ministros-de-bolsonaro-e-do-pt-o-alto-preco-da-conciliacao-de-classes","status":"publish","type":"post","link":"https:\/\/litci.org\/pt\/2020\/02\/15\/brasil-generais-e-ministros-de-bolsonaro-e-do-pt-o-alto-preco-da-conciliacao-de-classes\/","title":{"rendered":"Brasil &#124; Generais e ministros de Bolsonaro e do PT: O alto pre\u00e7o da concilia\u00e7\u00e3o de classes"},"content":{"rendered":"<p><em>Para a grande m\u00eddia brasileira, a \u201cpolariza\u00e7\u00e3o pol\u00edtica\u201d \u00e9 expressa pelo governo Bolsonaro e seus apoiadores de um lado, e do outro o PT. Na realidade, existe uma linha que entrela\u00e7a essas figuras e grupos pol\u00edticos que pouco \u00e9 falada e discutida, mas que est\u00e1 relacionada a um dos cap\u00edtulos mais tenebrosos da hist\u00f3ria recente do Brasil: as invas\u00f5es do Ex\u00e9rcito brasileiro no Haiti e na Rep\u00fablica Democr\u00e1tica do Congo sob mando dos Estados Unidos e da ONU (Organiza\u00e7\u00e3o das Na\u00e7\u00f5es Unidas).<\/em><br \/>\n<!--more--><br \/>\nPor: Hamza Vini e Yuri Gomes, do PSTU Mariana\/MG<br \/>\n<strong>Miss\u00f5es de Paz?<\/strong><br \/>\nAs chamadas \u201cMiss\u00f5es de Paz\u201d da ONU s\u00e3o uma s\u00e9rie de invas\u00f5es a pa\u00edses estrat\u00e9gicos e sob desestabiliza\u00e7\u00e3o pol\u00edtica para manter a ordem, principalmente para garantir a propriedade e a explora\u00e7\u00e3o das empresas estrangeiras sobre o povo local. Os Estados Unidos, na cabe\u00e7a da ONU, terceirizam dezenas de tropas invasoras combinando seus interesses econ\u00f4micos e pol\u00edticos com os de pot\u00eancias regionais. Essa \u00e9 uma das faces mais destrutivas do que chamamos de \u201cimperialismo\u201d.<br \/>\nAo contr\u00e1rio do discurso de pacifica\u00e7\u00e3o, as miss\u00f5es deixaram um profundo rastro de destrui\u00e7\u00e3o e crimes humanit\u00e1rios, como assassinatos de civis, estupros e transmiss\u00e3o de doen\u00e7as, como hipocritamente a pr\u00f3prio ONU confessa no caso do Haiti [1].<br \/>\n<strong>Chocando o ovo da serpente\u2026<\/strong><br \/>\nDurante os governos petistas de Lula e Dilma (2003-2016), o Brasil se prestou a esse papel de capacho dos Estados Unidos, garantindo os neg\u00f3cios de empresas multinacionais brasileiras,\u00a0 liderando as tropas internacionais da Minustah (Haiti) a partir de 2004 e compondo a Monusco (RD Congo) a partir de 2010.<br \/>\nNesses anos, os militares que se envolveram nessas opera\u00e7\u00f5es ganharam muito prest\u00edgio, n\u00e3o s\u00f3 nas For\u00e7as Armadas, como na pr\u00f3pria composi\u00e7\u00e3o do governo. Exemplos disso s\u00e3o os casos dos generais da Minustah, Jos\u00e9 Elito e Edson Pujol, que foram ministros do governo de Dilma Rousseff no Gabinete de Seguran\u00e7a Institucional (GSI), ou, em caminho inverso, outro general, Elias Martins Filho, atual comandante das tropas da Monusco, que foi chefe da Guarda Presidencial de 2009 a 2011.<br \/>\nPrestigiados n\u00e3o ficaram apenas os generais, mas a pol\u00edtica de ataque \u00e0s popula\u00e7\u00f5es negras e pobres, fora e dentro do nosso pa\u00eds. N\u00e3o \u00e0 toa, a pol\u00edtica das UPP\u2019s (Unidades de Pol\u00edcia Pacificadora), incentivada na \u00e9poca pelo Governos Federal e estadual do Rio de Janeiro, utilizou-se da for\u00e7a militar testada no Haiti para massacrar as comunidades, como foi a invas\u00e3o do Morro do Alem\u00e3o (2007) e do Complexo da Mar\u00e9 (2015). As UPP\u2019s \u201cpacificaram\u201d as favelas do Rio, como as tropas da ONU \u201cpacificaram\u201d o Haiti, resultando em assassinatos de moradores, corrup\u00e7\u00e3o com o crime organizado (mil\u00edcias) e opress\u00e3o \u00e0s comunidades. Ou seja, paz para os ricos e viol\u00eancia aos negros e pobres.<br \/>\n<strong>O voo da serpente<\/strong><br \/>\nFortalecidos durante os governos petistas, essas figuras e projetos se tornaram fator pol\u00edtico central durante a fal\u00eancia do mandato de Dilma Roussef e crise pol\u00edtica generalizada. Antes base de estabilidade institucional da Frente Popular [2], agora comp\u00f5em uma das principais for\u00e7as pol\u00edticas na gambiarra de ultradireita do atual Governo Federal.<br \/>\nAlinhados com um governo que abertamente quer privilegiar a elite das For\u00e7as Armadas, inclusive em detrimento aos soldados rasos como na reforma da Previd\u00eancia militar, sobrou \u201cboquinha\u201d para os l\u00edderes dos massacres brasileiros no estrangeiro. Bolsonaro se cerca destas figuras, como seu leal escudeiro, general Augusto Heleno, e outros cinco cargos do alto escal\u00e3o do governo, para tentar impor seu projeto de ditadura, superexplora\u00e7\u00e3o e exterm\u00ednio da popula\u00e7\u00e3o negra, pobre e ind\u00edgena no pa\u00eds.<br \/>\nAugusto Heleno \u00e9 hoje a melhor express\u00e3o desse setor. Primeiro comandante de Lula nas for\u00e7as da Minustah no Haiti, e atual ministro do GSI de Jair Bolsonaro, abertamente declara apoio ao regime de ditadura militar (1964-1985) e o uso da repress\u00e3o dessa \u00e9poca contra manifesta\u00e7\u00f5es de trabalhadores que discordem do governo e de seus ataques [3].<br \/>\n<strong>Li\u00e7\u00f5es da hist\u00f3ria<\/strong><br \/>\nO PT, na ambi\u00e7\u00e3o de governar o Estado burgu\u00eas, fez todas as concess\u00f5es poss\u00edveis ao grande empresariado e grupos que seriam o extremo oposto daquele partido que surgiu das greves oper\u00e1rias do final da d\u00e9cada de 70 contra a ditadura militar. Na realidade, passaram pano para os setores mais reacion\u00e1rios dos militares que defendem os \u201canos de chumbo\u201d, descaracterizou a Comiss\u00e3o da Verdade e manteve a anistia [4] aos torturadores e assassinos. E n\u00e3o foram s\u00f3 a eles que se abaixou a cabe\u00e7a, mas tamb\u00e9m aos fundamentalistas evang\u00e9licos, aos economistas liberais e os pol\u00edticos corruptos. Quer dizer: todos aqueles que governam hoje o pa\u00eds e amea\u00e7a a classe trabalhadora.<br \/>\nA crise econ\u00f4mica bateu e come\u00e7ou a alimentar uma crise pol\u00edtica institucional durante o mandato de Dilma, inclusive ambas sobrevivem at\u00e9 hoje. Sem moral com o movimento de massas, que a partir de 2013 lutava contra o governo, o PT n\u00e3o conseguia aplicar a agenda do grande empresariado de ataque aos direitos dos trabalhadores. Assim, foi descartado com o impeachment de 2016.<br \/>\nDilma saiu, mas os ovos da serpente de ultradireita como Bolsonaro, ultraliberais como Paulo Guedes, fisiocratas corruptos como Onix Lorenzoni, chocaram e governam. As consequ\u00eancias da concilia\u00e7\u00e3o de classes, da pol\u00edtica petista de acender vela pra Deus e o Diabo, governar para \u201ctodos\u201d, s\u00e3o sentidas hoje pelas periferias em que se s\u00e3o apontados os fuzis que intimidaram e intimidam, mataram e matam, nossos irm\u00e3os haitianos e congoleses.<br \/>\n<strong>Aprender com a luta hist\u00f3rica do povo haitiano e congol\u00eas para derrotar Bolsonaro!<\/strong><br \/>\nO Haiti foi o segundo pa\u00eds do continente a se tornar independente da coloniza\u00e7\u00e3o europeia. E sua liberta\u00e7\u00e3o foi fruto da luta pela liberdade dos negros e negras escravizados. Por isso foi um pa\u00eds boicotado e atacado pelo imperialismo ao longo de sua hist\u00f3ria. O papel que o governo PT teve foi um desservi\u00e7o para a luta antirracista mundial. Ao mesmo tempo, o povo haitiano e congol\u00eas seguem em luta [5] pelos seus direitos e contra os ataques \u00e0 sua liberdade e sua condi\u00e7\u00e3o de vida. Foram e continuam sendo um importante exemplo para a classe trabalhadora brasileira, principalmente para as negras e negros oprimidos da nossa classe. S\u00f3 a luta nos libertar\u00e1, a concilia\u00e7\u00e3o n\u00e3o.<br \/>\nA verdadeira \u201cpolariza\u00e7\u00e3o\u201d que existe nacional e internacionalmente, \u00e9 a polariza\u00e7\u00e3o social e pol\u00edtica entre as massas exploradas e oprimidas contra os ataques dos capitalistas. Do lado dos patr\u00f5es, que se expressa aqui a partir da figura de Jair Bolsonaro, uma das faces mais nojentas, racistas e submissas ao imperialismo de nossa burguesia.<br \/>\nDo nosso lado, nos cabe seguir o caminho de nossos irm\u00e3os latino-americanos e africanos que abriram as veias da luta de classes a n\u00edvel mundial, e levar, assim, a mesma \u201cpaz\u201d que as tropas levaram, mas \u00e0queles que s\u00e3o respons\u00e1veis pela nossa mis\u00e9ria. Precisamos unificar as lutas para derrotar Bolsonaro e seu projeto de ditadura e retirar as tropas internacionais do Haiti e Congo. Mas o caminho n\u00e3o ser\u00e1 cometendo os mesmos erros do passado, mas construindo a nossa sa\u00edda, dos debaixo contra os de cima: uma sociedade socialista.<br \/>\n[1] Entenda mais em\u00a0<a href=\"https:\/\/litci.org\/pt\/mundo\/america-latina\/uruguai\/minustah-abuso-e-exploracao-sexual-infantil-no-haiti\/\">https:\/\/litci.org\/pt\/mundo\/america-latina\/uruguai\/minustah-abuso-e-exploracao-sexual-infantil-no-haiti\/<\/a>\u00a0 e\u00a0<a href=\"https:\/\/www.brasildefato.com.br\/2017\/09\/01\/estupros-colera-e-30-mil-mortos-conheca-o-legado-da-minustah-no-haiti\/\" target=\"_blank\" rel=\"noopener\">https:\/\/www.brasildefato.com.br\/2017\/09\/01\/estupros-colera-e-30-mil-mortos-conheca-o-legado-da-minustah-no-haiti\/<\/a><br \/>\n[2] Frente Popular s\u00e3o governos de colabora\u00e7\u00e3o de classes, que envolvem partidos de base trabalhadora e partidos burgueses para gerirem o Estado capitalista.<br \/>\n[3]\u00a0<a href=\"https:\/\/noticias.uol.com.br\/politica\/ultimas-noticias\/2019\/10\/31\/ai-5-tem-que-estudar-como-fazer-diz-general-heleno-sobre-fala-de-eduardo.htm\" target=\"_blank\" rel=\"noopener\">https:\/\/noticias.uol.com.br\/politica\/ultimas-noticias\/2019\/10\/31\/ai-5-tem-que-estudar-como-fazer-diz-general-heleno-sobre-fala-de-eduardo.htm<\/a><br \/>\n[4] Ver mais em:\u00a0<a href=\"https:\/\/www.otempo.com.br\/hotsites\/50-anos-do-golpe\/revisao-tem-clamor-mas-dilma-nao-apoia-1.816803\" target=\"_blank\" rel=\"noopener\">https:\/\/www.otempo.com.br\/hotsites\/50-anos-do-golpe\/revisao-tem-clamor-mas-dilma-nao-apoia-1.816803<\/a>\u00a0e\u00a0<a href=\"https:\/\/www.pstu.org.br\/comissao-nacional-da-verdade-mais-um-ano-de-impunidade\/\" target=\"_blank\" rel=\"noopener\">https:\/\/www.pstu.org.br\/comissao-nacional-da-verdade-mais-um-ano-de-impunidade\/<\/a><br \/>\n[5] Ver mais em:\u00a0<a href=\"https:\/\/litci.org\/pt\/mundo\/america-latina\/haiti\/haiti-se-levanta-contra-moise\/\">https:\/\/litci.org\/pt\/mundo\/america-latina\/haiti\/haiti-se-levanta-contra-moise\/<\/a>\u00a0e\u00a0<a href=\"https:\/\/litci.org\/pt\/mundo\/africa\/congo\/sangue-nas-maos-do-governo-do-congo\/\">https:\/\/litci.org\/pt\/mundo\/africa\/congo\/sangue-nas-maos-do-governo-do-congo\/<\/a><br \/>\nGeneral Augusto Heleno:\u00a0Comandante das for\u00e7as da Minustah em 2004 e 2005, indicado para comandar o Gabinete de Seguran\u00e7a Institucional a partir de 1\u00ba de janeiro de 2019.<br \/>\nGeneral Fernando Azevedo e Silva:\u00a0Chefe de Opera\u00e7\u00f5es do Contingente Brasileiro na Minustah em 2004 e 2005, indicado agora para chefiar o Minist\u00e9rio da Defesa.<br \/>\nGeneral Carlos Alberto dos Santos Cruz:\u00a0Comandante das tropas da Minustah de 2006 a 2009 e das tropas da ONU no Congo de 2013 a 2015, indicado para comandar a Secretaria de Governo.<br \/>\nCapit\u00e3o Tarc\u00edsio Gomes de Freitas:\u00a0Chefe da se\u00e7\u00e3o t\u00e9cnica da Companhia de Engenharia do Brasil na miss\u00e3o do Haiti, em 2005 e 2006, indicado agora para comandar o Minist\u00e9rio da Infraestrutura.<br \/>\nGeneral Floriano Peixoto Vieira Neto:\u00a0Comandou os militares da miss\u00e3o no Haiti em 2009 e 2010 assumiu a Secretaria de Comunica\u00e7\u00e3o Social do novo governo, de acordo com o pr\u00f3prio presidente eleito.<br \/>\nGeneral Edson Leal Pujol:\u00a0Comandou as for\u00e7as da ONU no Haiti em 2013 e 2014, foi secret\u00e1rio-executivo do Gabinete de Seguran\u00e7a Institucional em 2014 e 2015, durante o governo Dilma Roussef, e assumir\u00e1 agora o Comando do Ex\u00e9rcito no governo Bolsonaro.<br \/>\nGeneral Ajax Porto Pinheiro:\u00a0Comandou as for\u00e7as da Minustah de 2015 at\u00e9 2017, e agora passou a ocupar o lugar deixado pelo general Azevedo e Silva na assessoria do presidente do Supremo Tribunal Federal, o ministro Dias Toffoli.<br \/>\nGeneral Elias Rodrigues Martins Filho:\u00a0Atual comandante das for\u00e7as militares da Monusco no Congo, foi comandante do batalh\u00e3o da Guarda Presidencial brasileira (2009-2011).<br \/>\n&nbsp;<\/p>\n","protected":false},"excerpt":{"rendered":"<p>Para a grande m\u00eddia brasileira, a \u201cpolariza\u00e7\u00e3o pol\u00edtica\u201d \u00e9 expressa pelo governo Bolsonaro e seus apoiadores de um lado, e do outro o PT. Na realidade, existe uma linha que entrela\u00e7a essas figuras e grupos pol\u00edticos que pouco \u00e9 falada e discutida, mas que est\u00e1 relacionada a um dos cap\u00edtulos mais tenebrosos da hist\u00f3ria recente [&hellip;]<\/p>\n","protected":false},"author":13,"featured_media":31498,"menu_order":0,"comment_status":"open","ping_status":"open","sticky":false,"template":"","format":"standard","meta":{"litci_post_political_author":"","footnotes":""},"categories":[121],"tags":[470,4972,382,4973,105,28,388],"class_list":["post-31497","post","type-post","status-publish","format-standard","has-post-thumbnail","hentry","category-brasil","tag-bolsonaro","tag-generais-no-governo","tag-hamza-vini","tag-ministros-de-bolsonaro","tag-minustah","tag-pt","tag-yuri-gomes"],"fimg_url":"https:\/\/litci.org\/pt\/wp-content\/uploads\/2020\/02\/Aug.jpg","categories_names":["Brasil"],"author_info":{"name":"Javier f","pic":"https:\/\/secure.gravatar.com\/avatar\/38f104112503b4b2d43a8972576238b0824db79ccc991f981595fcbc569b0601?s=96&d=mm&r=g"},"political_author":null,"tagline":"","_links":{"self":[{"href":"https:\/\/litci.org\/pt\/wp-json\/wp\/v2\/posts\/31497","targetHints":{"allow":["GET"]}}],"collection":[{"href":"https:\/\/litci.org\/pt\/wp-json\/wp\/v2\/posts"}],"about":[{"href":"https:\/\/litci.org\/pt\/wp-json\/wp\/v2\/types\/post"}],"author":[{"embeddable":true,"href":"https:\/\/litci.org\/pt\/wp-json\/wp\/v2\/users\/13"}],"replies":[{"embeddable":true,"href":"https:\/\/litci.org\/pt\/wp-json\/wp\/v2\/comments?post=31497"}],"version-history":[{"count":0,"href":"https:\/\/litci.org\/pt\/wp-json\/wp\/v2\/posts\/31497\/revisions"}],"wp:featuredmedia":[{"embeddable":true,"href":"https:\/\/litci.org\/pt\/wp-json\/wp\/v2\/media\/31498"}],"wp:attachment":[{"href":"https:\/\/litci.org\/pt\/wp-json\/wp\/v2\/media?parent=31497"}],"wp:term":[{"taxonomy":"category","embeddable":true,"href":"https:\/\/litci.org\/pt\/wp-json\/wp\/v2\/categories?post=31497"},{"taxonomy":"post_tag","embeddable":true,"href":"https:\/\/litci.org\/pt\/wp-json\/wp\/v2\/tags?post=31497"}],"curies":[{"name":"wp","href":"https:\/\/api.w.org\/{rel}","templated":true}]}}