{"id":31491,"date":"2020-02-14T10:58:29","date_gmt":"2020-02-14T12:58:29","guid":{"rendered":"https:\/\/litci.org\/pt\/?p=31491"},"modified":"2020-02-14T10:58:29","modified_gmt":"2020-02-14T12:58:29","slug":"brasil-defender-a-petrobras-e-derrotar-bolsonaro-mourao-ja","status":"publish","type":"post","link":"https:\/\/litci.org\/pt\/2020\/02\/14\/brasil-defender-a-petrobras-e-derrotar-bolsonaro-mourao-ja\/","title":{"rendered":"Brasil&#124; Defender a Petrobras e derrotar Bolsonaro-Mour\u00e3o j\u00e1!"},"content":{"rendered":"<p><em>Quando fech\u00e1vamos esta edi\u00e7\u00e3o, os petroleiros entravam no<a href=\"https:\/\/www.pstu.org.br\/greve-dos-petroleiros-cresce-em-12o-dia-de-mobilizacao-ato-de-apoio-acontece-nesta-quinta-13\/\" target=\"_blank\" rel=\"noopener\">\u00a012\u00ba dia de greve<\/a>\u00a0contra as demiss\u00f5es, a privatiza\u00e7\u00e3o e o desmantelamento da Petrobras pelo governo Bolsonaro.<\/em><br \/>\n<!--more--><br \/>\nPor: PSTU Brasil<br \/>\nEsta que \u00e9 uma das greves mais importantes do pa\u00eds quase n\u00e3o \u00e9 noticiada pela m\u00eddia. Enquanto a maioria da popula\u00e7\u00e3o \u00e9 contra as privatiza\u00e7\u00f5es, no mundinho dos ricos e poderosos quase todos s\u00e3o a favor, de Bolsonaro at\u00e9 toda a grande imprensa (incluindo governadores da oposi\u00e7\u00e3o que disputam dinheiro da entrega do pr\u00e9-sal). Por isso \u00e9 fundamental cercar essa greve de solidariedade e defender a Petrobras 100% estatal sob controle dos funcion\u00e1rios.<br \/>\nTalvez a maior fake news do s\u00e9culo seja a lenda de que Bolsonaro \u00e9 um governo nacionalista. \u00c9 um governo totalmente antinacional. Comporta-se como governo de uma col\u00f4nia dos EUA. Lacaio de Trump, em meio \u00e0 maior crise e decad\u00eancia mundial do sistema capitalista, promove a rapina e a entrega do pa\u00eds; trava uma guerra social contra os trabalhadores e o povo pobre; promove uma tremenda devasta\u00e7\u00e3o ambiental; incentiva o genoc\u00eddio negro e ind\u00edgena, o obscurantismo, o preconceito, a persegui\u00e7\u00e3o \u00e0 cultura, \u00e0 educa\u00e7\u00e3o e \u00e0 ci\u00eancia; amea\u00e7a as liberdades democr\u00e1ticas e enaltece a ditadura militar.<br \/>\nToda reivindica\u00e7\u00e3o s\u00e9ria de trabalhadores, desempregados, juventude e povo pobre se choca com o governo e com seu projeto autorit\u00e1rio, predat\u00f3rio e de barb\u00e1rie, de superexplora\u00e7\u00e3o e entrega.<br \/>\nNa virada do ano, a libera\u00e7\u00e3o de uma grana do FGTS, combinada com a propaganda de que o pa\u00eds come\u00e7aria a crescer e o desemprego a diminuir, e o clima de Natal e ano novo podem ter alentado a ilus\u00e3o ou a esperan\u00e7a de alguns setores. Por\u00e9m as chuvas que assolaram Minas, S\u00e3o Paulo e devem migrar para o Rio est\u00e3o mostrando a decad\u00eancia desse sistema e a irresponsabilidade dos governos.<br \/>\nJunto com as chuvas, continua o plano de ajuste e de terra arrasada do governo Bolsonaro-Guedes. Desmembram e vendem a Petrobras e engatilham para o final de mar\u00e7o a vota\u00e7\u00e3o da MP 905, que acaba com o que resta de direitos trabalhistas.<br \/>\nO ministro da Economia, Paulo Guedes, chamou os servidores p\u00fablicos de parasitas. Agora diz\u00a0<a href=\"https:\/\/www.pstu.org.br\/paulo-guedes-empregada-domestica-indo-para-a-disneylandia-uma-festa-danada\/\" target=\"_blank\" rel=\"noopener\">que empregada dom\u00e9stica viajava \u00e0 Disney<\/a>\u00a0antes da alta do d\u00f3lar. Guedes \u00e9 um banqueiro que enriqueceu com fraudes em fundos de pens\u00e3o. Ele quer acabar com a estabilidade do funcionalismo, reduzir sal\u00e1rios e privatizar tudo o que hoje \u00e9 p\u00fablico. \u00c9 s\u00f3 olhar para as filas do INSS para ver aonde esse amante do modelo chileno liberal-pinochetista quer levar o pa\u00eds.<br \/>\nContudo, come\u00e7ou tamb\u00e9m, antes mesmo do Carnaval, um processo importante de lutas e greves: petroleiros, servidores p\u00fablicos, funcion\u00e1rios dos Correios etc. O carnaval vai colocar a oposi\u00e7\u00e3o popular a esse governo e seus ministros nas ruas. O 8 de Mar\u00e7o, pode ser um pontap\u00e9 num processo de unifica\u00e7\u00e3o das lutas, que recoloque a necessidade da greve geral.<br \/>\nNesse sentido, \u00e9 necess\u00e1ria a mais ampla unidade para lutar e, na luta, debater um programa que defenda de fato: o emprego, a moradia, a educa\u00e7\u00e3o, a sa\u00fade, os servi\u00e7os p\u00fablicos, a reforma agr\u00e1ria, as terras ind\u00edgenas e quilombolas; o meio ambiente, o fim da viol\u00eancia e do preconceito contra pobres, desempregados, negros, ind\u00edgenas, mulheres, LGBTs; a soberania nacional e a Petrobras 100% estatal; as liberdades democr\u00e1ticas (direito de greve, opini\u00e3o, manifesta\u00e7\u00e3o, organiza\u00e7\u00e3o etc.).<br \/>\nA oposi\u00e7\u00e3o parlamentar e institucional \u2013 PT, PCdoB \u2013 que governa alguns estados e munic\u00edpios n\u00e3o tem como prioridade derrotar Bolsonaro-Mour\u00e3o j\u00e1. Aplicam em seus governos o mesmo ajuste que o governo federal. Priorizam a atua\u00e7\u00e3o no parlamento e a forma\u00e7\u00e3o de frentes amplas de colabora\u00e7\u00e3o de classes para as elei\u00e7\u00f5es. Sem falar no Solidariedade, do Paulinho da For\u00e7a, e nos demais partidos burgueses de oposi\u00e7\u00e3o. Isso limita a a\u00e7\u00e3o dos sindicatos e das centrais que influenciam.<br \/>\n\u00c9 necess\u00e1rio defender e exigir a mais ampla unidade para lutar e para derrotar Bolsonaro e seu projeto j\u00e1!<br \/>\nNas elei\u00e7\u00f5es, a tarefa \u00e9 apresentar um projeto de classe e socialista e n\u00e3o uma frente ampla de colabora\u00e7\u00e3o de classes como fez o PT, que nos trouxe aonde estamos agora, ou alternativas da direita tradicional, como Huck, Doria ou Maia.<br \/>\n\u00c9 preciso defender uma alternativa socialista que fa\u00e7a o 1% dos ricos pagarem pela crise e n\u00e3o os pobres como \u00e9 hoje. Que pare de pagar a falsa d\u00edvida p\u00fablica aos banqueiros em vez de cortar verbas da sa\u00fade, educa\u00e7\u00e3o, saneamento e aposentadorias. Que acabe com as isen\u00e7\u00f5es \u00e0s grandes empresas, cobre impostos dos ricos e garanta um plano de obras p\u00fablicos que gere empregos. Que reestatize e nacionalize as empresas privatizadas para impedir desastres como o da Vale. Que revogue a reforma da Previd\u00eancia e a trabalhista e defenda o meio ambiente. Que confisque os bens de todos os corruptos e corruptores. Um governo socialista, que governe por meio da mobiliza\u00e7\u00e3o e de conselhos populares, e n\u00e3o um governo que atue a favor do lucro de um punhado de bilion\u00e1rios capitalistas.<br \/>\n&nbsp;<\/p>\n","protected":false},"excerpt":{"rendered":"<p>Quando fech\u00e1vamos esta edi\u00e7\u00e3o, os petroleiros entravam no\u00a012\u00ba dia de greve\u00a0contra as demiss\u00f5es, a privatiza\u00e7\u00e3o e o desmantelamento da Petrobras pelo governo Bolsonaro.<\/p>\n","protected":false},"author":13,"featured_media":31492,"menu_order":0,"comment_status":"open","ping_status":"open","sticky":false,"template":"","format":"standard","meta":{"litci_post_political_author":"","footnotes":""},"categories":[121],"tags":[4916,3972,376,190],"class_list":["post-31491","post","type-post","status-publish","format-standard","has-post-thumbnail","hentry","category-brasil","tag-greve-petroleiros","tag-paulo-guedes","tag-petrobras","tag-pstu-brasil"],"fimg_url":"https:\/\/litci.org\/pt\/wp-content\/uploads\/2020\/02\/petroleiros-2.jpg","categories_names":["Brasil"],"author_info":{"name":"Javier f","pic":"https:\/\/secure.gravatar.com\/avatar\/38f104112503b4b2d43a8972576238b0824db79ccc991f981595fcbc569b0601?s=96&d=mm&r=g"},"political_author":null,"tagline":"","_links":{"self":[{"href":"https:\/\/litci.org\/pt\/wp-json\/wp\/v2\/posts\/31491","targetHints":{"allow":["GET"]}}],"collection":[{"href":"https:\/\/litci.org\/pt\/wp-json\/wp\/v2\/posts"}],"about":[{"href":"https:\/\/litci.org\/pt\/wp-json\/wp\/v2\/types\/post"}],"author":[{"embeddable":true,"href":"https:\/\/litci.org\/pt\/wp-json\/wp\/v2\/users\/13"}],"replies":[{"embeddable":true,"href":"https:\/\/litci.org\/pt\/wp-json\/wp\/v2\/comments?post=31491"}],"version-history":[{"count":0,"href":"https:\/\/litci.org\/pt\/wp-json\/wp\/v2\/posts\/31491\/revisions"}],"wp:featuredmedia":[{"embeddable":true,"href":"https:\/\/litci.org\/pt\/wp-json\/wp\/v2\/media\/31492"}],"wp:attachment":[{"href":"https:\/\/litci.org\/pt\/wp-json\/wp\/v2\/media?parent=31491"}],"wp:term":[{"taxonomy":"category","embeddable":true,"href":"https:\/\/litci.org\/pt\/wp-json\/wp\/v2\/categories?post=31491"},{"taxonomy":"post_tag","embeddable":true,"href":"https:\/\/litci.org\/pt\/wp-json\/wp\/v2\/tags?post=31491"}],"curies":[{"name":"wp","href":"https:\/\/api.w.org\/{rel}","templated":true}]}}