{"id":30839,"date":"2019-12-16T19:37:34","date_gmt":"2019-12-16T21:37:34","guid":{"rendered":"https:\/\/litci.org\/pt\/?p=30839"},"modified":"2019-12-16T19:37:34","modified_gmt":"2019-12-16T21:37:34","slug":"por-que-o-povo-catalao-luta","status":"publish","type":"post","link":"https:\/\/litci.org\/pt\/2019\/12\/16\/por-que-o-povo-catalao-luta\/","title":{"rendered":"Por que o povo catal\u00e3o luta?"},"content":{"rendered":"<p><em>O povo de Catalunha se levantou massivamente, com a juventude e as estudantes na cabe\u00e7a, contra a repress\u00e3o do regime mon\u00e1rquico do Estado Espanhol e em defesa de nossos direitos b\u00e1sicos fundamentais, levantando mobiliza\u00e7\u00f5es massivas, bloqueios de rodovias e enfrentando outra vez, como h\u00e1 dois anos, uma repress\u00e3o policial brutal.<\/em><\/p>\n<p><!--more--><\/p>\n<p>Por: Corriente Roja<\/p>\n<p><strong>Porque os catal\u00e3es lutam?<\/strong><\/p>\n<p>O povo catal\u00e3o luta contra a senten\u00e7a do tribunal supremo, uma senten\u00e7a de quase 100 anos de pris\u00e3o contra 9 dirigentes independentistas, uma vergonhosa senten\u00e7a para os 2,3 milh\u00f5es de catal\u00e3es que fomos para as ruas organizar e celebrar o referendo de 1 de outubro de 2017. \u00c9 por isso que exigimos a anistia dos presos pol\u00edticos.<\/p>\n<p>Lutamos contra a repress\u00e3o, uma repress\u00e3o pr\u00f3pria de uma ditadura, como o caso dos CDR acusados de terrorismo e presos em base a especula\u00e7\u00f5es e n\u00e3o fatos, estilo Altsasu.<\/p>\n<p>Contra a brutalidade policial que vivemos nas \u00faltimas semanas de protestos que deixou 600 feridos, 19 hospitalizados, 178 presos sem direito a fian\u00e7a. Pedimos a liberdade de todos os presos e o fim das causas judiciais.<\/p>\n<p>Lutamos contra o regime mon\u00e1rquico, um regime herdeiro da ditadura franquista que mantem as institui\u00e7\u00f5es sem depurar e que n\u00e3o castigou os crimes do franquismo. Um regime que \u00e9 uma pris\u00e3o de povos e questionar a unidade for\u00e7ada espanhola \u00e9 o pior crime que se pode cometer.<\/p>\n<p>Lutamos pelo direito a decidir.<\/p>\n<p>Al\u00e9m disso, os protestos desta semana demonstram que a juventude tamb\u00e9m est\u00e1 nas ruas lutando contra a precariedade, os baixos sal\u00e1rios e a falta de perspectiva de futuro.<\/p>\n<p>Diferente dos dirigentes independentistas e da esquerda espanhola institucional, Corriente Roja chama a auto-organiza\u00e7\u00e3o e a autodefesa frente a brutal repress\u00e3o policial. Exigimos a retirada da Policia Nacional e da Guarda Civil.<\/p>\n<p><strong>Qual \u00e9 a atitude das for\u00e7as pol\u00edticas espanholas? E da Uni\u00e3o Europeia?<\/strong><\/p>\n<p>O PSOE \u00e9 um dos pilares fundamentais do regime mon\u00e1rquico espanhol. Assim como a direita neofranquista exalta o pior dos nacionalismos, o nacionalismo espanhol opressor. J\u00e1 aceitou a senten\u00e7a e defendem que os condenados e os presos pol\u00edticos cumpram as penas de pris\u00e3o integralmente.<\/p>\n<p>Mas n\u00e3o tiveram nenhum problema de absolver banqueiros corruptos, policiais torturadores e o terrorismo de Estado do GAL enquanto defendem que os independentistas v\u00e3o para a pris\u00e3o somente por colocar urnas para votar.<\/p>\n<p><strong>Decidir n\u00e3o pode ser delito <\/strong><\/p>\n<p>Pedro S\u00e1nchez est\u00e1 dando ordens de reprimir o protesto, est\u00e1 enviando milhares de jovens e ativistas \u00e0 pris\u00e3o e amea\u00e7a com suprimir a autonomia catal\u00e3.<\/p>\n<p>O papel mais vergonhoso cumpre Pablo Iglesias e Unidas Podemos. Eles apareceram como uma alternativa \u00e0 socialdemocracia espanhola, apareceram como uma alternativa ao bipartidarismo e agora est\u00e3o atuando como uma forca auxiliar ao regime mon\u00e1rquico.<\/p>\n<p>Pablo Iglesias j\u00e1 aceitou a senten\u00e7a, disse que tem que respeitar a lei, est\u00e1 assumindo a repress\u00e3o dizendo que tem que moderar e condena a \u201cviol\u00eancia\u201d dos ativistas que est\u00e3o lutando contra a senten\u00e7a e contra a injusti\u00e7a social.<\/p>\n<p>Tamb\u00e9m n\u00e3o podemos esquecer o papel vergonhoso e inaceit\u00e1vel desta Uni\u00e3o Europeia, uma Uni\u00e3o Europeia que \u00e9 uma pris\u00e3o de povos e uma Uni\u00e3o Europeia que destapou o que \u00e9: um instrumento dos Estados e do capital que reprime e nega sistematicamente as \u00e2nsias de liberdade dos povos.<\/p>\n<p><strong>Que faz o Governo da Generalitat, formado por dois dos principais partidos independentistas?<\/strong><\/p>\n<p>Em primeiro lugar e talvez o mais vis\u00edvel \u00e9 que a for\u00e7a repressiva nesses dias \u00e9 a pol\u00edcia catal\u00e3, os Mossos de Esquadra, atuando sob as ordens da Policia Nacional e a Guarda Civil. Isso mostra a hipocrisia e a covardia dos dirigentes independistas oficiais, que enquanto chamam a participar nas mobiliza\u00e7\u00f5es nos envia aos Mossos de Esquadra para reprimir sob as ordens da Guarda Civil.<\/p>\n<p>Exigimos a dissolu\u00e7\u00e3o da BRIMO, a Brigada M\u00f3vel dos Mossos de Esquadra. Estes dirigentes est\u00e3o cada vez mais desacreditados diante de amplos setores do movimento. Por exemplo, no s\u00e1bado (19) Gabriel Rufi\u00e1n, deputado da <em>Izquierda Republicana, <\/em>foi xingado e expulso de uma concentra\u00e7\u00e3o por fazer um tweet condenando a autodefesa dos manifestantes.<\/p>\n<p>A pol\u00edtica do governo catal\u00e3o \u00e9 seguir administrando as migalhas da autonomia e aplicando sem duvidar os cortes que vem de Madri e Bruxelas. Esta dire\u00e7\u00e3o independentista demonstrou que n\u00e3o est\u00e1 disposta a romper com o regime espanhol e com a UE do capital. Isso \u00e9 cada dia mais evidente diante dos olhos do movimento independentista e dos ativistas que cada dia rejeitam com mais for\u00e7a esta cumplicidade.<\/p>\n<p>Corriente Roja tem claro: nenhuma confian\u00e7a no governo catal\u00e3o.<\/p>\n<p><strong>Chamado Internacional<\/strong><\/p>\n<p>O triunfo do povo da Catalunha ser\u00e1 tamb\u00e9m a derrota de um regime reacion\u00e1rio que \u00e9 chamado de democracia, mas n\u00e3o \u00e9. Um regime que est\u00e1 ao servi\u00e7o dos banqueiros e grandes empres\u00e1rios, os ricos e capitalistas. A luta do povo catal\u00e3o \u00e9 parte comum da luta dos trabalhadores e dos povos do Estado para acabar juntos com a Monarquia. E este \u00e9 o primeiro passo para construir uma uni\u00e3o livre de rep\u00fablicas ib\u00e9ricas e socialistas que enfrente a Uni\u00e3o Europeia, a Europa do capital e que nos leve a construir uma Europa dos trabalhadores, da juventude e dos povos.<\/p>\n<p>Da Catalunha fazemos um chamado \u00e0 solidariedade internacional em defesa do direito \u00e0 autodetermina\u00e7\u00e3o e contra a repress\u00e3o.<\/p>\n<p>Esta \u00e9 uma luta de todos os trabalhadores do mundo e de todos os povos oprimidos.<\/p>\n<p><iframe loading=\"lazy\" title=\"\u00bfPor qu\u00e9 lucha el pueblo catal\u00e1n?\" width=\"500\" height=\"281\" src=\"https:\/\/www.youtube.com\/embed\/-Z-PnWTx0XA?feature=oembed\" frameborder=\"0\" allow=\"accelerometer; autoplay; clipboard-write; encrypted-media; gyroscope; picture-in-picture; web-share\" referrerpolicy=\"strict-origin-when-cross-origin\" allowfullscreen><\/iframe><\/p>\n<p>Tradu\u00e7\u00e3o: T\u00falio Rocha<\/p>\n","protected":false},"excerpt":{"rendered":"<p>O povo de Catalunha se levantou massivamente, com a juventude e as estudantes na cabe\u00e7a, contra a repress\u00e3o do regime mon\u00e1rquico do Estado Espanhol e em defesa de nossos direitos b\u00e1sicos fundamentais, levantando mobiliza\u00e7\u00f5es massivas, bloqueios de rodovias e enfrentando outra vez, como h\u00e1 dois anos, uma repress\u00e3o policial brutal.<\/p>\n","protected":false},"author":13,"featured_media":30840,"menu_order":0,"comment_status":"open","ping_status":"open","sticky":false,"template":"","format":"standard","meta":{"litci_post_political_author":"","footnotes":""},"categories":[4305],"tags":[229,6533],"class_list":["post-30839","post","type-post","status-publish","format-standard","has-post-thumbnail","hentry","category-catalunha","tag-corriente-roja","tag-independencia-da-catalunha"],"fimg_url":false,"categories_names":["Catalunha"],"author_info":{"name":"Javier f","pic":"https:\/\/secure.gravatar.com\/avatar\/38f104112503b4b2d43a8972576238b0824db79ccc991f981595fcbc569b0601?s=96&d=mm&r=g"},"political_author":null,"tagline":"","_links":{"self":[{"href":"https:\/\/litci.org\/pt\/wp-json\/wp\/v2\/posts\/30839","targetHints":{"allow":["GET"]}}],"collection":[{"href":"https:\/\/litci.org\/pt\/wp-json\/wp\/v2\/posts"}],"about":[{"href":"https:\/\/litci.org\/pt\/wp-json\/wp\/v2\/types\/post"}],"author":[{"embeddable":true,"href":"https:\/\/litci.org\/pt\/wp-json\/wp\/v2\/users\/13"}],"replies":[{"embeddable":true,"href":"https:\/\/litci.org\/pt\/wp-json\/wp\/v2\/comments?post=30839"}],"version-history":[{"count":0,"href":"https:\/\/litci.org\/pt\/wp-json\/wp\/v2\/posts\/30839\/revisions"}],"wp:featuredmedia":[{"embeddable":true,"href":"https:\/\/litci.org\/pt\/wp-json\/"}],"wp:attachment":[{"href":"https:\/\/litci.org\/pt\/wp-json\/wp\/v2\/media?parent=30839"}],"wp:term":[{"taxonomy":"category","embeddable":true,"href":"https:\/\/litci.org\/pt\/wp-json\/wp\/v2\/categories?post=30839"},{"taxonomy":"post_tag","embeddable":true,"href":"https:\/\/litci.org\/pt\/wp-json\/wp\/v2\/tags?post=30839"}],"curies":[{"name":"wp","href":"https:\/\/api.w.org\/{rel}","templated":true}]}}