{"id":30637,"date":"2019-11-29T15:55:03","date_gmt":"2019-11-29T17:55:03","guid":{"rendered":"https:\/\/litci.org\/pt\/?p=30637"},"modified":"2019-11-29T15:55:03","modified_gmt":"2019-11-29T17:55:03","slug":"greve-global-pelo-clima-este-e-apenas-o-comeco","status":"publish","type":"post","link":"https:\/\/litci.org\/pt\/2019\/11\/29\/greve-global-pelo-clima-este-e-apenas-o-comeco\/","title":{"rendered":"Greve global pelo clima: Este \u00e9 apenas o come\u00e7o"},"content":{"rendered":"<p><em>Segundo v\u00e1rios analistas, o capitalismo est\u00e1 prestes a entrar em uma das piores crises de sua hist\u00f3ria. A nuvem de uma nova recess\u00e3o econ\u00f4mica, ap\u00f3s a bolha de 2008 reaparecer, a guerra comercial EUA-China, a indigna\u00e7\u00e3o com a viola\u00e7\u00e3o dos tratados de sobre \u00edndices de desenvolvimento humano (Direitos Humanos) e a mitiga\u00e7\u00e3o das mudan\u00e7as clim\u00e1ticas, mostram isso.<\/em><\/p>\n<p><!--more--><\/p>\n<p>Por: Nubia Guerrero<\/p>\n<p>A greve clim\u00e1tica global de uma parte da juventude e de um setor minorit\u00e1rio de trabalhadores, ap\u00f3s fortes ondas de calor na Europa e em pa\u00edses como a \u00cdndia, furac\u00f5es como o Dorian no Caribe, inunda\u00e7\u00f5es e inc\u00eandios no Amazonas e na Sib\u00e9ria, \u00e9 uma resposta a esse cataclismo do sistema. Este \u00e9 apenas o come\u00e7o dos desafios que o s\u00e9culo XXI enfrenta.<\/p>\n<p><strong>Semana combativa<\/strong><\/p>\n<p>De 20 a 27 de setembro de 2019, jovens do ensino fundamental e m\u00e9dio, pais e m\u00e3es, professores, trabalhadores e setores populares (ind\u00edgenas, camponeses) se unificaram no dia de luta contra a crise clim\u00e1tica e social causada pelos governos e empres\u00e1rios. Mais de 5 milh\u00f5es se mobilizaram em 5 continentes, mais de 140 cidades, com mais de 65 sindicatos que aderiram e mais de 820 organiza\u00e7\u00f5es e coletivos.<\/p>\n<p>Houve plant\u00f5es, ocupa\u00e7\u00f5es, protestos, mostras de arte, palestras, eventos e entrevistas, com impacto na m\u00eddia, sociedade e governos. As mulheres e jovens reivindicam, mais uma vez, a ferramenta mobilizadora da Greve, diante da prostra\u00e7\u00e3o e arrog\u00e2ncia dos estados capitalistas, suas burocracias sindicais e sua esquerda eleitoralista.<\/p>\n<p>N\u00f3s da Liga Internacional dos Trabalhadores, participamos em mais de 20 pa\u00edses.<\/p>\n<p><strong>Col\u00f4mbia, um gr\u00e3o de areia que se soma<\/strong><\/p>\n<p>Embora o car\u00e1ter de massas com consignas radicais contra as multinacionais poluidoras e os pa\u00edses do G7 tenha sido levantado nos pa\u00edses imperialistas, com centenas de milhares de pessoas nas ruas da Alemanha e da Austr\u00e1lia, entre outras, nos pa\u00edses do Sul e na Col\u00f4mbia, adicionamos nosso gr\u00e3ozinho de areia em cidades como Bogot\u00e1, Cali, Medell\u00edn e Cartagena.<\/p>\n<p>No dia 20, mais de 1.700 manifestantes estiveram na Pra\u00e7a de Bol\u00edvar para recha\u00e7ar: assassinatos de l\u00edderes sociais em meio a conflitos agr\u00e1rios e ambientais, Fracking e glifosato de Monsanto, a destrui\u00e7\u00e3o da Amaz\u00f4nia, o Plano de Planejamento Territorial de Pe\u00f1alosa , a contamina\u00e7\u00e3o dos operadores privados de Transmilenio e as touradas coloniais.<\/p>\n<p>No dia 27 se realizou uma manifesta\u00e7\u00e3o em frente \u00e0 sede da Ecopetrol, a Ag\u00eancia Nacional de Hidrocarbonetos que projeta reservas de petr\u00f3leo at\u00e9 2025-26, antecipando a crise de royalties e emprego. \u00c9 por isso que pede a entrega dos recursos naturais para o capital extrativista e para subjugar nossa agredida soberania nacional.<\/p>\n<p><strong>Rea\u00e7\u00f5es, apaga inc\u00eandios<\/strong><\/p>\n<p>Como forma de conter a mar\u00e9 e continuar com a ret\u00f3rica de promessas, os governos da ONU convocaram a C\u00fapula sobre a A\u00e7\u00e3o Clim\u00e1tica, realizada em Nova York. Nesse evento, Greta Thunberg, uma sueca de 16 anos e l\u00edder ic\u00f4nica, fez um discurso de indigna\u00e7\u00e3o:<\/p>\n<p><em>\u201cOs jovens est\u00e3o come\u00e7ando a entender a \u00a0trai\u00e7\u00e3o.\u201d \u201cSe optam por nos trair, nunca os perdoaremos\u201d. \u201cS\u00f3 se importam com dinheiro e crescimento econ\u00f4mico infinito, como se atrevem!\u201d, \u201cO mundo est\u00e1 se levantando. E a mudan\u00e7a est\u00e1 chegando. Goste ou n\u00e3o\u201d, <\/em>chamando a desconfiar de pol\u00edticos do sistema como Trump, Duke, Bolsonaro e Macron.<\/p>\n<p><strong>Revolu\u00e7\u00e3o ou extin\u00e7\u00e3o<\/strong><\/p>\n<p>At\u00e9 agora, n\u00e3o h\u00e1 vontade pol\u00edtica de transitar para energia renov\u00e1vel, nem h\u00e1 vontade pol\u00edtica do governo de reduzir as emiss\u00f5es de CO2 em 45% at\u00e9 2030. Uma nova matriz energ\u00e9tica implicaria diminuir os lucros que por d\u00e9cadas alimentaram a gan\u00e2ncia dos ricos.<\/p>\n<p>\u00c9 prov\u00e1vel que os capitalistas e seus governos fantoches continuem queimando nosso habitat, a Terra, aumentando o aquecimento global e excedendo 1,5 \u00b0 C, um limite de risco, de acordo com o Painel Intergovernamental das Na\u00e7\u00f5es Unidas sobre Mudan\u00e7as Clim\u00e1ticas (IPCC).<\/p>\n<p>\u00c9 preciso recordar que, contrariamente \u00e0 ideologia de que todos os seres humanos s\u00e3o igualmente respons\u00e1veis \u200b\u200bpor esse problema, 100 grandes empresas s\u00e3o respons\u00e1veis \u200b\u200bpor 70% das emiss\u00f5es globais. S\u00e3o grandes empresas extrativas de petr\u00f3leo, energia ou carv\u00e3o e g\u00e1s. Seu sistema social irracional &#8211; capitalismo &#8211; nos condena \u00e0 barb\u00e1rie, j\u00e1 falhou com nossos pais e av\u00f3s, agora conosco, seus filhos.<\/p>\n<p>Diante desse cen\u00e1rio, as gera\u00e7\u00f5es oper\u00e1rias, populares e jovens, devem se rebelar contra a desigualdade social, o colapso e a extin\u00e7\u00e3o de esp\u00e9cies, inclusive a nossa. Hoje, mais do que nunca, precisamos nos formar, politizar e organizar em partidos revolucion\u00e1rios antissistema, sindicatos combativos e organiza\u00e7\u00f5es sociais, em bairros, locais de estudo e trabalho.<\/p>\n<p>N\u00e3o vamos nos desesperar, vamos construir um novo mundo socialista. Precisamos lutar por uma revolu\u00e7\u00e3o que tome o poder econ\u00f4mico e pol\u00edtico dos ricos. Por um governo dos trabalhadores e uma economia planejada que hoje \u00e9 inconceb\u00edvel sem uma perspectiva ambiental. Promover um plano de emerg\u00eancia contra a matriz f\u00f3ssil, o caos clim\u00e1tico e a constante inseguran\u00e7a no trabalho em que vivemos.<\/p>\n<p>A Liga Internacional dos Trabalhadores (LIT-QI) e o Partido Socialista dos Trabalhadores da Col\u00f4mbia (PST-C) se juntam a essa causa comum de um movimento pela revolu\u00e7\u00e3o mundial. Convidamos voc\u00ea a se juntar a n\u00f3s em seu pa\u00eds, contribuir e lutar juntos, na miss\u00e3o mais importante de nossas vidas.<\/p>\n<p>Tradu\u00e7\u00e3o: Tae Amaru<\/p>\n","protected":false},"excerpt":{"rendered":"<p>Segundo v\u00e1rios analistas, o capitalismo est\u00e1 prestes a entrar em uma das piores crises de sua hist\u00f3ria. A nuvem de uma nova recess\u00e3o econ\u00f4mica, ap\u00f3s a bolha de 2008 reaparecer, a guerra comercial EUA-China, a indigna\u00e7\u00e3o com a viola\u00e7\u00e3o dos tratados de sobre \u00edndices de desenvolvimento humano (Direitos Humanos) e a mitiga\u00e7\u00e3o das mudan\u00e7as clim\u00e1ticas, [&hellip;]<\/p>\n","protected":false},"author":13,"featured_media":30638,"menu_order":0,"comment_status":"open","ping_status":"open","sticky":false,"template":"","format":"standard","meta":{"litci_post_political_author":"","footnotes":""},"categories":[12,3498],"tags":[3764,8015],"class_list":["post-30637","post","type-post","status-publish","format-standard","has-post-thumbnail","hentry","category-colombia","category-crise-climatica-e-ambiental","tag-crise-climatica-e-ambiental","tag-nubia-guerrero"],"fimg_url":false,"categories_names":["Col\u00f4mbia","Crise clim\u00e1tica e ambiental"],"author_info":{"name":"Javier f","pic":"https:\/\/secure.gravatar.com\/avatar\/38f104112503b4b2d43a8972576238b0824db79ccc991f981595fcbc569b0601?s=96&d=mm&r=g"},"political_author":null,"tagline":"","_links":{"self":[{"href":"https:\/\/litci.org\/pt\/wp-json\/wp\/v2\/posts\/30637","targetHints":{"allow":["GET"]}}],"collection":[{"href":"https:\/\/litci.org\/pt\/wp-json\/wp\/v2\/posts"}],"about":[{"href":"https:\/\/litci.org\/pt\/wp-json\/wp\/v2\/types\/post"}],"author":[{"embeddable":true,"href":"https:\/\/litci.org\/pt\/wp-json\/wp\/v2\/users\/13"}],"replies":[{"embeddable":true,"href":"https:\/\/litci.org\/pt\/wp-json\/wp\/v2\/comments?post=30637"}],"version-history":[{"count":0,"href":"https:\/\/litci.org\/pt\/wp-json\/wp\/v2\/posts\/30637\/revisions"}],"wp:featuredmedia":[{"embeddable":true,"href":"https:\/\/litci.org\/pt\/wp-json\/"}],"wp:attachment":[{"href":"https:\/\/litci.org\/pt\/wp-json\/wp\/v2\/media?parent=30637"}],"wp:term":[{"taxonomy":"category","embeddable":true,"href":"https:\/\/litci.org\/pt\/wp-json\/wp\/v2\/categories?post=30637"},{"taxonomy":"post_tag","embeddable":true,"href":"https:\/\/litci.org\/pt\/wp-json\/wp\/v2\/tags?post=30637"}],"curies":[{"name":"wp","href":"https:\/\/api.w.org\/{rel}","templated":true}]}}