{"id":30291,"date":"2019-11-01T16:55:13","date_gmt":"2019-11-01T18:55:13","guid":{"rendered":"https:\/\/litci.org\/pt\/?p=30291"},"modified":"2019-11-01T16:55:13","modified_gmt":"2019-11-01T18:55:13","slug":"e-preciso-repudiar-a-ameaca-autoritaria-de-eduardo-bolsonaro-ditadura-nunca-mais","status":"publish","type":"post","link":"https:\/\/litci.org\/pt\/2019\/11\/01\/e-preciso-repudiar-a-ameaca-autoritaria-de-eduardo-bolsonaro-ditadura-nunca-mais\/","title":{"rendered":"\u00c9 preciso repudiar a amea\u00e7a autorit\u00e1ria de Eduardo Bolsonaro. Ditadura nunca mais!"},"content":{"rendered":"<p><em>Assim como o povo chileno vem fazendo, precisamos ir \u00e0s ruas derrotar o projeto de entrega, semiescravid\u00e3o e ditadura do governo Bolsonaro<\/em><\/p>\n<p><em>Na manh\u00e3 desta quinta-feira, 31, o deputado federal Eduardo Bolsonaro (PSL-SP) voltou com suas inaceit\u00e1veis amea\u00e7as autorit\u00e1rias ao defender \u201cum novo AI-5\u201d.<\/em><\/p>\n<p><!--more--><\/p>\n<p>Por: PSTU Brasil<\/p>\n<p>O Ato Institucional n\u00ba 5 foi o instrumento pelo qual a ditadura militar fechou definitivamente o Congresso, cassou as liberdades democr\u00e1ticas e recrudesceu a repress\u00e3o, a persegui\u00e7\u00e3o, o assassinato e a tortura de opositores pol\u00edticos. A amea\u00e7a do ex-escriv\u00e3o da Pol\u00edcia Federal ocorreu durante entrevista \u00e0 jornalista Leda Nagle.<\/p>\n<p>Reclamando sobre as cr\u00edticas ao desgoverno do seu pai, o deputado disse que \u201cse a esquerda radicalizar a esse ponto a gente vai precisar ter uma resposta; e uma resposta pode ser via um novo AI-5\u201c. No dia 29, o \u201c03\u201d j\u00e1 havia subido \u00e0 tribuna da C\u00e2mara amea\u00e7ar um novo golpe militar. Referindo-se aos protestos no Chile discursou que \u201cse eles come\u00e7arem a radicalizar do lado de l\u00e1, a gente vai ver a hist\u00f3ria se repetir\u201d, disse, depois de afirmar que \u201cse (os protestos) vier pra c\u00e1, vai ter que se ver com a pol\u00edcia\u201c.<\/p>\n<p>Diante das cr\u00edticas \u00e0s amea\u00e7as, o aspirante a ditador postou ainda nas redes sociais um v\u00eddeo em que seu pai, o ent\u00e3o deputado Jair Bolsonaro. exalta a ditadura militar e o torturador Brilhante Ustra.<\/p>\n<p>Essas amea\u00e7as precisam ser fortemente repudiadas, sendo ou n\u00e3o uma bravata a fim de desviar a aten\u00e7\u00e3o das recentes not\u00edcias e \u00e1udios de Queiroz, o funcion\u00e1rio da fam\u00edlia Bolsonaro acusado de corrup\u00e7\u00e3o e envolvido com os milicianos que, por sua vez, s\u00e3o acusados pela execu\u00e7\u00e3o de Marielle Franco e Anderson Gomes. Mostra bem o car\u00e1ter autorit\u00e1rio de Eduardo Bolsonaro e do governo, que atenta contra as liberdades democr\u00e1ticas, amea\u00e7a com repress\u00e3o qualquer tipo de protesto e criminaliza os movimentos sociais.<\/p>\n<p>N\u00e3o \u00e9 por menos os frequentes elogios a ditadores e torturadores como Ustra, ou Pinochet no Chile. Ou mesmo o ditador saudita com quem o presidente Bolsonaro acabou de se encontrar e por quem declarou ter grande \u201cafinidade\u201d.<\/p>\n<p>O projeto de Bolsonaro \u00e9 acabar com as liberdades democr\u00e1ticas, o direito \u00e0 organiza\u00e7\u00e3o, manifesta\u00e7\u00e3o e protesto, e mesmo o direito \u00e0 cr\u00edtica e oposi\u00e7\u00e3o. Querem tratar protestos no Brasil como Pi\u00f1era vem fazendo no Chile: com repress\u00e3o.<\/p>\n<p>Assim como o povo chileno vem fazendo, precisamos ir \u00e0s ruas derrotar o projeto de entrega e semiescravid\u00e3o do governo Bolsonaro. O governo acaba de aprovar uma reforma da Previd\u00eancia que significa o fim do direito \u00e0 aposentadoria de milh\u00f5es de trabalhadores. Imp\u00f5e uma verdadeira guerra social contra a popula\u00e7\u00e3o pobre em benef\u00edcio dos lucros dos banqueiros e grandes empresas. Para os ricos, ataca os trabalhadores, os pobres, os ind\u00edgenas e o meio ambiente. E para garantir isso, deixa evidente que n\u00e3o descarta uma ditadura.<\/p>\n<p>Eduardo Bolsonaro fala pelo pai, o presidente Jair Bolsonaro. N\u00e3o se pode tolerar que o filho do presidente, e o pr\u00f3prio, continuem amea\u00e7ando com golpe militar.<\/p>\n<p>Todas as organiza\u00e7\u00f5es da classe trabalhadora, mas tamb\u00e9m as organiza\u00e7\u00f5es da sociedade civil que se reivindicam democr\u00e1ticas, precisam recha\u00e7ar essas amea\u00e7as autorit\u00e1rias. Precisamos dar um basta nisso! Ditadura nunca mais!<\/p>\n<p>&nbsp;<\/p>\n","protected":false},"excerpt":{"rendered":"<p>Assim como o povo chileno vem fazendo, precisamos ir \u00e0s ruas derrotar o projeto de entrega, semiescravid\u00e3o e ditadura do governo Bolsonaro Na manh\u00e3 desta quinta-feira, 31, o deputado federal Eduardo Bolsonaro (PSL-SP) voltou com suas inaceit\u00e1veis amea\u00e7as autorit\u00e1rias ao defender \u201cum novo AI-5\u201d.<\/p>\n","protected":false},"author":13,"featured_media":30292,"menu_order":0,"comment_status":"open","ping_status":"open","sticky":false,"template":"","format":"standard","meta":{"litci_post_political_author":"","footnotes":""},"categories":[121],"tags":[7936,4839,7937,190,7918],"class_list":["post-30291","post","type-post","status-publish","format-standard","has-post-thumbnail","hentry","category-brasil","tag-ai5","tag-ditadura-militar","tag-eduardo-bolsonaro","tag-pstu-brasil","tag-rebeliao-chile"],"fimg_url":false,"categories_names":["Brasil"],"author_info":{"name":"Javier f","pic":"https:\/\/secure.gravatar.com\/avatar\/38f104112503b4b2d43a8972576238b0824db79ccc991f981595fcbc569b0601?s=96&d=mm&r=g"},"political_author":null,"tagline":"","_links":{"self":[{"href":"https:\/\/litci.org\/pt\/wp-json\/wp\/v2\/posts\/30291","targetHints":{"allow":["GET"]}}],"collection":[{"href":"https:\/\/litci.org\/pt\/wp-json\/wp\/v2\/posts"}],"about":[{"href":"https:\/\/litci.org\/pt\/wp-json\/wp\/v2\/types\/post"}],"author":[{"embeddable":true,"href":"https:\/\/litci.org\/pt\/wp-json\/wp\/v2\/users\/13"}],"replies":[{"embeddable":true,"href":"https:\/\/litci.org\/pt\/wp-json\/wp\/v2\/comments?post=30291"}],"version-history":[{"count":0,"href":"https:\/\/litci.org\/pt\/wp-json\/wp\/v2\/posts\/30291\/revisions"}],"wp:featuredmedia":[{"embeddable":true,"href":"https:\/\/litci.org\/pt\/wp-json\/"}],"wp:attachment":[{"href":"https:\/\/litci.org\/pt\/wp-json\/wp\/v2\/media?parent=30291"}],"wp:term":[{"taxonomy":"category","embeddable":true,"href":"https:\/\/litci.org\/pt\/wp-json\/wp\/v2\/categories?post=30291"},{"taxonomy":"post_tag","embeddable":true,"href":"https:\/\/litci.org\/pt\/wp-json\/wp\/v2\/tags?post=30291"}],"curies":[{"name":"wp","href":"https:\/\/api.w.org\/{rel}","templated":true}]}}