{"id":30139,"date":"2019-10-17T10:50:37","date_gmt":"2019-10-17T12:50:37","guid":{"rendered":"https:\/\/litci.org\/pt\/?p=30139"},"modified":"2019-10-17T10:50:37","modified_gmt":"2019-10-17T12:50:37","slug":"sentenca-detencoes-e-criminalizacao-do-independentismo","status":"publish","type":"post","link":"https:\/\/litci.org\/pt\/2019\/10\/17\/sentenca-detencoes-e-criminalizacao-do-independentismo\/","title":{"rendered":"Senten\u00e7a, deten\u00e7\u00f5es e criminaliza\u00e7\u00e3o do independentismo"},"content":{"rendered":"<p><em>No Estado Espanhol h\u00e1 anos que vivemos a repress\u00e3o do regime mon\u00e1rquico contra qualquer um que ouse question\u00e1-lo, como o raper Valtonyc e tantos outros. Esta repress\u00e3o deu um salto qualitativo em 2017 na origem do referendo do 1-O.<\/em><!--more--><\/p>\n<p>Por Corriente Roja<\/p>\n<p>A pris\u00e3o dos dirigentes independentistas foi acompanhada de causas judiciais contra prefeitos, de registros e deten\u00e7\u00f5es de ativistas.\u00a0 Esta onda repressiva, nunca detida desde ent\u00e3o, desatou agora, a poucos dias da senten\u00e7a, com a deten\u00e7\u00e3o de nove ativistas dos CDR.<\/p>\n<p>Mas desta vez, foram muito mais longe e acusaram os detidos, ativistas de movimentos sociais e culturais, de \u201cpertencerem a bandos terroristas, terem explosivos com fins terroristas e conspira\u00e7\u00e3o para a comiss\u00e3o de danos\u201d, acusa\u00e7\u00f5es sem base, constru\u00eddas <em>ex<\/em>\u00a0<em>professo<\/em>\u00a0 pela Guarda Civile o Minist\u00e9rio P\u00fablico, que podem constituir longos anos de pris\u00e3o. Usaram o mesmo <em>modus operandi<\/em>\u00a0que com Tamara e Adri\u00e0\u00a0Carrasco e, todavia, mais com os jovens de Altsasu, para onde converteram uma luta de bar em um caso de terrorismo e a pris\u00e3o provis\u00f3ria em uma condena\u00e7\u00e3o antecipada, tudo isso rodeado de uma campanha pol\u00edtico-midi\u00e1tica repugnante.<\/p>\n<p>Se podem fazer a infame acusa\u00e7\u00e3o de terrorismo \u00e9 porque em 2015 o PSOE e o PP (com a absten\u00e7\u00e3o de CiU) modificaram o C\u00f3digo Penal para converter este delito em um saco onde cabe tudo aquilo que questione o regime, sem nenhuma necessidade de organiza\u00e7\u00e3o terrorista nem de atentados.<\/p>\n<p>A campanha da direita acusando os detidos de terrorismo e o independentismo e o pr\u00f3prio Governo catal\u00e3o de colaboradores \u00e9 de vomitar e se mescla com a agita\u00e7\u00e3o por um novo 155 imediato. O PSOE n\u00e3o fica atr\u00e1s, se alinha sem fissuras com o juiz, o Minist\u00e9rio P\u00fablico e a Guarda Civil e enche a boca apregoando que eles ser\u00e3o os primeiros que aplicar\u00e3o o 155 quando for necess\u00e1rio. Enquanto a Unidas-Podemos (e o novo figurante, Errej\u00f3n), d\u00e1 vergonha o sil\u00eancio e os panos quentes ante a atua\u00e7\u00e3o do Governo S\u00e1nchez. Poucos dias antes Iglesias havia confessado que eles sempre respeitar\u00e3o a lei e as senten\u00e7as e que se estivessem em um hipot\u00e9tico Governo S\u00e1nchez assumiriam que aplicasse o 155.<\/p>\n<p><strong>A hipocrisia<\/strong><strong> do Governo da Generalitat<\/strong><\/p>\n<p>A den\u00fancia por parte do Governo da Generalitat da repress\u00e3o dos ativistas dos CDR ajuda a desmascar\u00e1-la e enfrent\u00e1-la, mas n\u00e3o podemos esquecer que est\u00e1 tingida de hipocrisia. Assim, n\u00e3o duvidaram em enviar os Mossos para reprimir os manifestantes independentistas e antifascistas e inclusive s\u00e3o acusa\u00e7\u00e3o particular contra \u201cos nove de Lledoners\u201d e outros ativistas contra os quais pedem entre seis e nove anos de pris\u00e3o por uma corte na Ronda barcelonesa durante o Conselho de Ministros do 21-D do ano passado. Chama tamb\u00e9m a aten\u00e7\u00e3o como preparam os Mossos se a resposta \u00e0 senten\u00e7a vai das m\u00e3os, com g\u00e1s pimenta, refletores e pistolas Taser.<\/p>\n<p><strong>Os\/as trabalhadores\/as conscientes e a juventude de todo o Estado devemos cercar de solidariedade o povo catal\u00e3o frente \u00e0 repress\u00e3o<\/strong><\/p>\n<p>A classe trabalhadora e a juventude temos muito a perder se ficarmos \u201cneutros\u201d ante a repress\u00e3o, seja contra quem for. N\u00e3o tem que ser independentista para recha\u00e7ar frontalmente este atentado contra as liberdades e os direitos fundamentais por parte de um regime al\u00e9rgico \u00e0s liberdades democr\u00e1ticas, obediente aos grandes empres\u00e1rios, com um rei que ningu\u00e9m escolheu e uma unidade estatal \u00e0 for\u00e7a. Ningu\u00e9m que reclame a democracia pode defender tais atrocidades.<\/p>\n<p>A resposta \u00e0 repress\u00e3o e \u00e0 infame senten\u00e7a contra os dirigentes independentistas deve incluir a solidariedade ativa dos setores mais conscientes da classe trabalhadora e da juventude do conjunto do Estado Espanhol.<\/p>\n<p>Igualmente, nosso compromisso \u00e9 o de lutar para cercar de solidariedade o conjunto do povo catal\u00e3o na luta contra o regime mon\u00e1rquico e pelo direito \u00e0 autodetermina\u00e7\u00e3o, promovendo a participa\u00e7\u00e3o mais ampla \u00e0s mobiliza\u00e7\u00f5es.<\/p>\n<p><strong>Solidariedade com o povo catal\u00e3o<\/strong><strong>!<\/strong><\/p>\n<p><strong>Liberdade de todos os detidos independentistas!<\/strong><\/p>\n<p><strong>Anistia para os presos pol\u00edticos catal\u00e3es!<\/strong><\/p>\n<p>Tradu\u00e7\u00e3o: Lilian Enck.<\/p>\n<p>&nbsp;<\/p>\n","protected":false},"excerpt":{"rendered":"<p>No Estado Espanhol h\u00e1 anos que vivemos a repress\u00e3o do regime mon\u00e1rquico contra qualquer um que ouse question\u00e1-lo, como o raper Valtonyc e tantos outros. Esta repress\u00e3o deu um salto qualitativo em 2017 na origem do referendo do 1-O.<\/p>\n","protected":false},"author":13,"featured_media":30140,"menu_order":0,"comment_status":"open","ping_status":"open","sticky":false,"template":"","format":"standard","meta":{"litci_post_political_author":"","footnotes":""},"categories":[4305,3512],"tags":[6270,7901],"class_list":["post-30139","post","type-post","status-publish","format-standard","has-post-thumbnail","hentry","category-catalunha","category-estado-espanhol","tag-catalunha","tag-independentismo"],"fimg_url":false,"categories_names":["Catalunha","Estado Espanhol"],"author_info":{"name":"Javier f","pic":"https:\/\/secure.gravatar.com\/avatar\/38f104112503b4b2d43a8972576238b0824db79ccc991f981595fcbc569b0601?s=96&d=mm&r=g"},"political_author":null,"tagline":"","_links":{"self":[{"href":"https:\/\/litci.org\/pt\/wp-json\/wp\/v2\/posts\/30139","targetHints":{"allow":["GET"]}}],"collection":[{"href":"https:\/\/litci.org\/pt\/wp-json\/wp\/v2\/posts"}],"about":[{"href":"https:\/\/litci.org\/pt\/wp-json\/wp\/v2\/types\/post"}],"author":[{"embeddable":true,"href":"https:\/\/litci.org\/pt\/wp-json\/wp\/v2\/users\/13"}],"replies":[{"embeddable":true,"href":"https:\/\/litci.org\/pt\/wp-json\/wp\/v2\/comments?post=30139"}],"version-history":[{"count":0,"href":"https:\/\/litci.org\/pt\/wp-json\/wp\/v2\/posts\/30139\/revisions"}],"wp:featuredmedia":[{"embeddable":true,"href":"https:\/\/litci.org\/pt\/wp-json\/"}],"wp:attachment":[{"href":"https:\/\/litci.org\/pt\/wp-json\/wp\/v2\/media?parent=30139"}],"wp:term":[{"taxonomy":"category","embeddable":true,"href":"https:\/\/litci.org\/pt\/wp-json\/wp\/v2\/categories?post=30139"},{"taxonomy":"post_tag","embeddable":true,"href":"https:\/\/litci.org\/pt\/wp-json\/wp\/v2\/tags?post=30139"}],"curies":[{"name":"wp","href":"https:\/\/api.w.org\/{rel}","templated":true}]}}