{"id":29981,"date":"2019-10-06T17:23:51","date_gmt":"2019-10-06T19:23:51","guid":{"rendered":"https:\/\/litci.org\/pt\/?p=29981"},"modified":"2019-10-06T17:23:51","modified_gmt":"2019-10-06T19:23:51","slug":"catalunha-liberdade-imediata-para-as-os-9-ativistas-detidas-os-retirada-de-todas-as-acusacoes","status":"publish","type":"post","link":"https:\/\/litci.org\/pt\/2019\/10\/06\/catalunha-liberdade-imediata-para-as-os-9-ativistas-detidas-os-retirada-de-todas-as-acusacoes\/","title":{"rendered":"Catalunha | Liberdade imediata para as\/os 9 ativistas detidas\/os! Retirada de todas as acusa\u00e7\u00f5es!"},"content":{"rendered":"<p><strong>Liberdade imediata para as\/os 9 ativistas detidos\/as! Retirada de todas as acusa\u00e7\u00f5es!<\/strong><\/p>\n<p><strong>Basta de repress\u00e3o aos que lutam!<\/strong><\/p>\n<p>A madrugada desta segunda-feira a Guarda Civil empreendeu uma macro-opera\u00e7\u00e3o contra membros do CDR em diferentes cidades como Sabadell, Cerdanyola ou Mollet del Vall\u00e8s, que terminou com a deten\u00e7\u00e3o de 9 ativistas, acusados sem nenhuma base de serem membros de um \u201cgrupo terrorista\u201d. Como fizeram com Tamara Carrasco.<\/p>\n<p>Ante estes fatos Corrient Roig manifestamos:<\/p>\n<p>A exig\u00eancia da <strong>liberta\u00e7\u00e3o imediata dos nove ativistas detidos <\/strong>assim como a retirada de todas as acusa\u00e7\u00f5es contra eles\/as. Nos encontramos, outra vez, diante da tentativa de criminalizar a luta pelo direito de decidir e contra a repress\u00e3o.<\/p>\n<p>O <strong>fim das medidas de persegui\u00e7\u00e3o judicial e policial contra os ativistas e da onda repressiva contra o povo catal\u00e3o <\/strong>mobilizado. Tamb\u00e9m, <strong>exigimos a revoga\u00e7\u00e3o da Lei da Morda\u00e7a.<\/strong> N\u00e3o por casualidade estas deten\u00e7\u00f5es se produzem a poucos dias do an\u00fancio da senten\u00e7a e do in\u00edcio da campanha eleitoral de 10 de novembro, como forma de dar li\u00e7\u00f5es \u00e0s milhares de pessoas que sairemos \u00e0s ruas quando se anunciar a condena\u00e7\u00e3o dos presos pol\u00edticos catal\u00e3es.<\/p>\n<p>A necessidade de come\u00e7ar a <strong>preparar a resposta massiva \u00e0 senten\u00e7a <\/strong>do julgamento dos dirigentes independentistas encarcerados, apesar da tentativa das for\u00e7as judiciais, policiais e pol\u00edticas do regime mon\u00e1rquico de estender o medo e desmobilizar com golpe de morda\u00e7a.<\/p>\n<p>Os setores mais conscientes da classe trabalhadora n\u00e3o podemos ficar indiferentes diante desta situa\u00e7\u00e3o. Junto com a juventude e as classes populares temos que encabe\u00e7ar esta luta contra a repress\u00e3o, pelas liberdades democr\u00e1ticas e em defesa do direito de decidir da Catalunha, isto \u00e9, por um novo referendo de autodetermina\u00e7\u00e3o.<\/p>\n<p>Corriente Roja <strong>apoia todas as mobiliza\u00e7\u00f5es pela liberdade dos ativistas <\/strong>detidos e de todos os presos pol\u00edticos e <strong>chamamos a participar.<\/strong><\/p>\n<p>Chamamos, tamb\u00e9m, a <strong>organizar a solidariedade no conjunto do Estado <\/strong>para frearmos juntos a atual onda repressiva do regime e mostrar o recha\u00e7o \u00e0 senten\u00e7a.<\/p>\n<p><em>Segunda-feira 23 de setembro de 2019.<\/em><\/p>\n<p>Tradu\u00e7\u00e3o: Lilian Enck.<\/p>\n<p>&nbsp;<\/p>\n","protected":false},"excerpt":{"rendered":"<p>Liberdade imediata para as\/os 9 ativistas detidos\/as! Retirada de todas as acusa\u00e7\u00f5es! Basta de repress\u00e3o aos que lutam! A madrugada desta segunda-feira a Guarda Civil empreendeu uma macro-opera\u00e7\u00e3o contra membros do CDR em diferentes cidades como Sabadell, Cerdanyola ou Mollet del Vall\u00e8s, que terminou com a deten\u00e7\u00e3o de 9 ativistas, acusados sem nenhuma base de [&hellip;]<\/p>\n","protected":false},"author":13,"featured_media":29982,"menu_order":0,"comment_status":"open","ping_status":"open","sticky":false,"template":"","format":"standard","meta":{"litci_post_political_author":"","footnotes":""},"categories":[4305,3512],"tags":[6270,374],"class_list":["post-29981","post","type-post","status-publish","format-standard","has-post-thumbnail","hentry","category-catalunha","category-estado-espanhol","tag-catalunha","tag-presos-politicos"],"fimg_url":false,"categories_names":["Catalunha","Estado Espanhol"],"author_info":{"name":"Javier f","pic":"https:\/\/secure.gravatar.com\/avatar\/38f104112503b4b2d43a8972576238b0824db79ccc991f981595fcbc569b0601?s=96&d=mm&r=g"},"political_author":null,"tagline":"","_links":{"self":[{"href":"https:\/\/litci.org\/pt\/wp-json\/wp\/v2\/posts\/29981","targetHints":{"allow":["GET"]}}],"collection":[{"href":"https:\/\/litci.org\/pt\/wp-json\/wp\/v2\/posts"}],"about":[{"href":"https:\/\/litci.org\/pt\/wp-json\/wp\/v2\/types\/post"}],"author":[{"embeddable":true,"href":"https:\/\/litci.org\/pt\/wp-json\/wp\/v2\/users\/13"}],"replies":[{"embeddable":true,"href":"https:\/\/litci.org\/pt\/wp-json\/wp\/v2\/comments?post=29981"}],"version-history":[{"count":0,"href":"https:\/\/litci.org\/pt\/wp-json\/wp\/v2\/posts\/29981\/revisions"}],"wp:featuredmedia":[{"embeddable":true,"href":"https:\/\/litci.org\/pt\/wp-json\/"}],"wp:attachment":[{"href":"https:\/\/litci.org\/pt\/wp-json\/wp\/v2\/media?parent=29981"}],"wp:term":[{"taxonomy":"category","embeddable":true,"href":"https:\/\/litci.org\/pt\/wp-json\/wp\/v2\/categories?post=29981"},{"taxonomy":"post_tag","embeddable":true,"href":"https:\/\/litci.org\/pt\/wp-json\/wp\/v2\/tags?post=29981"}],"curies":[{"name":"wp","href":"https:\/\/api.w.org\/{rel}","templated":true}]}}