{"id":29488,"date":"2019-09-12T11:17:38","date_gmt":"2019-09-12T13:17:38","guid":{"rendered":"https:\/\/litci.org\/pt\/?p=29488"},"modified":"2019-09-12T11:17:38","modified_gmt":"2019-09-12T13:17:38","slug":"daniel-ruiz-suspende-greve-de-fome-hoje-todos-as-ruas","status":"publish","type":"post","link":"https:\/\/litci.org\/pt\/2019\/09\/12\/daniel-ruiz-suspende-greve-de-fome-hoje-todos-as-ruas\/","title":{"rendered":"Daniel Ruiz suspende greve de fome: Hoje todos \u00e0s ruas!"},"content":{"rendered":"<p><em>Hoje [11\/09], a defesa de Daniel Ru\u00edz, juntamente com advogados internacionais, foi recebida pelo TOF 3 e pela Procuradoria Geral n\u00famero 4, que comprometeu-se a formalizar a data do julgamento nos pr\u00f3ximos dias.<\/em><\/p>\n<p><!--more--><\/p>\n<p>Por: PSTU\u00a0 Argentina<\/p>\n<p>Diante dessa situa\u00e7\u00e3o, tendo conseguido a reuni\u00e3o exigida, Daniel Ruiz suspende a greve de fome enquanto aguarda a realiza\u00e7\u00e3o do que o Tribunal se comprometeu hoje.<\/p>\n<p>Exigimos que n\u00e3o tenha nenhuma retalia\u00e7\u00e3o pela medida tomada.<\/p>\n<p>Hoje, 12 de setembro, vamos encher as ruas pela liberdade imediata de Daniel Ruiz!<\/p>\n<p>Tradu\u00e7\u00e3o: Lena Souza<\/p>\n","protected":false},"excerpt":{"rendered":"<p>Hoje [11\/09], a defesa de Daniel Ru\u00edz, juntamente com advogados internacionais, foi recebida pelo TOF 3 e pela Procuradoria Geral n\u00famero 4, que comprometeu-se a formalizar a data do julgamento nos pr\u00f3ximos dias.<\/p>\n","protected":false},"author":13,"featured_media":29317,"menu_order":0,"comment_status":"open","ping_status":"open","sticky":false,"template":"","format":"standard","meta":{"litci_post_political_author":"","footnotes":""},"categories":[94,1371,4311],"tags":[878,7802,1626],"class_list":["post-29488","post","type-post","status-publish","format-standard","has-post-thumbnail","hentry","category-argentina","category-daniel-ruiz","category-solidaridade-daniel-ruiz","tag-daniel-ruiz","tag-greve-de-fome","tag-pstu-argentina"],"fimg_url":"https:\/\/litci.org\/pt\/wp-content\/uploads\/2019\/09\/Viral-Daniel-Redes-768x768-1.png","categories_names":["Argentina","Daniel Ruiz","Solidariedade Daniel Ruiz"],"author_info":{"name":"Javier f","pic":"https:\/\/secure.gravatar.com\/avatar\/38f104112503b4b2d43a8972576238b0824db79ccc991f981595fcbc569b0601?s=96&d=mm&r=g"},"political_author":null,"tagline":"","_links":{"self":[{"href":"https:\/\/litci.org\/pt\/wp-json\/wp\/v2\/posts\/29488","targetHints":{"allow":["GET"]}}],"collection":[{"href":"https:\/\/litci.org\/pt\/wp-json\/wp\/v2\/posts"}],"about":[{"href":"https:\/\/litci.org\/pt\/wp-json\/wp\/v2\/types\/post"}],"author":[{"embeddable":true,"href":"https:\/\/litci.org\/pt\/wp-json\/wp\/v2\/users\/13"}],"replies":[{"embeddable":true,"href":"https:\/\/litci.org\/pt\/wp-json\/wp\/v2\/comments?post=29488"}],"version-history":[{"count":0,"href":"https:\/\/litci.org\/pt\/wp-json\/wp\/v2\/posts\/29488\/revisions"}],"wp:featuredmedia":[{"embeddable":true,"href":"https:\/\/litci.org\/pt\/wp-json\/wp\/v2\/media\/29317"}],"wp:attachment":[{"href":"https:\/\/litci.org\/pt\/wp-json\/wp\/v2\/media?parent=29488"}],"wp:term":[{"taxonomy":"category","embeddable":true,"href":"https:\/\/litci.org\/pt\/wp-json\/wp\/v2\/categories?post=29488"},{"taxonomy":"post_tag","embeddable":true,"href":"https:\/\/litci.org\/pt\/wp-json\/wp\/v2\/tags?post=29488"}],"curies":[{"name":"wp","href":"https:\/\/api.w.org\/{rel}","templated":true}]}}