{"id":29166,"date":"2019-08-22T17:35:58","date_gmt":"2019-08-22T19:35:58","guid":{"rendered":"https:\/\/litci.org\/pt\/?p=29166"},"modified":"2019-08-22T17:35:58","modified_gmt":"2019-08-22T19:35:58","slug":"urgente-defender-a-amazonia-contra-bolsonaro","status":"publish","type":"post","link":"https:\/\/litci.org\/pt\/2019\/08\/22\/urgente-defender-a-amazonia-contra-bolsonaro\/","title":{"rendered":"Urgente: Defender a Amaz\u00f4nia contra Bolsonaro"},"content":{"rendered":"<p><em>No dia 19 de agosto, a popula\u00e7\u00e3o da cidade de S\u00e3o Paulo, regi\u00e3o mais populosa do pa\u00eds e de todo o continente, viu a tarde se transformar em noite num estranho fen\u00f4meno que causou susto e apreens\u00e3o. Uma espessa nuvem negra se abateu sobre a regi\u00e3o e, em algumas localidades, uma chuva escura chegou a cair.<\/em><\/p>\n<p><!--more--><\/p>\n<p>Por: PSTU Brasil<\/p>\n<p>Pouco depois, institutos como o Instituto Nacional de Meteorologia (Inmet) confirmavam que a fuma\u00e7a tinha origem nas queimadas em diversos pontos da Am\u00e9rica do Sul, como na tr\u00edplice fronteira entre Bol\u00edvia, Paraguai e Brasil, pegando parte do Pantanal, al\u00e9m da Amaz\u00f4nia. As queimadas, junto a uma frente de ar fria, teriam causado a repentina escurid\u00e3o. Em outras cidades do interior do estado, o c\u00e9u ficou laranja.<\/p>\n<p>O caso chamou a aten\u00e7\u00e3o para o cen\u00e1rio infernal que ocorre na regi\u00e3o amaz\u00f4nica, em que as florestas localizadas no Amazonas, no Acre e em Rond\u00f4nia ardem h\u00e1 meses. Se \u00e9 verdade que esse per\u00edodo \u00e9 tradicionalmente uma \u00e9poca de queimadas, \u00e9 fato que os focos de inc\u00eandio s\u00e3o os maiores desde 2013 e que, numa \u00e9poca em que j\u00e1 deveriam estar terminando, multiplicam-se.<\/p>\n<p><a href=\"https:\/\/litci.org\/pt\/wp-content\/uploads\/2019\/08\/Amaz\u00f4nia.jpg\"><img loading=\"lazy\" decoding=\"async\" class=\"alignnone wp-image-29167 size-full\" src=\"https:\/\/litci.org\/pt\/wp-content\/uploads\/2019\/08\/Amaz\u00f4nia.jpg\" alt=\"\" width=\"1500\" height=\"909\" \/><\/a><\/p>\n<p>A verdade \u00e9 que estamos vivendo uma verdadeira hecatombe ambiental. Ruralistas e madeireiros desmatam e queimam florestas para fazer pastos; garimpeiros e mineradoras invadem reservas ind\u00edgenas.<\/p>\n<p>O governo Bolsonaro n\u00e3o s\u00f3 fecha os olhos para essa trag\u00e9dia. \u00c9 antes uma pol\u00edtica do governo de promover, literalmente, terra arrasada no meio ambiente para favorecer ruralistas, mineradoras e garimpo. Desde as elei\u00e7\u00f5es, Bolsonaro promete acabar com qualquer tipo de prote\u00e7\u00e3o ao meio ambiente, acabar com reservas ind\u00edgenas e quilombolas. Uma vez no governo, implementa esse projeto sem meios termos.<\/p>\n<p>Bolsonaro e o seu ministro do Meio Ambiente, Ricardo Salles, desmontam o Ibama (Instituto Brasileiro do Meio Ambiente e dos Recursos Naturais Renov\u00e1veis), \u00f3rg\u00e3o respons\u00e1vel pela execu\u00e7\u00e3o de pol\u00edticas ambientais. Trocaram a diretoria do ICMBio, instituto que fiscaliza as unidades de conserva\u00e7\u00e3o, colocando em sua presid\u00eancia um coronel da Pol\u00edcia Militar de S\u00e3o Paulo. O \u00e1pice da persegui\u00e7\u00e3o aos \u00f3rg\u00e3os ambientais e de pesquisa foi a demiss\u00e3o do presidente do Inpe (Instituto Nacional de Pesquisas Espaciais), Ricardo Galv\u00e3o. Bolsonaro contestou os dados do reconhecido \u00f3rg\u00e3o de pesquisa sobre o alarmante avan\u00e7o do desmatamento no Brasil e acusou seus cientistas de estarem ligados a ONGs.<\/p>\n<p>Primeiro, Bolsonaro negou que houvesse desmatamento e contestou os dados dos institutos de pesquisa. Agora, n\u00e3o podendo mais esconder os fatos e de forma constrangedora, acusa as ONGs de estarem incendiando a Amaz\u00f4nia. O ministro Salles, por sua vez, responsabiliza a popula\u00e7\u00e3o do estado pelas queimadas, gente pobre que mais sofre com esse inferno causado pelos madeireiros e ruralistas. Ricardo Salles, inclusive, j\u00e1 foi condenado por favorecer empresas de minera\u00e7\u00e3o quando fazia parte do governo Geraldo Alckmin (PSDB).<\/p>\n<p>A barb\u00e1rie ambiental que estamos presenciando faz parte dessa pol\u00edtica do governo Bolsonaro, que incentiva o avan\u00e7o do desmatamento, do garimpo e das queimadas com seu discurso, com a persegui\u00e7\u00e3o a cientistas e aos \u00f3rg\u00e3os ambientais e com o desmonte de todo o servi\u00e7o p\u00fablico voltado \u00e0 \u00e1rea. Para isso, persegue ind\u00edgenas e quilombolas e, recentemente, acabou de aprovar uma lei permitindo o porte de armas em propriedades rurais. \u00c9 uma pol\u00edtica de exterm\u00ednio da floresta e do povo que dela depende.<\/p>\n<p>Essa pol\u00edtica est\u00e1 ligada ao seu projeto de entrega do patrim\u00f4nio nacional para o capital estrangeiro, incluindo a Amaz\u00f4nia e seus recursos \u00e0s grandes mineradoras internacionais.<\/p>\n<p>\u00c9 preciso tomar as ruas e defender a floresta contra esse governo entreguista. Defender o meio ambiente e a popula\u00e7\u00e3o ind\u00edgena, ribeirinha e quilombola desse massacre.<\/p>\n<p>Fora Salles, j\u00e1!<\/p>\n<p>Amaz\u00f4nia fica, Bolsonaro sai!<\/p>\n<p>&nbsp;<\/p>\n","protected":false},"excerpt":{"rendered":"<p>No dia 19 de agosto, a popula\u00e7\u00e3o da cidade de S\u00e3o Paulo, regi\u00e3o mais populosa do pa\u00eds e de todo o continente, viu a tarde se transformar em noite num estranho fen\u00f4meno que causou susto e apreens\u00e3o. Uma espessa nuvem negra se abateu sobre a regi\u00e3o e, em algumas localidades, uma chuva escura chegou a [&hellip;]<\/p>\n","protected":false},"author":13,"featured_media":29171,"menu_order":0,"comment_status":"open","ping_status":"open","sticky":false,"template":"","format":"standard","meta":{"litci_post_political_author":"","footnotes":""},"categories":[121,3498,3840,3766,3767],"tags":[1252,470,7746,3800,190,3843],"class_list":["post-29166","post","type-post","status-publish","format-standard","has-post-thumbnail","hentry","category-brasil","category-crise-climatica-e-ambiental","category-defesa-da-amazonia","category-meio-ambiente","category-mudancas-climaticas","tag-amazonia","tag-bolsonaro","tag-incendio-amazonia","tag-mudancas-climaticas","tag-pstu-brasil","tag-ricardo-salles"],"fimg_url":"https:\/\/litci.org\/pt\/wp-content\/uploads\/2019\/08\/amazonwildfire-1000_6.jpg","categories_names":["Brasil","Crise clim\u00e1tica e ambiental","Defesa da amaz\u00f4nia","Meio Ambiente","Mudan\u00e7as clim\u00e1ticas"],"author_info":{"name":"Javier f","pic":"https:\/\/secure.gravatar.com\/avatar\/38f104112503b4b2d43a8972576238b0824db79ccc991f981595fcbc569b0601?s=96&d=mm&r=g"},"political_author":null,"tagline":"","_links":{"self":[{"href":"https:\/\/litci.org\/pt\/wp-json\/wp\/v2\/posts\/29166","targetHints":{"allow":["GET"]}}],"collection":[{"href":"https:\/\/litci.org\/pt\/wp-json\/wp\/v2\/posts"}],"about":[{"href":"https:\/\/litci.org\/pt\/wp-json\/wp\/v2\/types\/post"}],"author":[{"embeddable":true,"href":"https:\/\/litci.org\/pt\/wp-json\/wp\/v2\/users\/13"}],"replies":[{"embeddable":true,"href":"https:\/\/litci.org\/pt\/wp-json\/wp\/v2\/comments?post=29166"}],"version-history":[{"count":0,"href":"https:\/\/litci.org\/pt\/wp-json\/wp\/v2\/posts\/29166\/revisions"}],"wp:featuredmedia":[{"embeddable":true,"href":"https:\/\/litci.org\/pt\/wp-json\/wp\/v2\/media\/29171"}],"wp:attachment":[{"href":"https:\/\/litci.org\/pt\/wp-json\/wp\/v2\/media?parent=29166"}],"wp:term":[{"taxonomy":"category","embeddable":true,"href":"https:\/\/litci.org\/pt\/wp-json\/wp\/v2\/categories?post=29166"},{"taxonomy":"post_tag","embeddable":true,"href":"https:\/\/litci.org\/pt\/wp-json\/wp\/v2\/tags?post=29166"}],"curies":[{"name":"wp","href":"https:\/\/api.w.org\/{rel}","templated":true}]}}