{"id":28768,"date":"2019-07-22T11:50:11","date_gmt":"2019-07-22T13:50:11","guid":{"rendered":"https:\/\/litci.org\/pt\/?p=28768"},"modified":"2019-07-22T11:50:11","modified_gmt":"2019-07-22T13:50:11","slug":"honduras-a-juventude-tem-estado-na-vanguarda","status":"publish","type":"post","link":"https:\/\/litci.org\/pt\/2019\/07\/22\/honduras-a-juventude-tem-estado-na-vanguarda\/","title":{"rendered":"Honduras | A  juventude tem estado na vanguarda"},"content":{"rendered":"<p><em>Em Honduras, desde o golpe de Estado, a juventude vem mostrando o caminho para enfrentar os ataques de uma ditadura e seus lacaios.<\/em><\/p>\n<p><!--more--><\/p>\n<p>Por: Manuel Santill\u00e1n<\/p>\n<p>Seu principal basti\u00e3o \u00e9 o movimento estudantil da Universidade Nacional de Honduras \u2013 UNAH. \u00a0Mas tamb\u00e9m \u00e9 importante a juventude secundarista e dos bairros, esta \u00faltima determinante durante a insurrei\u00e7\u00e3o de 2017. Desde a fraude eleitoral de 2013, onde os estudantes da UNAH s\u00e3o os primeiros a ir para a rua, \u00e9 a juventude que tem sido a vanguarda do movimento oper\u00e1rio e popular.<\/p>\n<p>Depois disso, com a chegada do JOH \u00e0 Presid\u00eancia da Rep\u00fablica, a reitoria dirigida por Julieta Castellanos se fortaleceu e lan\u00e7ou ataques no \u00e2mbito da Quarta Reforma. Assim, em anos consecutivos de 2014 a 2017, os estudantes organizaram massivas mobiliza\u00e7\u00f5es, paralisaram os 9 centros regionais da UNAH e constru\u00edram v\u00e1rios espa\u00e7os do movimento estudantil, como o Comit\u00ea de Greve ou o MEU, para resistir \u00e0 repress\u00e3o de Castellanos e da ditadura. Essas cont\u00ednuas lutas terminaram com a sa\u00edda abrupta de Castellanos da reitoria, demonstrando que a raz\u00e3o sempre esteve do lado dos estudantes.<\/p>\n<p>Os estudantes secundaristas tamb\u00e9m se jogaram na luta. Foram importantes suas lutas contra a amplia\u00e7\u00e3o da jornada e contra a alfabetiza\u00e7\u00e3o for\u00e7ada. Essas lutas foram brutalmente reprimidas pelo governo, deixando dezenas de mortos, onde a mais destacada foi Soad Nicolle. Apesar da repress\u00e3o, a luta continuou e acabou derrotando as duas medidas do governo.<\/p>\n<p>A Universidade Nacional de Agronomia, UNA, realizou importantes lutas democr\u00e1ticas e melhores condi\u00e7\u00f5es de estudo. Neste centro universit\u00e1rio localizado em Catacamas eles enfrentaram um dos principais nomes do ditador, Marlon Escoto, Ministro da Educa\u00e7\u00e3o e Reitor da UNA, ao mesmo tempo. Este centro conseguiu algo que parecia imposs\u00edvel: derrubou atrav\u00e9s da mobiliza\u00e7\u00e3o um membro emblem\u00e1tico do Conselho de Ministros do JOH.<\/p>\n<p>Os universit\u00e1rios garantiram a queda de Escoto na UNA e de Julieta na UNAH, al\u00e9m de que junto aos estudantes secundaristas conseguiram frear a privatiza\u00e7\u00e3o da educa\u00e7\u00e3o p\u00fablica. N\u00e3o h\u00e1 outro setor no movimento oper\u00e1rio e popular que tenha conseguido derrotar tantas vezes a ditadura como a juventude fez. Al\u00e9m de defenderem a educa\u00e7\u00e3o, a juventude se uniu abertamente para lutar contra a ditadura e hoje \u00e9 a principal vanguarda do movimento popular.<\/p>\n<p>Tradu\u00e7\u00e3o: Lena Souza<\/p>\n","protected":false},"excerpt":{"rendered":"<p>Em Honduras, desde o golpe de Estado, a juventude vem mostrando o caminho para enfrentar os ataques de uma ditadura e seus lacaios.<\/p>\n","protected":false},"author":13,"featured_media":28769,"menu_order":0,"comment_status":"open","ping_status":"open","sticky":false,"template":"","format":"standard","meta":{"litci_post_political_author":"","footnotes":""},"categories":[7009,248],"tags":[3603,7632,7633,7626],"class_list":["post-28768","post","type-post","status-publish","format-standard","has-post-thumbnail","hentry","category-crise-em-honduras","category-honduras","tag-joh-honduras","tag-juventude-honduras","tag-manuel-santillan","tag-protestos-honduras"],"fimg_url":"https:\/\/litci.org\/pt\/wp-content\/uploads\/2019\/07\/551a345f71139e3b1c8b4622.jpg","categories_names":["Crise em Honduras","Honduras"],"author_info":{"name":"Javier f","pic":"https:\/\/secure.gravatar.com\/avatar\/38f104112503b4b2d43a8972576238b0824db79ccc991f981595fcbc569b0601?s=96&d=mm&r=g"},"political_author":null,"tagline":"","_links":{"self":[{"href":"https:\/\/litci.org\/pt\/wp-json\/wp\/v2\/posts\/28768","targetHints":{"allow":["GET"]}}],"collection":[{"href":"https:\/\/litci.org\/pt\/wp-json\/wp\/v2\/posts"}],"about":[{"href":"https:\/\/litci.org\/pt\/wp-json\/wp\/v2\/types\/post"}],"author":[{"embeddable":true,"href":"https:\/\/litci.org\/pt\/wp-json\/wp\/v2\/users\/13"}],"replies":[{"embeddable":true,"href":"https:\/\/litci.org\/pt\/wp-json\/wp\/v2\/comments?post=28768"}],"version-history":[{"count":0,"href":"https:\/\/litci.org\/pt\/wp-json\/wp\/v2\/posts\/28768\/revisions"}],"wp:featuredmedia":[{"embeddable":true,"href":"https:\/\/litci.org\/pt\/wp-json\/wp\/v2\/media\/28769"}],"wp:attachment":[{"href":"https:\/\/litci.org\/pt\/wp-json\/wp\/v2\/media?parent=28768"}],"wp:term":[{"taxonomy":"category","embeddable":true,"href":"https:\/\/litci.org\/pt\/wp-json\/wp\/v2\/categories?post=28768"},{"taxonomy":"post_tag","embeddable":true,"href":"https:\/\/litci.org\/pt\/wp-json\/wp\/v2\/tags?post=28768"}],"curies":[{"name":"wp","href":"https:\/\/api.w.org\/{rel}","templated":true}]}}