{"id":28240,"date":"2019-06-05T10:05:24","date_gmt":"2019-06-05T12:05:24","guid":{"rendered":"https:\/\/litci.org\/pt\/?p=28240"},"modified":"2019-06-05T10:05:24","modified_gmt":"2019-06-05T12:05:24","slug":"daniel-ruiz-ha-50-anos-do-cordobazo","status":"publish","type":"post","link":"https:\/\/litci.org\/pt\/2019\/06\/05\/daniel-ruiz-ha-50-anos-do-cordobazo\/","title":{"rendered":"Daniel Ruiz: h\u00e1 50 anos do Cordobazo"},"content":{"rendered":"<p><em>H\u00e1 50 anos do Cordobazo: poder oper\u00e1rio e popular contra o ajuste patronal<\/em><\/p>\n<p><!--more--><\/p>\n<p>Por: Daniel Ruiz<\/p>\n<p>Um novo anivers\u00e1rio de um feito heroico dos trabalhadores em C\u00f3rdoba, no qual a insurrei\u00e7\u00e3o oper\u00e1ria foi acompanhada por estudantes e outros setores populares.<\/p>\n<p>Apesar da passagem do tempo, a classe trabalhadora n\u00e3o perdeu a mem\u00f3ria do que aconteceu naquele dia e justamente porque os motivos de tal a\u00e7\u00e3o oper\u00e1ria foi em resposta \u00e0s medidas econ\u00f4micas a favor de empresas e multinacionais, do FMI e dos ianques, um plano econ\u00f4mico da ditadura militar com grande preju\u00edzo \u00e0s fam\u00edlias trabalhadoras.<\/p>\n<p>Mas entender o Cordobazo n\u00e3o o suficiente s\u00f3 ver o que estava acontecendo na Argentina, por esses anos os estudantes da UNAM do M\u00e9xico realizaram uma greve, o maio franc\u00eas colocou a classe oper\u00e1ria em cena com a juventude, Che Guevara simbolizava a rebeldia.<\/p>\n<p>Apesar da ditadura, o levante que significou o <em>Cordobazo<\/em> marcou o come\u00e7o do fim de Ongan\u00eda. Mas o fato foi t\u00e3o profundo para o povo que a partir dele houveram muitos levantes como o rosariazo de 89, o argentinazo 2001 e, l\u00f3gico, o 18 D contra a reforma da previd\u00eancia de 2017 porque esses fatos p\u00f5em a prova os lutadores, dirigentes e organiza\u00e7\u00f5es, porque o <em>Cordobazo<\/em> nos deixou dirigentes como Tosco, Salamanca, P\u00e1ez e outros.<\/p>\n<p>Como em 1969, estes anos tamb\u00e9m tiveram v\u00e1rios acontecimentos ao redor do mundo, a Fran\u00e7a tem os coletes amarelos, os catal\u00e3es querem sua independ\u00eancia, imigrantes latinos desafiam o xen\u00f3fobo terrorista Trump, as mulheres do mundo lutam pelos seus direitos e dignidade, o povo brasileiro resiste contra Bolsonaro, e, assim como o <em>Cordobazo<\/em>, nos \u00faltimos anos a luta mundial acompanha o ritmo argentino e da classe oper\u00e1ria novamente em cena fizeram uma greve geral das centrais oper\u00e1rias.<\/p>\n<p>Mas n\u00e3o posso deixar de comparar situa\u00e7\u00f5es, sabendo que elas n\u00e3o s\u00e3o id\u00eanticos, mesmo assim, sei que o 18D foi o come\u00e7o do fim de Macri, porque nada permaneceu igual depois daquele dia, como nada foi o mesmo para a ditadura quando em C\u00f3rdoba foram enfrentados. As medidas econ\u00f4micas tamb\u00e9m t\u00eam semelhan\u00e7as e as respostas oper\u00e1rias e populares tamb\u00e9m, como 50 anos atr\u00e1s, em cada luta, como oper\u00e1rios, temos a semente do <em>Cordobazo.<\/em><\/p>\n<p>Para terminar, a rebeldia tamb\u00e9m t\u00eam os seus nomes, nos dias de hoje, s\u00e3o Sebasti\u00e1n Romero, Dimas Ponce, Arakaki, Rafael Nahuel, Santiago Maldonado, os feridos do 18D e nossas companheiras mulheres com seus len\u00e7os verdes.<\/p>\n<p>De minha parte, minha homenagem ser\u00e1 continuar resistindo na cadeia, continuar construindo o PSTU e a LIT e lutar por uma sociedade justa, solidaria sem opressores, sem explora\u00e7\u00e3o, sem o FMI nem submiss\u00e3o ianque.<\/p>\n<p>Por uma nova revolu\u00e7\u00e3o oper\u00e1ria.<\/p>\n<p>Para uma Argentina Socialista.<\/p>\n<p>50 anos do Cordobazo! Continuamos de p\u00e9!<\/p>\n<p>Liberdade para os presos pol\u00edticos!<\/p>\n<p>Daniel Ruiz<\/p>\n<p>Marcos Paz 28\/05\/2019, cela 5506<\/p>\n<p>Tradu\u00e7\u00e3o: Lena Souza<\/p>\n","protected":false},"excerpt":{"rendered":"<p>H\u00e1 50 anos do Cordobazo: poder oper\u00e1rio e popular contra o ajuste patronal<\/p>\n","protected":false},"author":13,"featured_media":28241,"menu_order":0,"comment_status":"open","ping_status":"open","sticky":false,"template":"","format":"standard","meta":{"litci_post_political_author":"","footnotes":""},"categories":[94,4311],"tags":[7542,1626,6444],"class_list":["post-28240","post","type-post","status-publish","format-standard","has-post-thumbnail","hentry","category-argentina","category-solidaridade-daniel-ruiz","tag-cordobazo","tag-pstu-argentina","tag-solidariedade-daniel-ruiz"],"fimg_url":"https:\/\/litci.org\/pt\/wp-content\/uploads\/2019\/06\/cordobazo_obreros-estudiantes-0.jpg","categories_names":["Argentina","Solidariedade Daniel Ruiz"],"author_info":{"name":"Javier f","pic":"https:\/\/secure.gravatar.com\/avatar\/38f104112503b4b2d43a8972576238b0824db79ccc991f981595fcbc569b0601?s=96&d=mm&r=g"},"political_author":null,"tagline":"","_links":{"self":[{"href":"https:\/\/litci.org\/pt\/wp-json\/wp\/v2\/posts\/28240","targetHints":{"allow":["GET"]}}],"collection":[{"href":"https:\/\/litci.org\/pt\/wp-json\/wp\/v2\/posts"}],"about":[{"href":"https:\/\/litci.org\/pt\/wp-json\/wp\/v2\/types\/post"}],"author":[{"embeddable":true,"href":"https:\/\/litci.org\/pt\/wp-json\/wp\/v2\/users\/13"}],"replies":[{"embeddable":true,"href":"https:\/\/litci.org\/pt\/wp-json\/wp\/v2\/comments?post=28240"}],"version-history":[{"count":0,"href":"https:\/\/litci.org\/pt\/wp-json\/wp\/v2\/posts\/28240\/revisions"}],"wp:featuredmedia":[{"embeddable":true,"href":"https:\/\/litci.org\/pt\/wp-json\/wp\/v2\/media\/28241"}],"wp:attachment":[{"href":"https:\/\/litci.org\/pt\/wp-json\/wp\/v2\/media?parent=28240"}],"wp:term":[{"taxonomy":"category","embeddable":true,"href":"https:\/\/litci.org\/pt\/wp-json\/wp\/v2\/categories?post=28240"},{"taxonomy":"post_tag","embeddable":true,"href":"https:\/\/litci.org\/pt\/wp-json\/wp\/v2\/tags?post=28240"}],"curies":[{"name":"wp","href":"https:\/\/api.w.org\/{rel}","templated":true}]}}