{"id":28081,"date":"2019-05-24T16:04:11","date_gmt":"2019-05-24T18:04:11","guid":{"rendered":"https:\/\/litci.org\/pt\/?p=28081"},"modified":"2019-05-24T16:04:11","modified_gmt":"2019-05-24T18:04:11","slug":"repressao-a-uma-marcha-lgbt-em-cuba-ditadura-e-homofobia-no-regime-de-castrista","status":"publish","type":"post","link":"https:\/\/litci.org\/pt\/2019\/05\/24\/repressao-a-uma-marcha-lgbt-em-cuba-ditadura-e-homofobia-no-regime-de-castrista\/","title":{"rendered":"Repress\u00e3o a uma marcha LGBT em Cuba: ditadura e homofobia no regime castrista"},"content":{"rendered":"<p><em>H\u00e1 dez dias, uma marcha n\u00e3o autorizada exigindo direitos LGBTI em Cuba foi reprimida com agress\u00f5es f\u00edsicas e pris\u00f5es. A manifesta\u00e7\u00e3o, convocada por ativistas do movimento LGBTI no pa\u00eds e apoiada por diferentes setores, surgiu devido ao cancelamento de um evento oficial anual: a Conga pela diversidade. Desde 2007, o Cenesex (Centro Nacional de Educa\u00e7\u00e3o Sexual) &#8211; coordenado por Mariela Castro filha de Raul Castro &#8211; promove o evento.<\/em><\/p>\n<p><!--more--><\/p>\n<p>Por: Helena N\u00e1huatl<\/p>\n<p>Nesse ano, ela foi cancelada em declara\u00e7\u00e3o oficial, primeiro por &#8220;certas circunst\u00e2ncias que n\u00e3o ajudam sua ocorr\u00eancia bem sucedida&#8221;, em seguida, a declara\u00e7\u00e3o falou de &#8220;tens\u00f5es no contexto internacional e regional&#8221;, para depois ser alterada e atribu\u00edda a um suposta inten\u00e7\u00e3o &#8220;contra-revolucion\u00e1ria&#8221; de usar a <em>Conga<\/em> para fins desestabilizadores.<\/p>\n<p>Em contraste, o movimento LGBTI decidiu garantir de forma independente sua manifesta\u00e7\u00e3o &#8211; em meio a uma rejei\u00e7\u00e3o pela nova constitui\u00e7\u00e3o em reconhecimento do casamento igualit\u00e1rio &#8211; \u00a0bandeira dos ativistas LGBTI da ilha. Foi a primeira marcha LGBTI n\u00e3o autorizada, impulsionada pelo acesso \u00e0 Internet que existe amplamente no pa\u00eds h\u00e1 alguns meses.<\/p>\n<p>A marcha, da qual participaram cerca de 300 pessoas, incluindo artistas e intelectuais, foi quase inteiramente pac\u00edfica. Quando estava perto de terminar, deixando o Paseo del Prado para o Malec\u00f3n, foram interceptados pela pol\u00edcia.<\/p>\n<p><a href=\"http:\/\/litci.org\/pt\/wp-content\/uploads\/2019\/05\/Repressao-1.jpg\"><img loading=\"lazy\" decoding=\"async\" class=\"alignnone wp-image-28085 size-full\" src=\"http:\/\/litci.org\/pt\/wp-content\/uploads\/2019\/05\/Repressao-1.jpg\" alt=\"\" width=\"1200\" height=\"821\" \/><\/a><\/p>\n<p>A presen\u00e7a de ativistas e o pr\u00f3prio fato de sua dissemina\u00e7\u00e3o na internet fizeram com que a repress\u00e3o fosse amplamente divulgada na m\u00eddia. Sob muitas cr\u00edticas ao governo, Mariela Castro<a href=\"#_ftn1\" name=\"_ftnref1\">[1]<\/a> disse em sua conta no Facebook: &#8220;As vozes livres est\u00e3o enfrentando o servilismo do ativismo mercen\u00e1rio e imprensa &#8220;independente\u201d. (&#8230;) Aos inimigos da liberdade e a massa de pessoas ignorantes e esnobes que os acompanham, o trabalho da CENESEX lhes tira o sono&#8221;.<\/p>\n<p><strong>Vozes dissonantes<\/strong><\/p>\n<p>Hayd\u00e9e Milan\u00e9s, cantora e filha do renomado Pablo Milan\u00e9s, rejeitou o que o governo fez e desafiou aqueles que questionaram os motivos reais da Marcha &#8220;Se esta marcha foi paga por algu\u00e9m, ou tinha algum prop\u00f3sito que n\u00e3o foi defender um espa\u00e7o comunit\u00e1rio LGTB de inclus\u00e3o, amor, respeito; apresentem as provas e mostrem-nas agora !! &#8221;<\/p>\n<p>Silvio Rodriguez, defensor hist\u00f3rico do regime, disse: &#8220;tamb\u00e9m quero uma Cuba com mais direitos pol\u00edticos&#8221;. Numerosos artistas e intelectuais tamb\u00e9m criticaram a repress\u00e3o, incluindo nomes politicamente pr\u00f3ximos ao regime.<\/p>\n<p>A Marcha LGBTI desvendou um assunto muitas vezes esquecido ou posto de lado quando falamos em Cuba: a ditadura que come\u00e7ou depois da revolu\u00e7\u00e3o e continua at\u00e9 hoje a manter uma burocracia de privil\u00e9gios e repress\u00e3o. No meio de uma popula\u00e7\u00e3o que enfrenta o racionamento de produtos b\u00e1sicos, alta taxa de desemprego e turismo sexual, n\u00e3o h\u00e1 espa\u00e7o para vozes dissonantes.<\/p>\n<p>Na verdade, embora se diga o contr\u00e1rio, o governo cubano nos \u00faltimos anos teve como estrat\u00e9gia a abertura e a restaura\u00e7\u00e3o do capitalismo<a href=\"#_ftn2\" name=\"_ftnref2\">[2]<\/a>, avan\u00e7ando na perda das conquistas fundamentais da revolu\u00e7\u00e3o que na \u00e9poca fez essa pequena ilha superar em desenvolvimento os grandes pa\u00edses da Am\u00e9rica Latina, como Argentina, Brasil e M\u00e9xico: pleno emprego, sa\u00fade e educa\u00e7\u00e3o universal, monop\u00f3lio do com\u00e9rcio exterior e planejamento da economia. Nesse sentido, Cuba \u00e9 o mais pr\u00f3ximo que vimos de um ESTADO OPER\u00c1RIO em nosso continente, com incr\u00edveis conquistas revolucion\u00e1rias para qualquer pa\u00eds capitalista da \u00e9poca. Mas \u00e9 tamb\u00e9m a prova de que a exist\u00eancia do socialismo num \u00fanico pa\u00eds sob um regime ditatorial \u00e9 imposs\u00edvel<a href=\"#_ftn3\" name=\"_ftnref3\">[3]<\/a>.<\/p>\n<p><strong>O regime de Castro e os direitos LGBTI<\/strong><\/p>\n<p>N\u00e3o \u00e9 por acaso que uma repercuss\u00e3o desse tamanho seja dada a partir da nega\u00e7\u00e3o dos direitos LGBTI, gerando at\u00e9 cr\u00edticas dos pr\u00f3prios apoiadores do governo. A d\u00edvida que o regime cubano tem com pessoas LGBTI \u00e9 um epis\u00f3dio \u00e0 parte na revolu\u00e7\u00e3o cubana, mas tamb\u00e9m hoje, com a aus\u00eancia de pol\u00edticas de repara\u00e7\u00e3o eficazes contra a homofobia e a repress\u00e3o \u00e0 livre organiza\u00e7\u00e3o dessa comunidade.<\/p>\n<p>Ao contr\u00e1rio do que aconteceu na Revolu\u00e7\u00e3o Russa, onde &#8220;Todas as leis contra a homossexualidade foram revogadas pelo novo governo revolucion\u00e1rio e o sexo consensual foi definido como um assunto privado&#8221;. Em 1919, eles come\u00e7aram a realizar cirurgias de mudan\u00e7a de sexo em hospitais&#8221;<a href=\"#_ftn4\" name=\"_ftnref4\">[4]<\/a>, em Cuba desde o in\u00edcio l\u00e9sbicas, gays, bissexuais e transexuais foram reprimidos.<\/p>\n<p>Fidel Castro disse: &#8220;N\u00f3s nunca acreditamos que um homossexual pudesse incorporar as condi\u00e7\u00f5es e requisitos de conduta que nos permitem consider\u00e1-lo um verdadeiro revolucion\u00e1rio Um desvio dessa natureza se choca com o conceito que temos do que deveria ser um comunista.&#8221;. Naquela \u00e9poca, os homossexuais foram enviados a campos de trabalho for\u00e7ado, as UMAP (Unidades Militares de ajuda \u00e0 produ\u00e7\u00e3o), que tinha como vergonhosa m\u00e1xima &#8220;Obra vai fazer voc\u00ea homens&#8221; e presos cerca de 30 mil pessoas nos anos sessenta<a href=\"#_ftn5\" name=\"_ftnref5\">[5]<\/a>.<\/p>\n<p>\u00c9 importante contextualizar que, \u00e0quela \u00e9poca, com o dom\u00ednio stalinista na R\u00fassia, as leis mais progressistas do mundo j\u00e1 haviam mudado. O c\u00f3digo penal de 1934 ele voltou para criminalizar a homossexualidade e, posteriormente, ser uma pessoa LGBT na URSS n\u00e3o s\u00f3 se tornou um crime, mas foi considerado um &#8220;desvio pequeno-burgu\u00eas&#8221;, fato repetido pelo castrismo, com total alinhamento ideol\u00f3gico ao regime sovi\u00e9tico. Foi tamb\u00e9m sob o conceito amplo e difuso de &#8220;conduta impr\u00f3pria&#8221; que centenas de pessoas LGBTI na ilha foram levadas para os campos de servi\u00e7o for\u00e7ado.<\/p>\n<p>S\u00f3 muito mais tarde Fidel Castro<a href=\"#_ftn6\" name=\"_ftnref6\">[6]<\/a> reconheceria o fato ao declarar em um jornal mexicano: \u201cSe algu\u00e9m \u00e9 respons\u00e1vel pela persegui\u00e7\u00e3o de homossexuais na d\u00e9cada de sessenta, sou eu\u201d. Nesse contexto, surge o CENESEX, um \u00f3rg\u00e3o estatal que procura mudar a imagem do regime e seu tra\u00e7o fortemente homof\u00f3bico. Mas com a exclus\u00e3o do casamento LGBTI da nova constitui\u00e7\u00e3o e o cancelamento simb\u00f3lico desta marcha, a fachada inclusiva e diversificada liderada pelo governo da ilha cai por terra.<\/p>\n<p>Continuamos a reivindicar a revolu\u00e7\u00e3o cubana e sua demonstra\u00e7\u00e3o ao mundo e particularmente \u00e0 Am\u00e9rica Latina, que nos pa\u00edses semicoloniais \u00e9 poss\u00edvel realizar mudan\u00e7as tremendas de natureza socialista. Mas reconhecer as contradi\u00e7\u00f5es dessa revolu\u00e7\u00e3o serve como exemplo para explicitar tamb\u00e9m o que n\u00e3o queremos: um regime controlado por uma ditadura e ideologias opressivas que nada t\u00eam a ver com uma vis\u00e3o comunista da sociedade.<\/p>\n<p>A verdade \u00e9 que o regime de Castro, h\u00e1 60 anos na ilha, impediu o acompanhamento dos avan\u00e7os revolucion\u00e1rios obtidos nos primeiros anos, seja em termos econ\u00f4micos e sociais, seja nos direitos civis e na emancipa\u00e7\u00e3o humana, sem os quais n\u00e3o h\u00e1 sociedade que possa ser chamada de socialista. Portanto, nem mesmo uma quest\u00e3o jur\u00eddica foi uma conquista na nova constitui\u00e7\u00e3o (casamento como &#8220;ato entre duas pessoas&#8221;).<\/p>\n<p>Para mudar a situa\u00e7\u00e3o das pessoas LGBTI em Cuba, bem como de todos aqueles que querem se expressar livremente na ilha, \u00e9 necess\u00e1ria uma profunda mudan\u00e7a. Hoje, com a restaura\u00e7\u00e3o capitalista, essa mudan\u00e7a tem que ser econ\u00f4mica, por um lado, porque Cuba est\u00e1 voltando a ser uma col\u00f4nia do imperialismo. Por outro lado, como em todas as opress\u00f5es, somente o desenvolvimento de uma nova sociedade pode semear as bases que eliminariam completamente a homofobia, a transfobia e o machismo na ilha (assim como outras opress\u00f5es).<\/p>\n<p>Sabemos que para os Estados Unidos, com seus investimentos comerciais e a visita simb\u00f3lica de Obama \u00e0 ilha<a href=\"#_ftn7\" name=\"_ftnref7\">[7]<\/a>, todos os esfor\u00e7os e embargos econ\u00f4micos s\u00e3o tentativas de recoloniza\u00e7\u00e3o. Mas ao contr\u00e1rio do que os Castro prop\u00f5em, isto \u00e9, a abertura da ilha \u00e0 explora\u00e7\u00e3o econ\u00f4mica internacional e o monitoramento da ditadura como regime governamental, acreditamos em uma defesa completamente diferente de Cuba<a href=\"#_ftn8\" name=\"_ftnref8\">[8]<\/a>.<\/p>\n<p>Como dissemos em outro artigo, &#8220;os trabalhadores e os povos latino-americanos devem rejeitar a presen\u00e7a do imperialismo em Cuba, a restaura\u00e7\u00e3o capitalista liderada pelos irm\u00e3os Castro e a posi\u00e7\u00e3o da esquerda latino-americana que celebra esses acordos contrarrevolucion\u00e1rios&#8221;<a href=\"#_ftn9\" name=\"_ftnref9\">[9]<\/a>.<\/p>\n<p>Defender Cuba hoje, os direitos LGBTI na ilha e as conquistas da revolu\u00e7\u00e3o que ainda n\u00e3o foram perdidas, \u00e9 uma tarefa conjunta. O heroico povo cubano tem a capacidade de enfrentar recoloniza\u00e7\u00e3o e reverter, a exemplo do muito que j\u00e1 fez em defesa da revolu\u00e7\u00e3o de 1969. Por isso \u00e9 altamente necess\u00e1rio que as pessoas que os trabalhadores de Cuba, exer\u00e7am seu direito de discutir e decidir democraticamente os destinos do pa\u00eds, inclusive quem os governa.<\/p>\n<p>Que as vozes dissonantes continuem a aparecer no pa\u00eds, \u00e0 luz do que muitos artistas e intelectuais fizeram, que a classe trabalhadora pode organizar-se de forma independente e impedir que empresas estrangeiras, europeias e ianques cres\u00e7am no pa\u00eds. Que o futuro cubano, caribenhos e de todos os latinos que um dia foram submetidos \u00e0 opress\u00e3o e explora\u00e7\u00e3o sejam de liberdade, respeito e direitos irrestritos \u00e0s nossas diferen\u00e7as humanas, sob igualdades sociais.<\/p>\n<p>Que a revolu\u00e7\u00e3o que alimentou os sonhos de milh\u00f5es de pessoas no mundo seja mais uma vez um horizonte em Cuba!<\/p>\n<p><a href=\"#_ftnref1\" name=\"_ftn1\">[1]<\/a> <a href=\"https:\/\/www.facebook.com\/notes\/cenesex\/ajuste-al-programa-de-las-jornadas-cubanas-contra-la-homofobia-y-la-transfobia-e\/2318336911563706\/\" target=\"_blank\" rel=\"noopener\">https:\/\/www.facebook.com\/notes\/cenesex\/ajuste-al-programa-de-las-jornadas-cubanas-contra-la-homofobia-y-la-transfobia-e\/2318336911563706\/<\/a><\/p>\n<p><a href=\"#_ftnref2\" name=\"_ftn2\">[2]<\/a> <a href=\"https:\/\/litci.org\/pt\/teoria\/a-cuba-de-fidel-da-revolucao-a-restauracao\/\">https:\/\/litci.org\/pt\/teoria\/a-cuba-de-fidel-da-revolucao-a-restauracao\/<\/a><\/p>\n<p><a href=\"#_ftnref3\" name=\"_ftn3\">[3]<\/a> <a href=\"https:\/\/litci.org\/es\/menu\/lit-ci-y-partidos\/partidos\/pst-colombia\/el-imperialismo-en-la-cuba-capitalista\/\">https:\/\/litci.org\/es\/menu\/lit-ci-y-partidos\/partidos\/pst-colombia\/el-imperialismo-en-la-cuba-capitalista\/<\/a><\/p>\n<p><a href=\"#_ftnref4\" name=\"_ftn4\">[4]<\/a> <a href=\"https:\/\/litci.org\/pt\/opressao\/lgbt\/49-anos-de-stonewall-ta-na-hora-de-construir-uma-nova-rebeliao\/\">https:\/\/litci.org\/pt\/opressao\/lgbt\/49-anos-de-stonewall-ta-na-hora-de-construir-uma-nova-rebeliao\/<\/a><\/p>\n<p><a href=\"#_ftnref5\" name=\"_ftn5\">[5]<\/a> <a href=\"https:\/\/www.infobae.com\/america\/cultura-america\/2016\/12\/04\/el-impactante-documental-sobre-los-campos-de-concentracion-de-homosexuales-en-cuba\/\" target=\"_blank\" rel=\"noopener\">https:\/\/www.infobae.com\/america\/cultura-america\/2016\/12\/04\/el-impactante-documental-sobre-los-campos-de-concentracion-de-homosexuales-en-cuba\/<\/a><\/p>\n<p><a href=\"#_ftnref6\" name=\"_ftn6\">[6]<\/a> <a href=\"https:\/\/www.jornada.com.mx\/2010\/08\/31\/mundo\/026e1mun\" target=\"_blank\" rel=\"noopener\">https:\/\/www.jornada.com.mx\/2010\/08\/31\/mundo\/026e1mun<\/a><\/p>\n<p><a href=\"#_ftnref7\" name=\"_ftn7\">[7]<\/a> <a href=\"https:\/\/litci.org\/pt\/mundo\/america-latina\/cuba\/sobre-a-visita-de-obama-a-cuba\/\">https:\/\/litci.org\/pt\/mundo\/america-latina\/cuba\/sobre-a-visita-de-obama-a-cuba\/<\/a><\/p>\n<p><a href=\"#_ftnref8\" name=\"_ftn8\">[8]<\/a> <a href=\"https:\/\/litci.org\/es\/menu\/especial\/stalinismo-y-restauracion\/que-se-discute-tras-la-sucesion-de-fidel-2006\/\">https:\/\/litci.org\/es\/menu\/especial\/stalinismo-y-restauracion\/que-se-discute-tras-la-sucesion-de-fidel-2006\/<\/a><\/p>\n<p><a href=\"#_ftnref9\" name=\"_ftn9\">[9]<\/a> Idem nota 3.<\/p>\n","protected":false},"excerpt":{"rendered":"<p>H\u00e1 dez dias, uma marcha n\u00e3o autorizada exigindo direitos LGBTI em Cuba foi reprimida com agress\u00f5es f\u00edsicas e pris\u00f5es. A manifesta\u00e7\u00e3o, convocada por ativistas do movimento LGBTI no pa\u00eds e apoiada por diferentes setores, surgiu devido ao cancelamento de um evento oficial anual: a Conga pela diversidade. Desde 2007, o Cenesex (Centro Nacional de Educa\u00e7\u00e3o [&hellip;]<\/p>\n","protected":false},"author":13,"featured_media":72858,"menu_order":0,"comment_status":"open","ping_status":"open","sticky":false,"template":"","format":"standard","meta":{"litci_post_political_author":"","footnotes":""},"categories":[1182,238],"tags":[7506,4181,4182],"class_list":["post-28081","post","type-post","status-publish","format-standard","has-post-thumbnail","hentry","category-cuba","category-lgbt","tag-cuba-e-lgbti","tag-marcha-lgbti-cuba","tag-repressao-lgbti-cuba"],"fimg_url":"https:\/\/litci.org\/pt\/wp-content\/uploads\/2019\/05\/Portada-2-3.jpg","categories_names":["Cuba","LGBT"],"author_info":{"name":"Javier f","pic":"https:\/\/secure.gravatar.com\/avatar\/38f104112503b4b2d43a8972576238b0824db79ccc991f981595fcbc569b0601?s=96&d=mm&r=g"},"political_author":null,"tagline":"","_links":{"self":[{"href":"https:\/\/litci.org\/pt\/wp-json\/wp\/v2\/posts\/28081","targetHints":{"allow":["GET"]}}],"collection":[{"href":"https:\/\/litci.org\/pt\/wp-json\/wp\/v2\/posts"}],"about":[{"href":"https:\/\/litci.org\/pt\/wp-json\/wp\/v2\/types\/post"}],"author":[{"embeddable":true,"href":"https:\/\/litci.org\/pt\/wp-json\/wp\/v2\/users\/13"}],"replies":[{"embeddable":true,"href":"https:\/\/litci.org\/pt\/wp-json\/wp\/v2\/comments?post=28081"}],"version-history":[{"count":0,"href":"https:\/\/litci.org\/pt\/wp-json\/wp\/v2\/posts\/28081\/revisions"}],"wp:featuredmedia":[{"embeddable":true,"href":"https:\/\/litci.org\/pt\/wp-json\/wp\/v2\/media\/72858"}],"wp:attachment":[{"href":"https:\/\/litci.org\/pt\/wp-json\/wp\/v2\/media?parent=28081"}],"wp:term":[{"taxonomy":"category","embeddable":true,"href":"https:\/\/litci.org\/pt\/wp-json\/wp\/v2\/categories?post=28081"},{"taxonomy":"post_tag","embeddable":true,"href":"https:\/\/litci.org\/pt\/wp-json\/wp\/v2\/tags?post=28081"}],"curies":[{"name":"wp","href":"https:\/\/api.w.org\/{rel}","templated":true}]}}