{"id":2778,"date":"2013-09-04T20:58:44","date_gmt":"2013-09-04T22:58:44","guid":{"rendered":"http:\/\/litci.org\/pt\/sem-categoria\/as-bases-fundacionais-da-quarta-internacional-foram-confirmadas-pela-historia\/"},"modified":"2013-09-04T20:58:44","modified_gmt":"2013-09-04T22:58:44","slug":"as-bases-fundacionais-da-quarta-internacional-foram-confirmadas-pela-historia-3","status":"publish","type":"post","link":"https:\/\/litci.org\/pt\/2013\/09\/04\/as-bases-fundacionais-da-quarta-internacional-foram-confirmadas-pela-historia-3\/","title":{"rendered":"As bases fundacionais da Quarta Internacional foram confirmadas pela hist\u00f3ria"},"content":{"rendered":"<div style=\"margin-bottom: 0.0001pt;\"><span style=\"font-size: 14px;\"><span style=\"font-family: georgia, serif;\"><b>Tese I de Atualiza\u00e7\u00e3o do Programa de Transi\u00e7\u00e3o:<\/b><\/span><\/span><\/div>\n<div style=\"margin-bottom: 0.0001pt;\"><span style=\"font-size: 14px;\"><span style=\"font-family: georgia, serif;\"><br \/>\n<\/span><\/span><span style=\"font-size: 14px;\"><span style=\"font-family: georgia, serif;\">Nossa Internacional foi fundada em 1938 em base a uma s\u00e9rie de an\u00e1lises e princ\u00edpios gerais que lhe deram sustenta\u00e7\u00e3o. Estas bases fundamentais, sobre as quais a Quarta Internacional foi constru\u00edda, foram completamente corroboradas pela experi\u00eancia de mais de cem anos de luta oper\u00e1ria, e concretamente pelos \u00faltimos quarenta anos de lutas do proletariado e dos povos coloniais.<\/span><\/span><\/div>\n<p><!--more--><br \/>\n<span style=\"font-size: 14px;\"><span style=\"font-family: georgia, serif;\">Por: Nahuel Moreno<\/span><\/span><br \/>\n<span style=\"font-family: georgia, serif; font-size: 14px;\">Esquematicamente, estes princ\u00edpios foram os seguintes:<\/span><\/p>\n<div style=\"margin-bottom: 0.0001pt;\"><b style=\"font-family: georgia, serif; font-size: 14px;\">Primeiro<\/b><span style=\"font-family: georgia, serif; font-size: 14px;\">: que as for\u00e7as produtivas da humanidade deixaram de crescer sob o imperialismo e que, como consequ\u00eancia disso, todo o desenvolvimento t\u00e9cnico n\u00e3o melhora o n\u00edvel de vida das massas, mas, ao contr\u00e1rio, provoca mis\u00e9ria crescente e novas guerras. As for\u00e7as produtivas, por outro lado, entram em contradi\u00e7\u00e3o n\u00e3o s\u00f3 com a propriedade privada capitalista e imperialista, mas tamb\u00e9m com a exist\u00eancia dos estados nacionais.<\/span><\/div>\n<div style=\"margin-bottom: 0.0001pt;\"><span style=\"font-size: 14px;\"><span style=\"font-family: georgia, serif;\"><br \/>\n<\/span><\/span><\/div>\n<div style=\"margin-bottom: 0.0001pt;\"><span style=\"font-size: 14px;\"><span style=\"font-family: georgia, serif;\"><b>Segundo<\/b>: que, devido a estas contradi\u00e7\u00f5es, uma \u00e9poca hist\u00f3rica de guerras, crises e revolu\u00e7\u00f5es teria in\u00edcio. Ao dizer \u00e9poca hist\u00f3rica referimo-nos aproximadamente a um s\u00e9culo.<\/span><\/span><\/div>\n<div style=\"margin-bottom: 0.0001pt;\"><span style=\"font-size: 14px;\"><span style=\"font-family: georgia, serif;\"><br \/>\n<\/span><\/span><\/div>\n<div style=\"margin-bottom: 0.0001pt;\"><span style=\"font-size: 14px;\"><span style=\"font-family: georgia, serif;\"><b>Terceiro<\/b>: que a luta de classes e a revolu\u00e7\u00e3o passavam a ter um car\u00e1ter mundial. Isto significava, concretamente, que entr\u00e1vamos na \u00e9poca mais revolucion\u00e1ria da hist\u00f3ria, na qual todos os fen\u00f4menos deviam ser avaliados do ponto de vista da revolu\u00e7\u00e3o e da contrarrevolu\u00e7\u00e3o mundiais e n\u00e3o do ponto de vista dos estados ou qualquer outro fen\u00f4meno estrutural ou superestrutural.<\/span><\/span><\/div>\n<div style=\"margin-bottom: 0.0001pt;\"><span style=\"font-size: 14px;\"><span style=\"font-family: georgia, serif;\"><br \/>\n<\/span><\/span><\/div>\n<div style=\"margin-bottom: 0.0001pt;\"><span style=\"font-size: 14px;\"><span style=\"font-family: georgia, serif;\"><b>Quarto<\/b>: que a crise da humanidade \u00e9 consequ\u00eancia da crise de dire\u00e7\u00e3o do proletariado. Dito de outra maneira, que enquanto o proletariado n\u00e3o solucionasse a crise de dire\u00e7\u00e3o, a humanidade iria de crise em crise, a cada uma das quais seria mais aguda que a anterior.<\/span><\/span><\/div>\n<div style=\"margin-bottom: 0.0001pt;\"><span style=\"font-size: 14px;\"><span style=\"font-family: georgia, serif;\"><br \/>\n<\/span><\/span><\/div>\n<div style=\"margin-bottom: 0.0001pt;\"><span style=\"font-size: 14px;\"><span style=\"font-family: georgia, serif;\"><b>Quinto<\/b>: que a crise de dire\u00e7\u00e3o do proletariado mundial n\u00e3o \u00e9 um fen\u00f4meno abstrato, mas consequ\u00eancia de que as dire\u00e7\u00f5es reconhecidas do movimento oper\u00e1rio e de massas, entre elas a socialdemocracia e principalmente o stalinismo, passaram para o lado da ordem burguesa imperialista. Todas as dire\u00e7\u00f5es burocr\u00e1ticas ou pequeno-burguesas (nacionalistas, esquerdistas, socialdemocratas e stalinistas) servem historicamente &#8211; em forma direta ou indireta &#8211; \u00e0 contrarrevolu\u00e7\u00e3o imperialista.<\/span><\/span><\/div>\n<div style=\"margin-bottom: 0.0001pt;\"><span style=\"font-size: 14px;\"><span style=\"font-family: georgia, serif;\"><br \/>\n<\/span><\/span><\/div>\n<div style=\"margin-bottom: 0.0001pt;\"><span style=\"font-size: 14px;\"><span style=\"font-family: georgia, serif;\"><b>Sexto<\/b>: que esta trai\u00e7\u00e3o das dire\u00e7\u00f5es deve-se a causas sociais: a burocratiza\u00e7\u00e3o das organiza\u00e7\u00f5es oper\u00e1rias &#8211; entre elas a URSS &#8211; e a forma\u00e7\u00e3o de uma aristocracia oper\u00e1ria. A burocracia oper\u00e1ria e a pequena burguesia dirigente e seus partidos, por ser um setor privilegiado, s\u00e3o irrecuper\u00e1veis para a revolu\u00e7\u00e3o. Da\u00ed que o stalinismo seja o setor hegem\u00f4nico dos aparelhos contrarrevolucion\u00e1rios, j\u00e1 que monopoliza o controle do principal estado oper\u00e1rio, fonte de privil\u00e9gios sem limites.<\/span><\/span><\/div>\n<div style=\"margin-bottom: 0.0001pt;\"><span style=\"font-size: 14px;\"><span style=\"font-family: georgia, serif;\"><br \/>\n<\/span><\/span><\/div>\n<div style=\"margin-bottom: 0.0001pt;\"><span style=\"font-size: 14px;\"><span style=\"font-family: georgia, serif;\"><b>S\u00e9timo<\/b>: que a ideologia ou teoria de todas estas correntes pequeno-burguesas e burocr\u00e1ticas &#8211; principalmente do stalinismo &#8211; \u00e9 a do socialismo em um s\u00f3 pa\u00eds e a coexist\u00eancia pac\u00edfica com o imperialismo. S\u00e3o a teoria, a ideologia e o programa mais nefastos para o proletariado mundial.<\/span><\/span><\/div>\n<div style=\"margin-bottom: 0.0001pt;\"><span style=\"font-size: 14px;\"><span style=\"font-family: georgia, serif;\"><br \/>\n<\/span><\/span><\/div>\n<div style=\"margin-bottom: 0.0001pt;\"><span style=\"font-size: 14px;\"><span style=\"font-family: georgia, serif;\"><b>Oitavo<\/b>: que a \u00fanica teoria e programa que se op\u00f5em consequentemente \u00e0 teoria stalinista e socialdemocrata do socialismo em um s\u00f3 pa\u00eds e de coexist\u00eancia pac\u00edfica ou colabora\u00e7\u00e3o com o imperialismo \u00e9 a teoria da revolu\u00e7\u00e3o permanente, em sua segunda formula\u00e7\u00e3o como teoria da revolu\u00e7\u00e3o socialista internacional, da mobiliza\u00e7\u00e3o permanente da classe oper\u00e1ria e seus aliados para tomar o poder, instaurar uma ditadura revolucion\u00e1ria para derrotar ao imperialismo no mundo, destruir revolucionariamente os estados nacionais e implantar a federa\u00e7\u00e3o de rep\u00fablicas socialistas sovi\u00e9ticas do mundo para come\u00e7ar a construir o socialismo.<\/span><\/span><\/div>\n<div style=\"margin-bottom: 0.0001pt;\"><span style=\"font-size: 14px;\"><span style=\"font-family: georgia, serif;\"><br \/>\n<\/span><\/span><\/div>\n<div style=\"margin-bottom: 0.0001pt;\"><span style=\"font-size: 14px;\"><span style=\"font-family: georgia, serif;\"><b>Nono<\/b>: que a expropria\u00e7\u00e3o da burguesia e dos latifundi\u00e1rios nacionais \u00e9 uma quest\u00e3o t\u00e1tica para a ditadura revolucion\u00e1ria do proletariado. Seu grande objetivo estrat\u00e9gico \u00e9 desenvolver a revolu\u00e7\u00e3o socialista na regi\u00e3o e no mundo e liquidar as fronteiras nacionais para impor o socialismo em todo o planeta.<\/span><\/span><\/div>\n<div style=\"margin-bottom: 0.0001pt;\"><span style=\"font-size: 14px;\"><span style=\"font-family: georgia, serif;\"><br \/>\n<\/span><\/span><\/div>\n<div style=\"margin-bottom: 0.0001pt;\"><span style=\"font-size: 14px;\"><span style=\"font-family: georgia, serif;\"><b>D\u00e9cimo<\/b>: que a principal tarefa para superar a crise de dire\u00e7\u00e3o do proletariado passa pela constru\u00e7\u00e3o de partidos trotskistas de massas e do partido mundial da revolu\u00e7\u00e3o socialista, a Quarta Internacional, em todos os pa\u00edses do mundo. Estes partidos trotskistas de massas s\u00f3 poder\u00e3o ser constru\u00eddos se levarem a cabo uma luta implac\u00e1vel no seio do movimento de massas contra todas as dire\u00e7\u00f5es burocr\u00e1ticas e pequeno-burguesas, independentemente de que estas dire\u00e7\u00f5es dirijam conjunturalmente algumas lutas progressistas ou revolucion\u00e1rias, obrigadas pela press\u00e3o do movimento de massas, e embora cheguem, inclusive, a romper com a burguesia e a instaurar um governo oper\u00e1rio e campon\u00eas.<\/span><\/span><\/div>\n<div style=\"margin-bottom: 0.0001pt;\"><span style=\"font-size: 14px;\"><span style=\"font-family: georgia, serif;\"><br \/>\n<\/span><\/span><\/div>\n<div style=\"margin-bottom: 0.0001pt;\"><span style=\"font-size: 14px;\"><span style=\"font-family: georgia, serif;\"><b>D\u00e9cimo primeiro<\/b>: que nada demonstra melhor o car\u00e1ter contrarrevolucion\u00e1rio do stalinismo que seu papel como governo bonapartista na pr\u00f3pria URSS. Este governo leva inevitavelmente a URSS a uma crise crescente de car\u00e1ter econ\u00f4mico, social, pol\u00edtico e cultural. A burocracia, com seu regime, socava cotidianamente o primeiro estado oper\u00e1rio da hist\u00f3ria, degenerando-o progressivamente. S\u00f3 uma revolu\u00e7\u00e3o pol\u00edtica contra a burocracia, dirigida por um partido trotskista, poder\u00e1 superar esta crise hist\u00f3rica do estado oper\u00e1rio, que se encontra em um agudo processo degenerativo. Esta revolu\u00e7\u00e3o pol\u00edtica tem como objetivo voltar a impor uma ditadura revolucion\u00e1ria do proletariado seguindo o modelo de Lenin e Trotsky.<\/span><\/span><\/div>\n<div style=\"margin-bottom: 0.0001pt;\"><span style=\"font-size: 14px;\"><span style=\"font-family: georgia, serif;\"><br \/>\n<\/span><\/span><\/div>\n<div style=\"margin-bottom: 0.0001pt;\"><span style=\"font-size: 14px;\"><span style=\"font-family: georgia, serif;\"><b>D\u00e9cimo segundo<\/b>: que a revolu\u00e7\u00e3o pol\u00edtica que se imp\u00f5e na URSS contra a casta burocr\u00e1tica no poder \u00e9 parte da luta mundial para varrer todos os partidos stalinistas, socialdemocratas e pequeno-burgueses da dire\u00e7\u00e3o do movimento de massas.<\/span><\/span><\/div>\n<div style=\"margin-bottom: 0.0001pt;\"><span style=\"font-size: 14px;\"><span style=\"font-family: georgia, serif;\"><br \/>\n<\/span><\/span><\/div>\n<div style=\"margin-bottom: 0.0001pt;\"><span style=\"font-size: 14px;\"><span style=\"font-family: georgia, serif;\"><b>D\u00e9cimo terceiro<\/b>: todos os pontos anteriores se concretizam na letra e no m\u00e9todo do Programa de Transi\u00e7\u00e3o. \u00c9 o programa para mobilizar o proletariado para a tomada do poder e a implanta\u00e7\u00e3o da ditadura revolucion\u00e1ria do proletariado e desenvolver a mobiliza\u00e7\u00e3o permanente dos trabalhadores do mundo para construir, ao compasso da mobiliza\u00e7\u00e3o, a \u00fanica dire\u00e7\u00e3o revolucion\u00e1ria deste processo, os partidos trotskistas e a Quarta Internacional.<\/span><\/span><\/div>\n<div style=\"margin-bottom: 0.0001pt;\"><span style=\"font-size: 14px;\"><span style=\"font-family: georgia, serif;\"><br \/>\n<\/span><\/span><\/div>\n","protected":false},"excerpt":{"rendered":"<p>Tese I de Atualiza\u00e7\u00e3o do Programa de Transi\u00e7\u00e3o: Nossa Internacional foi fundada em 1938 em base a uma s\u00e9rie de an\u00e1lises e princ\u00edpios gerais que lhe deram sustenta\u00e7\u00e3o. Estas bases fundamentais, sobre as quais a Quarta Internacional foi constru\u00edda, foram completamente corroboradas pela experi\u00eancia de mais de cem anos de luta oper\u00e1ria, e concretamente pelos [&hellip;]<\/p>\n","protected":false},"author":13,"featured_media":11713,"menu_order":0,"comment_status":"open","ping_status":"open","sticky":false,"template":"","format":"standard","meta":{"litci_post_political_author":"","footnotes":""},"categories":[6061,10],"tags":[8081,918,3099],"class_list":["post-2778","post","type-post","status-publish","format-standard","has-post-thumbnail","hentry","category-80-anos-da-quarta","category-teoria","tag-bloco-de-teoria","tag-nahuel-moreno","tag-programa-trotskista"],"fimg_url":"https:\/\/litci.org\/pt\/wp-content\/uploads\/2013\/09\/NM-2.jpg","categories_names":["80 anos da Quarta","TEORIA"],"author_info":{"name":"Javier f","pic":"https:\/\/secure.gravatar.com\/avatar\/38f104112503b4b2d43a8972576238b0824db79ccc991f981595fcbc569b0601?s=96&d=mm&r=g"},"political_author":null,"tagline":"","_links":{"self":[{"href":"https:\/\/litci.org\/pt\/wp-json\/wp\/v2\/posts\/2778","targetHints":{"allow":["GET"]}}],"collection":[{"href":"https:\/\/litci.org\/pt\/wp-json\/wp\/v2\/posts"}],"about":[{"href":"https:\/\/litci.org\/pt\/wp-json\/wp\/v2\/types\/post"}],"author":[{"embeddable":true,"href":"https:\/\/litci.org\/pt\/wp-json\/wp\/v2\/users\/13"}],"replies":[{"embeddable":true,"href":"https:\/\/litci.org\/pt\/wp-json\/wp\/v2\/comments?post=2778"}],"version-history":[{"count":0,"href":"https:\/\/litci.org\/pt\/wp-json\/wp\/v2\/posts\/2778\/revisions"}],"wp:featuredmedia":[{"embeddable":true,"href":"https:\/\/litci.org\/pt\/wp-json\/wp\/v2\/media\/11713"}],"wp:attachment":[{"href":"https:\/\/litci.org\/pt\/wp-json\/wp\/v2\/media?parent=2778"}],"wp:term":[{"taxonomy":"category","embeddable":true,"href":"https:\/\/litci.org\/pt\/wp-json\/wp\/v2\/categories?post=2778"},{"taxonomy":"post_tag","embeddable":true,"href":"https:\/\/litci.org\/pt\/wp-json\/wp\/v2\/tags?post=2778"}],"curies":[{"name":"wp","href":"https:\/\/api.w.org\/{rel}","templated":true}]}}