{"id":27043,"date":"2019-04-08T11:35:17","date_gmt":"2019-04-08T13:35:17","guid":{"rendered":"https:\/\/litci.org\/pt\/?p=27043"},"modified":"2019-04-08T11:35:17","modified_gmt":"2019-04-08T13:35:17","slug":"madri-se-manifesta-pela-liberdade-dos-presos-politicos-catalaes","status":"publish","type":"post","link":"https:\/\/litci.org\/pt\/2019\/04\/08\/madri-se-manifesta-pela-liberdade-dos-presos-politicos-catalaes\/","title":{"rendered":"Madri se manifesta pela liberdade dos presos pol\u00edticos catal\u00e3es"},"content":{"rendered":"<p><em>A pouco mais de um m\u00eas da concentra\u00e7\u00e3o em Col\u00f3n do tripartido do 155, as ruas de Madri encheram-se de catal\u00e3es e bandeiras independentistas para manifestar-se pela liberdade d@s pres@s pol\u00edtic@s. Segundo os organizadores mais de 500 \u00f4nibus e uns 15 trens AVE, deslocaram-se da Catalunha e de outros pontos do Estado espanhol (Andaluzia e Arag\u00f3n), como demonstra\u00e7\u00e3o de for\u00e7a do soberanismo.<\/em><\/p>\n<p><!--more--><\/p>\n<p>Por: Corriente Roja<\/p>\n<p>A manifesta\u00e7\u00e3o que come\u00e7ou na esta\u00e7\u00e3o Atocha por volta das 18:00 horas reuniu ao redor de 50.000 pessoas e na frente estava uma faixa de protesto que dizia: \u201cA autodetermina\u00e7\u00e3o n\u00e3o \u00e9 um delito, Democracia \u00e9 decidir\u201d. Durante a caminhada as consignas mais entoadas foram \u201cLiberdade pres@s pol\u00edtic@s\u201d, \u201cN\u00e3o \u00e9 um julgamento, \u00e9 uma farsa\u201d \u201cas ruas ser\u00e3o sempre nossas\u201d, etc\u2026 Um grande desafio tendo em conta a criminaliza\u00e7\u00e3o e o comportamento provocador desse trio reacion\u00e1rio encabe\u00e7ado por Casado, Rivera y Abascal que vivem permanentemente de enfrentar a popula\u00e7\u00e3o espanhola com o povo catal\u00e3o.<\/p>\n<p>A pesar de que numerosas organiza\u00e7\u00f5es e coletivos sociais de Madri aderiam ao Manifesto e \u00e0 pr\u00f3pria convocat\u00f3ria da Manifesta\u00e7\u00e3o, a presen\u00e7a destas organiza\u00e7\u00f5es e coletivos foi muito pequena e o grosso d@s participantes vieram da Catalunha. A Manifesta\u00e7\u00e3o acabou na Plaza de Cibeles onde havia um palco para leitura do Manifesto unit\u00e1rio e para as diferentes interven\u00e7\u00f5es.<\/p>\n<p>N\u00f3s da Corriente Roja, voltamos \u00e0s ruas mais uma vez para mostrar nosso apoio e solidariedade com o povo catal\u00e3o e denunciar a farsa judicial. Entretanto e como nossa pr\u00f3pria Declara\u00e7\u00e3o dizia <em>\u201cdefender o direito de decidir e a liberdade dos pres@s pol\u00edtic@s catal\u00e3es n\u00e3o implica de modo algum dar apoio pol\u00edtico ou compartilhar sua atua\u00e7\u00e3o. N\u00e3o podemos apoiar politicamente aqueles que aplicaram a partir do governo da Generalitat os planos de cortes, fazem parte de partidos burgueses e foram os primeiros a n\u00e3o respeitar a vontade dos que foram votar em 1-O e foram selvagemente reprimidos\u201d.<\/em><\/p>\n<p>Tamb\u00e9m queremos assinalar e destacar as numerosas demonstra\u00e7\u00f5es de agradecimento e abra\u00e7os que obtivemos de muit@s d@sparticipantes da manifesta\u00e7\u00e3o, que n\u00e3o se aproximaram de nossa coluna apenas para felicitar-nos, como tamb\u00e9m permaneceram durante quase toda caminhada junto a n\u00f3s entoando as consignas. Uma emotividade e um companheirismo que ficar\u00e1 para sempre em nossa memoria.<\/p>\n<p>A Manifesta\u00e7\u00e3o de 16M sup\u00f4s uma enorme bofetada para tod@s aquel@s que v\u00eam mantendo essa disputa para ver quem tira mais la\u00e7os amarelos ou se mostram como o maior defensor da unidade for\u00e7ada da Espanha. Ainda mais por tratar-se de uma Manifesta\u00e7\u00e3o que aconteceu em Madri: o cora\u00e7\u00e3o do estado.<\/p>\n<p>Por \u00faltimo, constatar que dias de luta como o 16M nos reafirmam mais do que nunca, n\u00f3s da classe oper\u00e1ria, ao inv\u00e9s de nos confrontar, temos que lutar contra todo tipo de uni\u00e3o for\u00e7ada e defender juntos o direito de decidir. Esta ser\u00e1 a melhor maneira de conseguir a unidade com a classe trabalhadora do resto do Estado para acabar com a Monarquia e colocar as bases por uma uni\u00e3o livre de rep\u00fablicas.<\/p>\n<p>Tradu\u00e7\u00e3o: Lilian Enck<\/p>\n","protected":false},"excerpt":{"rendered":"<p>A pouco mais de um m\u00eas da concentra\u00e7\u00e3o em Col\u00f3n do tripartido do 155, as ruas de Madri encheram-se de catal\u00e3es e bandeiras independentistas para manifestar-se pela liberdade d@s pres@s pol\u00edtic@s. Segundo os organizadores mais de 500 \u00f4nibus e uns 15 trens AVE, deslocaram-se da Catalunha e de outros pontos do Estado espanhol (Andaluzia e [&hellip;]<\/p>\n","protected":false},"author":13,"featured_media":72151,"menu_order":0,"comment_status":"open","ping_status":"open","sticky":false,"template":"","format":"standard","meta":{"litci_post_political_author":"","footnotes":""},"categories":[4305,3512],"tags":[229,4870],"class_list":["post-27043","post","type-post","status-publish","format-standard","has-post-thumbnail","hentry","category-catalunha","category-estado-espanhol","tag-corriente-roja","tag-independencia-catalunha"],"fimg_url":"https:\/\/litci.org\/pt\/wp-content\/uploads\/2019\/04\/16M-1-scaled.jpeg","categories_names":["Catalunha","Estado Espanhol"],"author_info":{"name":"Javier f","pic":"https:\/\/secure.gravatar.com\/avatar\/38f104112503b4b2d43a8972576238b0824db79ccc991f981595fcbc569b0601?s=96&d=mm&r=g"},"political_author":null,"tagline":"","_links":{"self":[{"href":"https:\/\/litci.org\/pt\/wp-json\/wp\/v2\/posts\/27043","targetHints":{"allow":["GET"]}}],"collection":[{"href":"https:\/\/litci.org\/pt\/wp-json\/wp\/v2\/posts"}],"about":[{"href":"https:\/\/litci.org\/pt\/wp-json\/wp\/v2\/types\/post"}],"author":[{"embeddable":true,"href":"https:\/\/litci.org\/pt\/wp-json\/wp\/v2\/users\/13"}],"replies":[{"embeddable":true,"href":"https:\/\/litci.org\/pt\/wp-json\/wp\/v2\/comments?post=27043"}],"version-history":[{"count":0,"href":"https:\/\/litci.org\/pt\/wp-json\/wp\/v2\/posts\/27043\/revisions"}],"wp:featuredmedia":[{"embeddable":true,"href":"https:\/\/litci.org\/pt\/wp-json\/wp\/v2\/media\/72151"}],"wp:attachment":[{"href":"https:\/\/litci.org\/pt\/wp-json\/wp\/v2\/media?parent=27043"}],"wp:term":[{"taxonomy":"category","embeddable":true,"href":"https:\/\/litci.org\/pt\/wp-json\/wp\/v2\/categories?post=27043"},{"taxonomy":"post_tag","embeddable":true,"href":"https:\/\/litci.org\/pt\/wp-json\/wp\/v2\/tags?post=27043"}],"curies":[{"name":"wp","href":"https:\/\/api.w.org\/{rel}","templated":true}]}}