{"id":26946,"date":"2019-04-01T18:49:36","date_gmt":"2019-04-01T20:49:36","guid":{"rendered":"https:\/\/litci.org\/pt\/?p=26946"},"modified":"2019-04-01T18:49:36","modified_gmt":"2019-04-01T20:49:36","slug":"argentina-colapso-para-a-classe-trabalhadora","status":"publish","type":"post","link":"https:\/\/litci.org\/pt\/2019\/04\/01\/argentina-colapso-para-a-classe-trabalhadora\/","title":{"rendered":"Argentina: \u201cColapso\u201d&#8230; para a classe trabalhadora"},"content":{"rendered":"<p><em>As patronais argentinas e as multinacionais buscam jogar sobre os trabalhadores o peso da crise capitalista. Pela resist\u00eancia \u00e0s reformas trabalhista e da previd\u00eancia as empresas optam por demitir e suspender trabalhadores chantageando para modificar as condi\u00e7\u00f5es de trabalho reduzindo sal\u00e1rios e ao mesmo tempo o imperialismo econ\u00f4mico se preocupa com a possibilidade de que a nossa economia capitalista n\u00e3o possa pagar capital e juros da d\u00edvida externa.<\/em><\/p>\n<p><!--more--><\/p>\n<p>Por:\u00a0 PSTU Argentina<\/p>\n<p>A infla\u00e7\u00e3o, o desemprego, a pobreza e mis\u00e9ria crescente precisam de medidas pol\u00edticas e econ\u00f4micas urgentes para que as patronais e especuladores paguem pela crise que eles provocaram.<\/p>\n<p><strong>Os patr\u00f5es muito nervosos <\/strong><\/p>\n<p>A revista FORBES, com sede em Nova York, especializada em analisar a economia dos pa\u00edses e em fazer ranking das personalidades e empres\u00e1rios que ganham mais milh\u00f5es de d\u00f3lares no mundo, afirmou nos \u00faltimos dias, que a economia do nosso pa\u00eds est\u00e1 <em>\u201c<strong>a beira do colapso novamente\u201d. <\/strong><\/em>Para al\u00e9m de que isso seja verdade ou n\u00e3o, esta revista demonstra que existe uma grande preocupa\u00e7\u00e3o dos grandes empres\u00e1rios e bancos pelos seus lucros e pela grande d\u00edvida que o pa\u00eds tem, com a possibilidade de que n\u00e3o se possa pagar.<\/p>\n<p>As milhares de demiss\u00f5es, suspens\u00f5es e mudan\u00e7as nas condi\u00e7\u00f5es de trabalho em muitas empresas, n\u00e3o foram suficientes para acalmar a sede de lucro que esses abutres t\u00eam. Macri no seu discurso no congresso, tentou seduzi-los para que invistam, garantindo que \u201cestamos bem\u201d que \u201cestamos melhor que em 2015\u201d. <strong><em>\u201cCresceu a economia e baixou a infla\u00e7\u00e3o\u201d<\/em><\/strong>. ressaltou hipocritamente. Traduzido queria dizer: \u201cAinda n\u00e3o consegui, mas consigo se votarem em mim de novo\u201d. <strong><em>\u00a0\u00a0<\/em><\/strong><\/p>\n<p><strong>Um fracasso de Macri<\/strong><\/p>\n<p>O governo fracassou em levar adiante o verdadeiro objetivo que era n\u00e3o somente meter a m\u00e3o no bolso dos aposentados com a reforma da previd\u00eancia, tamb\u00e9m era fundamental mudar todas as rela\u00e7\u00f5es trabalhistas para facilitar a superexplora\u00e7\u00e3o oper\u00e1ria, aumentando assim seus lucros, reduzindo sal\u00e1rios, aumentando a \u201cprodutividade\u201d e retirando conquistas acumuladas por anos de luta etc.<\/p>\n<p>Al\u00e9m disso, permitiria que os abutres cobrassem seus empr\u00e9stimos, \u201cdiminuindo o Estado\u201d com milhares de demiss\u00f5es, reduzindo ainda mais os investimentos em sa\u00fade e educa\u00e7\u00e3o, entre outras \u00e1reas. Para isso deveria derrotar a resist\u00eancia dos trabalhadores e do povo, isso n\u00e3o conseguiu. A pesar da \u00fatil colabora\u00e7\u00e3o de todos os dirigentes da CGT e das CTA e de uma oposi\u00e7\u00e3o que faz discursos e nada mais, e que a maioria dos sindicatos fa\u00e7am vista grossa, isolam e diminuem as lutas, ou acatam as \u201cConcilia\u00e7\u00f5es obrigat\u00f3rias\u201d que s\u00f3 servem para desmobilizar e desmoralizar a luta.<\/p>\n<p><strong>\u00c9 verdade que est\u00e3o em crise?<\/strong><\/p>\n<p>Mas essa resist\u00eancia oper\u00e1ria e popular, se bem conseguiu frear momentaneamente a Lei de reforma trabalhista e as mudan\u00e7as mais profundas no congresso, deixaram a Macri bastante debilitado e com uma forte crise, n\u00e3o p\u00f4de frear os ataques que muitos empres\u00e1rios levam adiante favorecidos pelo governo, atrav\u00e9s do \u201cMinist\u00e9rio do trabalho\u201d que respaldam os <strong>\u201cProcessos preventivos de crise<\/strong>\u201d para despedir massivamente, as demiss\u00f5es de ativistas e delegados de base e assim poder passar mudan\u00e7as nos acordos e condi\u00e7\u00f5es de trabalho.<\/p>\n<p>Por isso n\u00e3o surpreende ver as multinacionais como a Coca-Cola, Renault, Peugeot, General Motors anunciar que est\u00e3o em crise e por isso demitem e suspendem, ou fecham as portas, como a Azeiteira COFCO ou a Metalpar dedicada a carrocerias, entre tantas outras. S\u00e3o as que sob todos os governos ganharam rios de dinheiro. A hist\u00f3ria de que \u201co consumo caiu\u201d para estas multinacionais que em muitos casos ganham mais em um ano que toda a produ\u00e7\u00e3o junta de nosso pa\u00eds, n\u00e3o cabe.<\/p>\n<p><strong>A que colapsou \u00e9 a economia dos trabalhadores e do povo<\/strong><\/p>\n<p>Para garantir aos empres\u00e1rios fabulosos lucros, o governo de Macri est\u00e1 atacando a economia do povo trabalhador, dos aposentados, e de amplos setores populares com os aumento das tarifas de servi\u00e7os como o g\u00e1s, eletricidade, \u00e1gua, combust\u00edveis, ped\u00e1gios e os impostos que desataram uma infla\u00e7\u00e3o que levou o sal\u00e1rio a perder quase 18% do seu poder de compra. Assim Macri garante reduzir os sal\u00e1rios e a renda popular em rela\u00e7\u00e3o \u00e0 infla\u00e7\u00e3o.<\/p>\n<p>Os dirigentes sindicais, sejam os \u201ccombativos\u201d da Frente Sindical para um projeto nacional, ou os chamados \u201cGovernistas\u201d de Daer e companhia, est\u00e3o sendo c\u00famplices com esse ataque. Os Moyano e os Palazzo fazem discursos contra o ajuste e que n\u00e3o v\u00e3o permitir \u201cnenhuma reforma trabalhista\u201d mas a reforma avan\u00e7a a passos largos nas empresas, enquanto os dirigentes da CGT avisam que est\u00e3o preparando uma mobiliza\u00e7\u00e3o juntos com os patr\u00f5es. E que n\u00e3o v\u00e3o fazer nenhuma greve.<\/p>\n<p>Tradu\u00e7\u00e3o: Vitor Jambo<\/p>\n<p>&nbsp;<\/p>\n<p>&nbsp;<\/p>\n<p>&nbsp;<\/p>\n<p>&nbsp;<\/p>\n","protected":false},"excerpt":{"rendered":"<p>As patronais argentinas e as multinacionais buscam jogar sobre os trabalhadores o peso da crise capitalista. Pela resist\u00eancia \u00e0s reformas trabalhista e da previd\u00eancia as empresas optam por demitir e suspender trabalhadores chantageando para modificar as condi\u00e7\u00f5es de trabalho reduzindo sal\u00e1rios e ao mesmo tempo o imperialismo econ\u00f4mico se preocupa com a possibilidade de que [&hellip;]<\/p>\n","protected":false},"author":13,"featured_media":26948,"menu_order":0,"comment_status":"open","ping_status":"open","sticky":false,"template":"","format":"standard","meta":{"litci_post_political_author":"","footnotes":""},"categories":[94,3789],"tags":[6411,95,1626],"class_list":["post-26946","post","type-post","status-publish","format-standard","has-post-thumbnail","hentry","category-argentina","category-sem-categoria","tag-crise-na-argentina","tag-macri","tag-pstu-argentina"],"fimg_url":"https:\/\/litci.org\/pt\/wp-content\/uploads\/2019\/04\/argentina1-scaled.jpg","categories_names":["Argentina","Sem categoria"],"author_info":{"name":"Javier f","pic":"https:\/\/secure.gravatar.com\/avatar\/38f104112503b4b2d43a8972576238b0824db79ccc991f981595fcbc569b0601?s=96&d=mm&r=g"},"political_author":null,"tagline":"","_links":{"self":[{"href":"https:\/\/litci.org\/pt\/wp-json\/wp\/v2\/posts\/26946","targetHints":{"allow":["GET"]}}],"collection":[{"href":"https:\/\/litci.org\/pt\/wp-json\/wp\/v2\/posts"}],"about":[{"href":"https:\/\/litci.org\/pt\/wp-json\/wp\/v2\/types\/post"}],"author":[{"embeddable":true,"href":"https:\/\/litci.org\/pt\/wp-json\/wp\/v2\/users\/13"}],"replies":[{"embeddable":true,"href":"https:\/\/litci.org\/pt\/wp-json\/wp\/v2\/comments?post=26946"}],"version-history":[{"count":0,"href":"https:\/\/litci.org\/pt\/wp-json\/wp\/v2\/posts\/26946\/revisions"}],"wp:featuredmedia":[{"embeddable":true,"href":"https:\/\/litci.org\/pt\/wp-json\/wp\/v2\/media\/26948"}],"wp:attachment":[{"href":"https:\/\/litci.org\/pt\/wp-json\/wp\/v2\/media?parent=26946"}],"wp:term":[{"taxonomy":"category","embeddable":true,"href":"https:\/\/litci.org\/pt\/wp-json\/wp\/v2\/categories?post=26946"},{"taxonomy":"post_tag","embeddable":true,"href":"https:\/\/litci.org\/pt\/wp-json\/wp\/v2\/tags?post=26946"}],"curies":[{"name":"wp","href":"https:\/\/api.w.org\/{rel}","templated":true}]}}