{"id":26216,"date":"2019-02-21T09:59:52","date_gmt":"2019-02-21T11:59:52","guid":{"rendered":"https:\/\/litci.org\/pt\/?p=26216"},"modified":"2019-02-21T09:59:52","modified_gmt":"2019-02-21T11:59:52","slug":"por-que-temos-que-defender-os-presos-politicos-catalaes","status":"publish","type":"post","link":"https:\/\/litci.org\/pt\/2019\/02\/21\/por-que-temos-que-defender-os-presos-politicos-catalaes\/","title":{"rendered":"Por que temos que defender os presos pol\u00edticos catal\u00e3es?"},"content":{"rendered":"<p><em>Depois de mais de um ano de pris\u00e3o preventiva come\u00e7ou o julgamento do Supremo contra os l\u00edderes independentistas catal\u00e3es. As penas que o Procurador pede s\u00e3o aberrantes: 25 anos de pris\u00e3o para Junqueras, 17 para Forcadell, Cuixart e S\u00e1nchez ou 16 para cinco ex conselheiros. Estas peti\u00e7\u00f5es baseiam-se em um delito de rebeli\u00e3o que nunca existiu. Assim denunciaram 120 catedr\u00e1ticos de Direito Penal e assim \u00a0deixaram em evid\u00eancia os tribunais da Alemanha, B\u00e9lgica e Su\u00ed\u00e7a.<\/em><\/p>\n<p><!--more--><\/p>\n<p>Por: Corriente Roja<\/p>\n<p><strong>\u00c9 uma montagem judicial para impor um castigo exemplar a mais de dois milh\u00f5es de catal\u00e3es<\/strong><\/p>\n<p>Mas para o Procurador e ju\u00edzes do Supremo, os fatos n\u00e3o importam. Constru\u00edram as incrimina\u00e7\u00f5es de acordo com sua conveni\u00eancia para impor um castigo exemplar. Mas n\u00e3o devemos nos enganar. O que julgam n\u00e3o \u00e9 s\u00f3 a liberdade e os direitos civis e pol\u00edticos dos dirigentes independentistas. Est\u00e3o julgando na verdade os mais de dois milh\u00f5es de catal\u00e3es que foram votar em 1-O (Primeiro de Outubro), desafiando uma repress\u00e3o selvagem. Julgam os 80% de catal\u00e3es que est\u00e3o a favor de um referendo para decidir.<\/p>\n<p>O trio Casado-Rivera-Abascal, em pleno del\u00edrio neofranquista, vive de instigar o enfrentamento contra os catal\u00e3es. Os culpam pelos problemas de Andaluzia, Extremadura, Castilla ou Arag\u00f3n, enquanto desculpam os latifundi\u00e1rios, banqueiros e empres\u00e1rios do Ibex 35, isto \u00e9, aos amos destes territ\u00f3rios e da Espanha desde tempos imemoriais. Dizem que o independentismo catal\u00e3o \u00e9 coisa de ricos, mas ocultam que os grandes burgueses catal\u00e3es apoiaram o 155, transferiram o domic\u00edlio de suas empresas e s\u00e3o inimigos acirrados da independ\u00eancia.<\/p>\n<p>O trio Casado-Rivera-Abascal pensam que a Catalunha \u00e9 sua e n\u00e3o dos catal\u00e3es. O simples fato de que tenham cultura, uma l\u00edngua e uma hist\u00f3ria pr\u00f3prias os enfurece. Somente entendem a linguagem da conquista, a submiss\u00e3o e a uni\u00e3o for\u00e7ada. Por isso prometem suspender a autonomia, um 155 permanente, ilegalizar as organiza\u00e7\u00f5es independentistas e at\u00e9 deter o presidente Torra.<\/p>\n<p>O Governo S\u00e1nchez, covarde ante a direita e incapaz de dizer a verdade, sai em defesa do Supremo e da Procuradoria, proclamando sem envergonhar-se que \u201cna Espanha h\u00e1 independ\u00eancia judicial\u201d e que os acusados ter\u00e3o um \u201cjulgamento justo\u201d. Ao mesmo tempo, anuncia aos quatro ventos que nunca ceder\u00e1 ante o direito de decidir, porque a Constitui\u00e7\u00e3o o nega. Mas quando quiseram mud\u00e1-la para dar \u201cprioridade absoluta\u201d ao pagamento da d\u00edvida p\u00fablica aos bancos, o PSOE e o PP n\u00e3o demoraram um segundo para modificar o artigo 135.<\/p>\n<p><strong>Defender os presos catal\u00e3es \u00e9 defender as liberdades e enfrentar a impunidade policial e judicial<\/strong><\/p>\n<p>Apoiar os presos catal\u00e3es n\u00e3o \u00e9 um assunto de independentistas nem significa em absoluto compartilhar a pol\u00edtica de seus dirigentes. Defend\u00ea-los:<\/p>\n<p>&#8211; \u00c9 apoiar os dois milh\u00f5es de catal\u00e3es que votaram em 1 de Outubro.<\/p>\n<p>&#8211; \u00c9 recha\u00e7ar a impunidade policial ante a repress\u00e3o de 1 de Outubro, a lei morda\u00e7a ou os ataques com paus e pedras aos taxistas<\/p>\n<p>&#8211; \u00c9 repudiar a arbitrariedade do aparato judicial, que nunca rompeu amarras com o franquismo, foi extremamente indulgente com os golpistas de 23-F, \u00e9 servil com os bancos (caso das hipotecas), mant\u00e9m em liberdade os condenados de La Manada, avan\u00e7a contra rappers porque provocam o rei ou a hierarquia cat\u00f3lica e imp\u00f5e penas selvagens aos jovens de Altsasu por uma briga de bar.<\/p>\n<p>-\u00c9 apoiar a avassaladora maioria de catal\u00e3es que est\u00e3o pelo direito de decidir. N\u00f3s, a classe trabalhadora queremos uma uni\u00e3o volunt\u00e1ria e n\u00e3o for\u00e7ada.<\/p>\n<p>&#8211; \u00c9 defender o direito de decidir sobre a Monarquia, heran\u00e7a do franquismo para quem nunca votamos.<\/p>\n<p><strong>\u00c9 preciso se mobilizar e fazer com que o julgamento se converta em um bumerangue contra os acusadores<\/strong><\/p>\n<p>Chamamos uma mobiliza\u00e7\u00e3o unit\u00e1ria, para uma resposta massiva que, converta o julgamento em um bumerangue contra os acusadores. Em todas as cidades da Catalunha e no resto do Estado.<\/p>\n<p>Tradu\u00e7\u00e3o: Lilian Enck<\/p>\n","protected":false},"excerpt":{"rendered":"<p>Depois de mais de um ano de pris\u00e3o preventiva come\u00e7ou o julgamento do Supremo contra os l\u00edderes independentistas catal\u00e3es. As penas que o Procurador pede s\u00e3o aberrantes: 25 anos de pris\u00e3o para Junqueras, 17 para Forcadell, Cuixart e S\u00e1nchez ou 16 para cinco ex conselheiros. Estas peti\u00e7\u00f5es baseiam-se em um delito de rebeli\u00e3o que nunca [&hellip;]<\/p>\n","protected":false},"author":13,"featured_media":26217,"menu_order":0,"comment_status":"open","ping_status":"open","sticky":false,"template":"","format":"standard","meta":{"litci_post_political_author":"","footnotes":""},"categories":[4305,3512],"tags":[7108,229,7109,7110,559],"class_list":["post-26216","post","type-post","status-publish","format-standard","has-post-thumbnail","hentry","category-catalunha","category-estado-espanhol","tag-casado-rivera-abascal","tag-corriente-roja","tag-independentistas-catalaes","tag-presos-politicos-catalaes","tag-sanchez"],"fimg_url":"https:\/\/litci.org\/pt\/wp-content\/uploads\/2019\/02\/download-2.jpg","categories_names":["Catalunha","Estado Espanhol"],"author_info":{"name":"Javier f","pic":"https:\/\/secure.gravatar.com\/avatar\/38f104112503b4b2d43a8972576238b0824db79ccc991f981595fcbc569b0601?s=96&d=mm&r=g"},"political_author":null,"tagline":"","_links":{"self":[{"href":"https:\/\/litci.org\/pt\/wp-json\/wp\/v2\/posts\/26216","targetHints":{"allow":["GET"]}}],"collection":[{"href":"https:\/\/litci.org\/pt\/wp-json\/wp\/v2\/posts"}],"about":[{"href":"https:\/\/litci.org\/pt\/wp-json\/wp\/v2\/types\/post"}],"author":[{"embeddable":true,"href":"https:\/\/litci.org\/pt\/wp-json\/wp\/v2\/users\/13"}],"replies":[{"embeddable":true,"href":"https:\/\/litci.org\/pt\/wp-json\/wp\/v2\/comments?post=26216"}],"version-history":[{"count":0,"href":"https:\/\/litci.org\/pt\/wp-json\/wp\/v2\/posts\/26216\/revisions"}],"wp:featuredmedia":[{"embeddable":true,"href":"https:\/\/litci.org\/pt\/wp-json\/wp\/v2\/media\/26217"}],"wp:attachment":[{"href":"https:\/\/litci.org\/pt\/wp-json\/wp\/v2\/media?parent=26216"}],"wp:term":[{"taxonomy":"category","embeddable":true,"href":"https:\/\/litci.org\/pt\/wp-json\/wp\/v2\/categories?post=26216"},{"taxonomy":"post_tag","embeddable":true,"href":"https:\/\/litci.org\/pt\/wp-json\/wp\/v2\/tags?post=26216"}],"curies":[{"name":"wp","href":"https:\/\/api.w.org\/{rel}","templated":true}]}}