{"id":25525,"date":"2018-12-21T10:21:11","date_gmt":"2018-12-21T12:21:11","guid":{"rendered":"https:\/\/litci.org\/pt\/?p=25525"},"modified":"2018-12-21T10:21:11","modified_gmt":"2018-12-21T12:21:11","slug":"o-regime-monarquico-se-deleita-com-os-presos-independentistas-catalaes","status":"publish","type":"post","link":"https:\/\/litci.org\/pt\/2018\/12\/21\/o-regime-monarquico-se-deleita-com-os-presos-independentistas-catalaes\/","title":{"rendered":"O regime mon\u00e1rquico se vinga com os presos independentistas catal\u00e3es"},"content":{"rendered":"<p><em>O brutal pedido de penalidades da acusa\u00e7\u00e3o contra os l\u00edderes separatistas catal\u00e3es \u00e9 uma medida de pura vingan\u00e7a do regime mon\u00e1rquico, que n\u00e3o respeita nem suas pr\u00f3prias leis. Oferece, al\u00e9m disso, um contraste escandaloso com o tratamento que os mesmos tribunais deram aos envolvidos no 23F.<\/em><\/p>\n<p><!--more--><\/p>\n<p>Por: Corriente Roja<\/p>\n<p>O pedido do Minist\u00e9rio P\u00fablico e as a\u00e7\u00f5es do Juiz Llarena deixam claro que estamos diante de um regime mon\u00e1rquico herdeiro do Franquismo, que se baseia em uni\u00e3o for\u00e7ada e \u00e9 incompat\u00edvel com o direito democr\u00e1tico dos povos \u00e0 autodetermina\u00e7\u00e3o,<\/p>\n<p>O pedido de penas mostra a covardia de um governo que nem sequer se atreveu a questionar o Minist\u00e9rio P\u00fablico quando tinha o poder de faz\u00ea-lo. \u00c9 um sinal dessa covardia a reda\u00e7\u00e3o dos Advogados do Estado (em nome do Governo) assumindo as acusa\u00e7\u00f5es de sedi\u00e7\u00e3o e peculato, limitando-se a &#8220;abrandar&#8221; as penas do Minist\u00e9rio P\u00fablico. O governo de S\u00e1nchez \u00e9 um governo servil ao aparato judicial e lacaio da Monarquia. A histeria de Casado e Rivera contra Sanchez n\u00e3o muda nada sua natureza.<\/p>\n<p>As acusa\u00e7\u00f5es do Minist\u00e9rio P\u00fablico s\u00e3o uma montagem judicial, porque n\u00e3o houve tal rebeli\u00e3o por parte dos acusados e sim uma capitula\u00e7\u00e3o enorme, porque o que fizeram foi: virar as costas ao movimento de independ\u00eancia, chamar \u00e0 desmobiliza\u00e7\u00e3o, entregar as institui\u00e7\u00f5es sem luta e aceitar as elei\u00e7\u00f5es do 155.<\/p>\n<p>A Corriente Roja exige a liberta\u00e7\u00e3o imediata de todos os presos pol\u00edticos catal\u00e3es e a retirada de todas as acusa\u00e7\u00f5es contra eles. Apoiamos todas as mobiliza\u00e7\u00f5es pela sua liberta\u00e7\u00e3o.<\/p>\n<p>A Catalunha tem todo o direito de decidir livremente o seu destino como povo. A conquista desse direito faz parte de uma luta comum entre os trabalhadores e os povos do Estado para acabar com o regime mon\u00e1rquico e \u00e9 tamb\u00e9m uma condi\u00e7\u00e3o para uma uni\u00e3o livre de rep\u00fablicas. Fazer um referendo de autodetermina\u00e7\u00e3o que dependa da aprova\u00e7\u00e3o do Estado \u00e9 um engano, porque todos sabem que a monarquia nunca aceitar\u00e1 o direito \u00e0 autodetermina\u00e7\u00e3o.<\/p>\n<p><strong>LIBERDADE PARA TODOS OS PRESOS POL\u00cdTICOS!<\/strong><\/p>\n<p><strong>DIZEM QUE \u00c9 DEMOCRACIA MAS N\u00c3O \u00c9!<\/strong><\/p>\n<p>Tradu\u00e7\u00e3o: Tae Amaru<\/p>\n","protected":false},"excerpt":{"rendered":"<p>O brutal pedido de penalidades da acusa\u00e7\u00e3o contra os l\u00edderes separatistas catal\u00e3es \u00e9 uma medida de pura vingan\u00e7a do regime mon\u00e1rquico, que n\u00e3o respeita nem suas pr\u00f3prias leis. Oferece, al\u00e9m disso, um contraste escandaloso com o tratamento que os mesmos tribunais deram aos envolvidos no 23F.<\/p>\n","protected":false},"author":13,"featured_media":25527,"menu_order":0,"comment_status":"open","ping_status":"open","sticky":false,"template":"","format":"standard","meta":{"litci_post_political_author":"","footnotes":""},"categories":[4305,3512],"tags":[229,6533,6869],"class_list":["post-25525","post","type-post","status-publish","format-standard","has-post-thumbnail","hentry","category-catalunha","category-estado-espanhol","tag-corriente-roja","tag-independencia-da-catalunha","tag-presos-politicos-catalunha"],"fimg_url":"https:\/\/litci.org\/pt\/wp-content\/uploads\/2018\/12\/presos.jpg","categories_names":["Catalunha","Estado Espanhol"],"author_info":{"name":"Javier f","pic":"https:\/\/secure.gravatar.com\/avatar\/38f104112503b4b2d43a8972576238b0824db79ccc991f981595fcbc569b0601?s=96&d=mm&r=g"},"political_author":null,"tagline":"","_links":{"self":[{"href":"https:\/\/litci.org\/pt\/wp-json\/wp\/v2\/posts\/25525","targetHints":{"allow":["GET"]}}],"collection":[{"href":"https:\/\/litci.org\/pt\/wp-json\/wp\/v2\/posts"}],"about":[{"href":"https:\/\/litci.org\/pt\/wp-json\/wp\/v2\/types\/post"}],"author":[{"embeddable":true,"href":"https:\/\/litci.org\/pt\/wp-json\/wp\/v2\/users\/13"}],"replies":[{"embeddable":true,"href":"https:\/\/litci.org\/pt\/wp-json\/wp\/v2\/comments?post=25525"}],"version-history":[{"count":0,"href":"https:\/\/litci.org\/pt\/wp-json\/wp\/v2\/posts\/25525\/revisions"}],"wp:featuredmedia":[{"embeddable":true,"href":"https:\/\/litci.org\/pt\/wp-json\/wp\/v2\/media\/25527"}],"wp:attachment":[{"href":"https:\/\/litci.org\/pt\/wp-json\/wp\/v2\/media?parent=25525"}],"wp:term":[{"taxonomy":"category","embeddable":true,"href":"https:\/\/litci.org\/pt\/wp-json\/wp\/v2\/categories?post=25525"},{"taxonomy":"post_tag","embeddable":true,"href":"https:\/\/litci.org\/pt\/wp-json\/wp\/v2\/tags?post=25525"}],"curies":[{"name":"wp","href":"https:\/\/api.w.org\/{rel}","templated":true}]}}