{"id":25305,"date":"2018-12-04T16:35:53","date_gmt":"2018-12-04T18:35:53","guid":{"rendered":"https:\/\/litci.org\/pt\/?p=25305"},"modified":"2018-12-04T16:35:53","modified_gmt":"2018-12-04T18:35:53","slug":"mexico-cinco-meses-de-governo-de-lopez-obrador","status":"publish","type":"post","link":"https:\/\/litci.org\/pt\/2018\/12\/04\/mexico-cinco-meses-de-governo-de-lopez-obrador\/","title":{"rendered":"M\u00e9xico: cinco meses de &#8220;governo&#8221; de L\u00f3pez Obrador"},"content":{"rendered":"<p><em>Consulta Nacional 10, Conselho Empresarial e &#8230; Guarda Nacional<\/em><\/p>\n<p><em>Segundo dizem, o presidente eleito Andr\u00e9s Manuel Lopez Obrador (AMLO) assumir\u00e1 o cargo, na C\u00e2mara dos Deputados de San Lazaro, apenas em 1\u00ba de dezembro. No entanto, desde 1\u00ba de julho, AMLO est\u00e1 governando em coaliz\u00e3o com Enrique Pe\u00f1a Nieto. Seu governo chamado de &#8220;transi\u00e7\u00e3o&#8221; atua desde aquela noite, quando do luxuoso Hilton Hotel da Cidade do M\u00e9xico (CDMX), enviou agradecimentos a Pe\u00f1a Nieto, a Meade (candidato do PRI) e a Anaya (candidato do PAN) e tamb\u00e9m \u00e0 felicita\u00e7\u00e3o de Donald Trump, a besta que governa em Washington. A partir daquele momento, lan\u00e7ou seu memor\u00e1vel apelo \u00e0 &#8220;reconcilia\u00e7\u00e3o&#8221; e governa a partir da casa de campanha de Colonia Roma na Cidade do M\u00e9xico.<\/em><\/p>\n<p><!--more--><\/p>\n<p>Por: CST-M\u00e9xico<\/p>\n<p>Sem &#8220;faixa presidencial nem bast\u00e3o&#8221;, AMLO j\u00e1 governa<\/p>\n<p>Ele se reuniu com os mais altos l\u00edderes do governo dos EUA, enviados por Trump. Comprometeu-se totalmente com as negocia\u00e7\u00f5es para a assinatura do TLC, agora chamado de T-MEC. Mas, como vemos, AMLO n\u00e3o considerou necess\u00e1rio consultar o povo para apoiar ativamente Pe\u00f1a Nieto e ao ministro das Rela\u00e7\u00f5es Exteriores, Videgaray, em uma nova entrega do pa\u00eds ao dom\u00ednio da Uni\u00e3o europeia (UE). Ele tamb\u00e9m se reuniu desde julho com todos os representantes mais nefastos da &#8220;minoria voraz&#8221; e prometeu garantir seus investimentos e manter seus lucros. A &#8220;m\u00e1fia do poder&#8221; tamb\u00e9m pode dormir tranquila, porque AMLO acaba de anunciar que <em>&#8220;<strong>Haver\u00e1 perd\u00e3o para os funcion\u00e1rios que cometeram atos de corrup\u00e7\u00e3o<\/strong> durante o governo de Enrique Pe\u00f1a Nieto e nos anteriores e, dessa forma, vai come\u00e7ar uma <strong>nova etapa<\/strong> a partir do pr\u00f3ximo 1 de dezembro.\u201d<\/em><\/p>\n<p>Mas quando a terapia de &#8220;reconcilia\u00e7\u00e3o&#8221; parecia apenas dedicada \u00e0 &#8220;minoria voraz&#8221; e \u00e0 &#8220;m\u00e1fia do poder&#8221; e, quando j\u00e1 come\u00e7ava a ser muito notado que a frase &#8220;<em>Para o bem de todos, primeiro os pobres&#8221;<\/em> foi s\u00f3 um slogan de campanha, direcionou seu olhar para baixo, para mostrar que &#8220;governa para todos&#8221; e que abarcar\u00e1 toda a geografia do pa\u00eds.<\/p>\n<p>Convocou as v\u00edtimas do terror e da viol\u00eancia para os F\u00f3runs da Pacifica\u00e7\u00e3o e do Perd\u00e3o, causando ainda mais indigna\u00e7\u00e3o. Convocou os professores para F\u00f3runs educacionais estatais, muitos dos quais foram um fiasco e alguns deles acabaram em cadeiradas e brigas. Mas AMLO est\u00e1 preocupado em controlar os setores que mais lutaram. \u00c9 por isso que ele escolheu se encontrar com os pais dos 43 e com 43 dirigentes da CNTE, justamente quando estava em andamento seu Primeiro Congresso Pol\u00edtico-Educacional, que se preparava para organizar um plano de a\u00e7\u00e3o e mobiliza\u00e7\u00f5es antes de 1\u00ba de dezembro.<\/p>\n<p>Nesse contexto, ele chamou a Consulta do Cidad\u00e3o pelo Novo aeroporto Internacional da Cidade do M\u00e9xico (NAICM) e declarou-se &#8220;imparcial&#8221;, votando em branco. Mas colocou o aeroporto militar de Santa Lucia como uma alternativa para o de Texcoco sem consulta pr\u00e9via \u00e0s comunidades de Tecamac e Zumpango, que se prejudicam com o megaprojeto St. Lucia como toda a bacia do Vale do M\u00e9xico, o que eles v\u00eam denunciando h\u00e1 muito tempo.<\/p>\n<p>Tamb\u00e9m n\u00e3o faltam iniciativas parlamentares, como a Lei de Desenvolvimento Agr\u00e1rio (LDA) que vai na dire\u00e7\u00e3o de varrer as poucas conquistas remanescentes da revolu\u00e7\u00e3o camponesa de 1910 e outras leis s\u00e3o votadas em \u201cregime de urg\u00eancia&#8221; como a que se refere ao aparato de governo ao longo o pa\u00eds. T\u00e3o logo surge uma iniciativa que timidamente sugere tocar em algum dos interesses do capital financeiro, uma tempestade \u00e9 desencadeada na Bolsa Mexicana de Valores e o peso se desmorona, como quando cai o pre\u00e7o do petr\u00f3leo. E o que o presidente fez ante a gritaria dos banqueiros? Ele se apressou em prometer aos agiotas que n\u00e3o tocar\u00e1 em nenhum centavo de suas suculentas comiss\u00f5es.<\/p>\n<p><strong>E quais s\u00e3o as \u00faltimas not\u00edcias que AMLO nos trouxe esta semana?<\/strong><\/p>\n<p>Lan\u00e7ou seu plano de seguran\u00e7a que envolve a cria\u00e7\u00e3o da <strong>Guarda Nacional<\/strong> sob o comando do Ex\u00e9rcito (Secretaria de Defesa Nacional) e formada com elementos do Ex\u00e9rcito, Marinha e Pol\u00edcia Federal. Veja o paradoxo! Ao mesmo tempo, o Supremo Tribunal de Justi\u00e7a dita a nulidade da Lei de Seguran\u00e7a Interna imposta por Pe\u00f1a Nieto, como &#8220;um desrespeito \u00e0 Constitui\u00e7\u00e3o&#8221;, AMLO se prop\u00f5e a modificar a Constitui\u00e7\u00e3o para formar uma guarda, uma for\u00e7a militar de seguran\u00e7a interna para fun\u00e7\u00f5es policiais&#8230; Para fundamentar isso, seus deputados dizem: <em>&#8220;N\u00e3o tem nenhuma pol\u00edcia no pa\u00eds que supere em disciplina e organiza\u00e7\u00e3o ao Ex\u00e9rcito, isso ter\u00e1 que ser aproveitado&#8221;<\/em> &#8230; E para tudo isso, surge a pergunta: por que AMLO n\u00e3o consultou se o povo quer que os militares continuem nas ruas?<\/p>\n<p>E enquanto o Banco do M\u00e9xico aumentava as taxas de juros, AMLO novamente se reuniu com os grandes empres\u00e1rios e anunciou a forma\u00e7\u00e3o de um &#8220;<strong>Conselho Empresarial para assessorar o Presidente<\/strong>&#8220;. O milion\u00e1rio Romo Garza encabe\u00e7ar\u00e1 este Conselho. Essa &#8220;sele\u00e7\u00e3o nacional&#8221; de capitalistas ser\u00e1 integrada por Ricardo Salinas Pliego, da TV Azteca; Bernardo G\u00f3mez, diretor da Televisa; Olegario V\u00e1zquez Aldir, do Grupo \u00c1ngeles e do Grupo Imagen; Carlos Hank Gonz\u00e1lez, do BANORTE; Miguel Alem\u00e1n Magnani, da Interjet; Daniel Ch\u00e1vez, da Vidanta; Miguel Rinc\u00f3n, do Bio Pappel, e Sergio Guti\u00e9rrez Muguerza, do Deacero. V\u00e3o se integrar mais, segundo prometem.<\/p>\n<p><strong>A &#8220;consulta&#8221; falaciosa de 24-25 de novembro<\/strong><\/p>\n<p>E no meio de tudo isso, para demonstrar como \u00e9 a &#8220;democracia participativa&#8221; AMLO convocou uma consulta, com apenas 10 dias de anteced\u00eancia, para responder 10 quest\u00f5es sobre seus projetos governamentais. A popula\u00e7\u00e3o trabalhadora e n\u00e3o trabalhadora, explorados e exploradores de todo o pa\u00eds, o que eles chamam de &#8220;cidad\u00e3os&#8221; s\u00e3o convocados sem que haja um per\u00edodo de informa\u00e7\u00e3o, conhecimento, fundamenta\u00e7\u00e3o e debate- a votar pelo SIM ou N\u00c3O a 10 perguntas, nas quais est\u00e3o em jogo <strong>direitos elementares que devem ser respeitados e n\u00e3o devem ser discutidos,<\/strong> como apoio para os idosos ou o acesso a cuidados de sa\u00fade para toda a popula\u00e7\u00e3o, ou pens\u00f5es para pessoas com defici\u00eancia, ou um subs\u00eddio para jovens que n\u00e3o t\u00eam acesso ao estudo nem ao trabalho no capitalismo degradante. <strong>E misturam tudo isso, em um \u00fanico balaio, com tr\u00eas megaprojetos no sul do pa\u00eds.<\/strong><\/p>\n<p>H\u00e1 uma manobra por omiss\u00e3o na pergunta 3: A constru\u00e7\u00e3o de uma refinaria em Dos Bocas, Tabasco. Sim ou N\u00e3o?<\/p>\n<p>Por que AMLO n\u00e3o consulta: Revogar ou manter a reforma energ\u00e9tica de Enrique Pe\u00f1a Nieto (EPN)? Cancelar ou respeitar os contratos de entrega de dep\u00f3sitos de petr\u00f3leo assinados por EPN no \u00e2mbito desta reforma?<\/p>\n<p>O pior de toda esta farsa &#8220;democr\u00e1tica&#8221; \u00e9 que para as primeiras duas perguntas: 1. O &#8220;trem Maya&#8221; em Yucat\u00e1n e Chiapas e 2. O corredor &#8220;Trans\u00edstmico&#8221; em Oaxaca, <strong>n\u00e3o foram levados em conta quem deve ser previamente consultado: seus habitantes, a maioria comunidades ind\u00edgenas<\/strong>. <em>Por que a pressa com o trem Maya e o canal transisthmiano? O que aconteceu com a consulta livre, pr\u00e9via e informada \u00e0s comunidades ind\u00edgenas afetadas, exigida pela Conven\u00e7\u00e3o 169 da OIT e pelo artigo 2 da Constitui\u00e7\u00e3o?<\/em><\/p>\n<p>Mais uma vez, como aconteceu com St. Lucia, n\u00e3o s\u00e3o levadas em conta as necessidades e aspira\u00e7\u00f5es do povo e simplesmente debocham deles com centenas de milhares de votos do resto do pa\u00eds. Muitos votaram sem conhecer os desastrosos efeitos destrutivos desses megaprojetos ou a situa\u00e7\u00e3o e menos ainda a opini\u00e3o dessas comunidades. Isso \u00e9 uma farsa e eles chamam isso de &#8220;democracia&#8221;!<\/p>\n<p>Para ajudar a conhecer o que est\u00e1 acontecendo no Sudeste mexicano, transcrevemos algumas das express\u00f5es das pessoas vivem a\u00ed.<\/p>\n<p><em>As organiza\u00e7\u00f5es mayas que se articulam na organiza\u00e7\u00e3o &#8220;Unir for\u00e7as para a Defesa do Territ\u00f3rio&#8221; identificam dois paradigmas conflitantes: o que visa beneficiar as grandes empresas, ou o que beneficiaria os povos ind\u00edgenas em seus territ\u00f3rios. Dito em suas palavras: &#8220;A proposta de gerar emprego e desenvolvimento atrav\u00e9s do turismo, tamb\u00e9m se expressa de duas maneiras, ou fortalecemos o turismo de massa e predat\u00f3rio, que s\u00f3 beneficia as grandes cadeias de hot\u00e9is, de restaurantes, bem como grandes empresas de transporte e destr\u00f3i o meio ambiente ou constru\u00edmos um turismo sustent\u00e1vel, biocultural que se baseia ou tem sua origem no fortalecimento das economias das comunidades e dos povos ind\u00edgenas que buscam o equil\u00edbrio com a natureza.<\/em><\/p>\n<p><em>Em particular preocupa que com o chamado &#8220;Trem Maya&#8221; vai ser afetado o n\u00facleo da \u00e1rea natural chamada &#8221; Reserva da Biosfera de Calakmul &#8220;, que foi declarada &#8220;Patrim\u00f3nio Mundial da Humanidade&#8221; pela UNESCO, situa\u00e7\u00e3o que \u00a0violaria os Acordos Internacionais assinados pelo M\u00e9xico.<\/em><\/p>\n<p>(https:\/\/www.facebook.com\/groups\/787786178072419\/permalink\/1006607612856940\/).<\/p>\n<p>Comunidades e trabalhadores de \u00e1reas comuns afetados e em luta contra concess\u00f5es de minera\u00e7\u00e3o no Istmo de Tehuantepec em que participaram cerca de vinte organiza\u00e7\u00f5es com uma longa tradi\u00e7\u00e3o de luta e resist\u00eancia em defesa de seus territ\u00f3rios na regi\u00e3o. Em sua &#8220;Declara\u00e7\u00e3o final&#8221; assinalaram:<\/p>\n<p><em>&#8220;Publicamente reafirmamos a nossa decis\u00e3o de fazer o nosso maior esfor\u00e7o pessoal e coletivo, solid\u00e1rio e unificado para continuar e aprofundar as lutas de resist\u00eancia para defender os territ\u00f3rios e a m\u00e3e natureza na regi\u00e3o do Istmo de Tehuantepec, contra as ambi\u00e7\u00f5es predat\u00f3rias dos governos em todos os n\u00edveis (federal, estadual e municipal), os que est\u00e3o saindo e dos recentemente eleitos, que ao servi\u00e7o de empresas privadas &#8211; nacionais e estrangeiras &#8211; pretendem impor megaprojetos de suposto desenvolvimento, devastando e privatizando todos os bens naturais de nossos povos (minera\u00e7\u00e3o, e\u00f3licas; barragens hidrel\u00e9tricas, planta\u00e7\u00f5es comerciais, \u00e1reas naturais protegidas, pagamento por servi\u00e7os ambientais, projetos ecol\u00f3gicos de turismo, cr\u00e9ditos de carbono, biopirataria e patentes sobre genes da biodiversidade e de plantas medicinais).&#8221;<\/em><\/p>\n<p>(https:\/\/www.educaoaxaca.org\/2684-encuentro-de-representantes-de-organizaciones,-comunidades-y-ejidos-afectados-y-en-lucha-contra-concesiones-mineras-en-el-istmo- de-tehuantepec.html)<\/p>\n<p>Essas reivindica\u00e7\u00f5es nas regi\u00f5es ind\u00edgenas j\u00e1 come\u00e7am a definir uma tend\u00eancia. Pelas organiza\u00e7\u00f5es ind\u00edgenas e pela popula\u00e7\u00e3o, isso \u00e9 tido como &#8220;planos de morte&#8221;. S\u00e3o vistos como interven\u00e7\u00f5es predat\u00f3rias do grande capital, num horizonte de pol\u00edticas inconceb\u00edveis que ignoram os sujeitos que vivem ancestralmente nos territ\u00f3rios e que s\u00e3o seus donos originais.<\/p>\n<p>Por todas essas raz\u00f5es, consideramos <strong>essa nova &#8220;consulta nacional&#8221; de 24 e 25 de novembro, uma zombaria das leg\u00edtimas aspira\u00e7\u00f5es das massas e uma manipula\u00e7\u00e3o dos mecanismos de voto em massa.<\/strong><\/p>\n<p>Se tem alguma coisa que desmascara essa farsa \u00e9 que, pressionado pelas exig\u00eancias do amo Trump, para conter no M\u00e9xico o \u00eaxodo da Am\u00e9rica Central para os Estados Unidos, AMLO j\u00e1 est\u00e1 adiantou, antes de ter o resultado da &#8220;consulta&#8221; &#8230; Que vai dar trabalho para os migrantes da Caravana na obra do &#8220;Trem Maya&#8221;!<\/p>\n<p>AMLO nos diz que &#8220;<em>aqueles que fiscalizam os votos s\u00e3o honestos e dir\u00e3o a verdade sobre o resultado&#8221;.<\/em> No entanto, uma coisa ficou evidente: <strong>n\u00e3o s\u00e3o honestos aqueles que formulam as perguntas &#8220;para que decida o pa\u00eds&#8221;, sem levar em conta, acima de tudo, a opini\u00e3o das pessoas afetadas por estes megaprojetos. N\u00f3s n\u00e3o faremos parte desta farsa.<\/strong> Chamamos os milhares de lutadores das classes exploradas a que reflitam para que evitem cair em uma nova fraude.<\/p>\n<p>Tradu\u00e7\u00e3o: Lena Souza<\/p>\n","protected":false},"excerpt":{"rendered":"<p>Consulta Nacional 10, Conselho Empresarial e &#8230; Guarda Nacional Segundo dizem, o presidente eleito Andr\u00e9s Manuel Lopez Obrador (AMLO) assumir\u00e1 o cargo, na C\u00e2mara dos Deputados de San Lazaro, apenas em 1\u00ba de dezembro. No entanto, desde 1\u00ba de julho, AMLO est\u00e1 governando em coaliz\u00e3o com Enrique Pe\u00f1a Nieto. Seu governo chamado de &#8220;transi\u00e7\u00e3o&#8221; atua [&hellip;]<\/p>\n","protected":false},"author":13,"featured_media":25306,"menu_order":0,"comment_status":"open","ping_status":"open","sticky":false,"template":"","format":"standard","meta":{"litci_post_political_author":"","footnotes":""},"categories":[234],"tags":[490,6791,6792,2310,6793,20],"class_list":["post-25305","post","type-post","status-publish","format-standard","has-post-thumbnail","hentry","category-mexico","tag-amlo","tag-caravana-america-central","tag-consulta-mexico","tag-cst-mexico","tag-governo-lopez-obrador","tag-trump"],"fimg_url":"https:\/\/litci.org\/pt\/wp-content\/uploads\/2018\/12\/Mexico.jpeg","categories_names":["M\u00e9xico"],"author_info":{"name":"Javier f","pic":"https:\/\/secure.gravatar.com\/avatar\/38f104112503b4b2d43a8972576238b0824db79ccc991f981595fcbc569b0601?s=96&d=mm&r=g"},"political_author":null,"tagline":"","_links":{"self":[{"href":"https:\/\/litci.org\/pt\/wp-json\/wp\/v2\/posts\/25305","targetHints":{"allow":["GET"]}}],"collection":[{"href":"https:\/\/litci.org\/pt\/wp-json\/wp\/v2\/posts"}],"about":[{"href":"https:\/\/litci.org\/pt\/wp-json\/wp\/v2\/types\/post"}],"author":[{"embeddable":true,"href":"https:\/\/litci.org\/pt\/wp-json\/wp\/v2\/users\/13"}],"replies":[{"embeddable":true,"href":"https:\/\/litci.org\/pt\/wp-json\/wp\/v2\/comments?post=25305"}],"version-history":[{"count":0,"href":"https:\/\/litci.org\/pt\/wp-json\/wp\/v2\/posts\/25305\/revisions"}],"wp:featuredmedia":[{"embeddable":true,"href":"https:\/\/litci.org\/pt\/wp-json\/wp\/v2\/media\/25306"}],"wp:attachment":[{"href":"https:\/\/litci.org\/pt\/wp-json\/wp\/v2\/media?parent=25305"}],"wp:term":[{"taxonomy":"category","embeddable":true,"href":"https:\/\/litci.org\/pt\/wp-json\/wp\/v2\/categories?post=25305"},{"taxonomy":"post_tag","embeddable":true,"href":"https:\/\/litci.org\/pt\/wp-json\/wp\/v2\/tags?post=25305"}],"curies":[{"name":"wp","href":"https:\/\/api.w.org\/{rel}","templated":true}]}}