{"id":24214,"date":"2018-09-06T15:14:08","date_gmt":"2018-09-06T17:14:08","guid":{"rendered":"https:\/\/litci.org\/pt\/?p=24214"},"modified":"2018-09-06T15:14:08","modified_gmt":"2018-09-06T17:14:08","slug":"liberdade-aos-presos-politicos-retorno-dos-exilados-catalunha-tem-o-direito-de-decidir","status":"publish","type":"post","link":"https:\/\/litci.org\/pt\/2018\/09\/06\/liberdade-aos-presos-politicos-retorno-dos-exilados-catalunha-tem-o-direito-de-decidir\/","title":{"rendered":"Liberdade aos presos pol\u00edticos, retorno dos exilados! Catalunha tem o direito de decidir!"},"content":{"rendered":"<p><em>RECUPERAR O ESP\u00cdRITO DE 1-O<\/em><\/p>\n<p><em>Com a aproxima\u00e7\u00e3o do dia 11 de setembro<a href=\"#_ftn1\" name=\"_ftnref1\">[1]<\/a>, a tens\u00e3o pol\u00edtica continua crescendo. O Partido Cidad\u00e3os ou da Cidadania (Cs), com Rivera na frente, em uma competi\u00e7\u00e3o irrespons\u00e1vel com o Partido Popular (PP), est\u00e1 mobilizando grupos de pessoas com os rostos cobertos e armados com paus para tirar os la\u00e7os amarelos<a href=\"#_ftn2\" name=\"_ftnref2\">[2]<\/a> e convocou uma manifesta\u00e7\u00e3o onde agrediu um jornalista e exibe s\u00edmbolos nazistas, enquanto gritam viva o rei, a Guarda Civil e a unidade for\u00e7ada da Espanha. O PP e Cs exigem de Sanchez m\u00e3o dura contra a Generalitat e que volte a aplicar o artigo 155.<\/em><\/p>\n<p><!--more--><\/p>\n<p>Por: Corriente Roja<\/p>\n<p>Nesta situa\u00e7\u00e3o, o governo de S\u00e1nchez mostra covardia e impot\u00eancia. N\u00e3o enfrenta o Cs e PP. Ele fala de di\u00e1logo com a Generalitat, mas n\u00e3o se atreve sequer a exigir dos promotores que retirem as acusa\u00e7\u00f5es de rebeli\u00e3o contra ex-consellers (vereadores) presos, quando todo mundo sabe que n\u00e3o s\u00e3o verdadeiras.<\/p>\n<p>Incapaz de lidar com as press\u00f5es do aparelho judicial, financia com dinheiro p\u00fablico os lit\u00edgios privados de Llarena na B\u00e9lgica. Ratifica-se que nunca negociar\u00e1 um plebiscito sobre a autodetermina\u00e7\u00e3o e n\u00e3o esconde o fato de que reaplicaria o artigo 155 se a Generalitat segue o caminho unilateral. Na quest\u00e3o catal\u00e3, como na quest\u00e3o econ\u00f4mica e social, o governo S\u00e1nchez n\u00e3o vai al\u00e9m das mudan\u00e7as cosm\u00e9ticas.<\/p>\n<p>Por sua parte, o presidente Torra, de acordo com Puigdemont, esquenta o discurso, anunciou que n\u00e3o iria aceitar o julgamento do Supremo contra ex-consellers e que, se Sanchez n\u00e3o pacta um referendo de autodetermina\u00e7\u00e3o, abrir\u00e1 a via unilateral. Mas n\u00e3o podemos esquecer que a dire\u00e7\u00e3o independentista, depois de 01 de outubro, quando tinha as melhores condi\u00e7\u00f5es para faz\u00ea-lo, n\u00e3o proclamou a rep\u00fablica catal\u00e3 nem chamou a mobiliza\u00e7\u00e3o para defend\u00ea-lo. A ex-conselheira de educa\u00e7\u00e3o Ponsat\u00ed foi muito clara quando reconheceu que &#8220;jog\u00e1vamos p\u00f4quer e est\u00e1vamos blefando&#8221;. No momento da verdade, eles entregaram as institui\u00e7\u00f5es sem resist\u00eancia e aceitaram as elei\u00e7\u00f5es do 155.<\/p>\n<p>Com esses antecedentes, ningu\u00e9m sabe o alcance da iniciativa do presidente Torra e s\u00e3o poucos os que veem uma manobra para pressionar o governo Sanchez com os pr\u00f3ximos julgamentos. Tamb\u00e9m n\u00e3o sabemos o que ele quer dizer quando declara que n\u00e3o vai aceitar os senten\u00e7as do Supremo Tribunal: est\u00e1 disposto a libertar os presos pol\u00edticos, agora que eles est\u00e3o em pris\u00f5es catal\u00e3es e sob a tutela da Generalitat? Todo mundo sabe que, por outro lado, que em todos esses movimentos, h\u00e1 um conflito encravado com a Esquerda Republicana da Catalunha (ERC) pela hegemonia do movimento de independ\u00eancia.<\/p>\n<p>Do ponto de vista da classe trabalhadora, n\u00e3o temos nada a ganhar e muito a perder, apoiando a unidade espanhola for\u00e7ada e as for\u00e7as reacion\u00e1rias que a defendem, cada vez mais alinhados com ultradireita europeia.<\/p>\n<p>Chamamos aos setores mais conscientes da classe oper\u00e1ria e da juventude para continuar no caminho que abrimos 1-O e 3 de Outubro com a greve geral: enfrentando a repress\u00e3o do Estado contra o independentismo e defendendo como os primeiros o direito soberano da Catalunha para decidir. Temos que fazer porque queremos uma uni\u00e3o livre e n\u00e3o for\u00e7ada, uma uni\u00e3o das rep\u00fablicas constru\u00edda com o resto dos povos do estado, libertos da monarquia herdeira do franquismo.<\/p>\n<p>Alguns dir\u00e3o que retomar a luta pelo plebiscito e pelo direito de decidir \u00e9 voltar atr\u00e1s e que j\u00e1 tivemos o 1-O. Mas, para al\u00e9m dos desejos e diante da trai\u00e7\u00e3o da dire\u00e7\u00e3o independentista de Puigdemont e Junqueras, que invalidou os resultados do plebiscito de 1-0 legitimando as elei\u00e7\u00f5es em 21 de dezembro, agora \u00e9 reconstruir uma maioria para o direito \u00e0 autodetermina\u00e7\u00e3o. Cabe aos setores mais conscientes da classe trabalhadora encabe\u00e7ar esta luta necess\u00e1ria que vai encontrar a oposi\u00e7\u00e3o da burocracia sindical da Confedera\u00e7\u00e3o sindical de Comiss\u00f5es Oper\u00e1rias (CCOO) e Uni\u00e3o Geral dos Trabalhadores (UGT).<\/p>\n<p>Ao mesmo tempo, devemos exigir do Parlamento da Catalunha que aplique soberanamente e sem demora as leis sociais perseguidas por Rajoy e suspensas pela Constitui\u00e7\u00e3o e que aprove as exig\u00eancias b\u00e1sicas dos trabalhadores, como por exemplo, a revoga\u00e7\u00e3o das reformas trabalhistas do PP e de Zapatero, um sal\u00e1rio m\u00ednimo interprofissional obrigat\u00f3rio de \u20ac 1100, uma pens\u00e3o m\u00ednima de \u20ac 1080, conforme exigido pela Marea Pensionista, ou a proibi\u00e7\u00e3o de despejos por raz\u00f5es sociais. Nesta batalha, encontraremos o PP e C&#8217;s, e tamb\u00e9m o governo de S\u00e1nchez e o governo de Torra.<\/p>\n<p><a href=\"#_ftnref1\" name=\"_ftn1\">[1]<\/a> Data em que \u00a0se comemora a resist\u00eancia catal\u00e3 durante o Cerco de Barcelona, terminado a 11 de setembro de 1714. (ndt)<\/p>\n<p><a href=\"#_ftnref2\" name=\"_ftn2\">[2]<\/a> Os la\u00e7os amarelos simboliza a reivindica\u00e7\u00e3o pela libera\u00e7\u00e3o dos dirigentes independentistas que est\u00e3o na pris\u00e3o. (ndt)<\/p>\n<p>Tradu\u00e7\u00e3o: Lena Souza<\/p>\n","protected":false},"excerpt":{"rendered":"<p>RECUPERAR O ESP\u00cdRITO DE 1-O Com a aproxima\u00e7\u00e3o do dia 11 de setembro[1], a tens\u00e3o pol\u00edtica continua crescendo. O Partido Cidad\u00e3os ou da Cidadania (Cs), com Rivera na frente, em uma competi\u00e7\u00e3o irrespons\u00e1vel com o Partido Popular (PP), est\u00e1 mobilizando grupos de pessoas com os rostos cobertos e armados com paus para tirar os la\u00e7os [&hellip;]<\/p>\n","protected":false},"author":13,"featured_media":24216,"menu_order":0,"comment_status":"open","ping_status":"open","sticky":false,"template":"","format":"standard","meta":{"litci_post_political_author":"","footnotes":""},"categories":[4305,3512],"tags":[229,6389,6390,6391],"class_list":["post-24214","post","type-post","status-publish","format-standard","has-post-thumbnail","hentry","category-catalunha","category-estado-espanhol","tag-corriente-roja","tag-independencia-do-brasil","tag-puigdemont","tag-quim-torra"],"fimg_url":"https:\/\/litci.org\/pt\/wp-content\/uploads\/2018\/09\/lazos-amarillos.jpg","categories_names":["Catalunha","Estado Espanhol"],"author_info":{"name":"Javier f","pic":"https:\/\/secure.gravatar.com\/avatar\/38f104112503b4b2d43a8972576238b0824db79ccc991f981595fcbc569b0601?s=96&d=mm&r=g"},"political_author":null,"tagline":"","_links":{"self":[{"href":"https:\/\/litci.org\/pt\/wp-json\/wp\/v2\/posts\/24214","targetHints":{"allow":["GET"]}}],"collection":[{"href":"https:\/\/litci.org\/pt\/wp-json\/wp\/v2\/posts"}],"about":[{"href":"https:\/\/litci.org\/pt\/wp-json\/wp\/v2\/types\/post"}],"author":[{"embeddable":true,"href":"https:\/\/litci.org\/pt\/wp-json\/wp\/v2\/users\/13"}],"replies":[{"embeddable":true,"href":"https:\/\/litci.org\/pt\/wp-json\/wp\/v2\/comments?post=24214"}],"version-history":[{"count":0,"href":"https:\/\/litci.org\/pt\/wp-json\/wp\/v2\/posts\/24214\/revisions"}],"wp:featuredmedia":[{"embeddable":true,"href":"https:\/\/litci.org\/pt\/wp-json\/wp\/v2\/media\/24216"}],"wp:attachment":[{"href":"https:\/\/litci.org\/pt\/wp-json\/wp\/v2\/media?parent=24214"}],"wp:term":[{"taxonomy":"category","embeddable":true,"href":"https:\/\/litci.org\/pt\/wp-json\/wp\/v2\/categories?post=24214"},{"taxonomy":"post_tag","embeddable":true,"href":"https:\/\/litci.org\/pt\/wp-json\/wp\/v2\/tags?post=24214"}],"curies":[{"name":"wp","href":"https:\/\/api.w.org\/{rel}","templated":true}]}}