{"id":23958,"date":"2018-08-18T11:49:29","date_gmt":"2018-08-18T13:49:29","guid":{"rendered":"https:\/\/litci.org\/pt\/?p=23958"},"modified":"2018-08-18T11:49:29","modified_gmt":"2018-08-18T13:49:29","slug":"bombardeio-de-onibus-escolar-expoe-atrocidades-da-guerra","status":"publish","type":"post","link":"https:\/\/litci.org\/pt\/2018\/08\/18\/bombardeio-de-onibus-escolar-expoe-atrocidades-da-guerra\/","title":{"rendered":"Bombardeio de \u00f4nibus escolar exp\u00f5e atrocidades da guerra"},"content":{"rendered":"<p><em>No \u00faltimo dia 9 de agosto, a coalis\u00e3o militar liderada pela Arabia Saudita bombardeou o mercado de Dahyan na cidade de Saada, no Iem\u00ean.<\/em><\/p>\n<p><!--more--><\/p>\n<p>Por: Fabio Bosco<\/p>\n<p>51 pessoas morreram e 79 foram feridas.<\/p>\n<p>Entre elas 40 crian\u00e7as que estavam num \u00f4nibus escolar foram mortas. Entre os feridos 56 s\u00e3o crian\u00e7as.<\/p>\n<p>Seu funeral ocorreu no dia 13 de agosto.<\/p>\n<p>As autoridades sauditas afirmaram que foi uma opera\u00e7\u00e3o militar leg\u00edtima realizada de acordo com o direito humanit\u00e1rio internacional.<\/p>\n<p>Eles afirmam que seu alvo eram lan\u00e7adores de m\u00edsseis que atingiram a cidade saudita de Jizan e que um cidad\u00e3o iemenita morreu.<\/p>\n<p>Houve um rep\u00fadio geral ao bombardeio.<\/p>\n<p>A pr\u00f3pria UNICEF protestou e a ONU exigiu uma investiga\u00e7\u00e3o.<\/p>\n<p>No local foram encontrados fragmentos da bomba Raytheon Mark-82 fabricada pelos Estados Unidos.<\/p>\n<p>Essa bomba pesa 500 libras (cerca de 225 quilos).<\/p>\n<p>Ela j\u00e1 foi utilizada em 2016 quando um funeral foi bombardeado e 140 pessoas morreram.<\/p>\n<p><strong>Junto com a Al-Qaeda<\/strong><\/p>\n<p>Outra quest\u00e3o relevante \u00e9 a rela\u00e7\u00e3o entre o grupo &#8220;Al-Qaeda na Pen\u00ednsula Arabica&#8221; e a coalis\u00e3o liderada pelos sauditas com o apoio dos Estados Unidos.<\/p>\n<p>A ag\u00eancia internacional de not\u00edcias Associated Press conduziu uma investiga\u00e7\u00e3o e revelou no \u00faltimo dia 6 que uma s\u00e9rie de acordos foram fechados com a Al-Qaeda.<\/p>\n<p>Entre eles est\u00e1 o pagamento para a Al-Qaeda se retirar com seu armamento de algumas \u00e1reas e o recrutamento de centenas de seus integrantes para o esfor\u00e7o de guerra saudita contra os Houthis.<\/p>\n<p>A reportagem aponta que todos esses acordos s\u00e3o de conhecimento do governo americano que suspendeu os ataques de drones contra a Al-Qaeda.<\/p>\n<p>Por fim, a ONU est\u00e1 patrocinando negocia\u00e7\u00f5es de paz.<\/p>\n<p>Elas est\u00e3o agendadas para o dia 6 de setembro em Genebra.<\/p>\n<p>Na pauta est\u00e3o a forma\u00e7\u00e3o de um governo provis\u00f3rio e o fim dos combates.<\/p>\n<p>No entanto os Estados Unidos, o pa\u00eds mais influente na ONU, apoia a agress\u00e3o saudita que come\u00e7ou em mar\u00e7o de 2015.<\/p>\n<p>Os sauditas j\u00e1 realizaram 16 mil ataques, h\u00e1 mais de dez mil mortos e dois milh\u00f5es de feridos.<\/p>\n<p>Qualquer solu\u00e7\u00e3o justa deve come\u00e7ar pelo fim da agress\u00e3o saudita e pela retirada imediata de todas as for\u00e7as estrangeiras do pa\u00eds.<\/p>\n<p>Somente desta forma a popula\u00e7\u00e3o iemenitas poder\u00e1 exercer o seu direito leg\u00edtimo \u00e0 autodetermina\u00e7\u00e3o.<\/p>\n","protected":false},"excerpt":{"rendered":"<p>No \u00faltimo dia 9 de agosto, a coalis\u00e3o militar liderada pela Arabia Saudita bombardeou o mercado de Dahyan na cidade de Saada, no Iem\u00ean.<\/p>\n","protected":false},"author":13,"featured_media":23960,"menu_order":0,"comment_status":"open","ping_status":"open","sticky":false,"template":"","format":"standard","meta":{"litci_post_political_author":"","footnotes":""},"categories":[6325],"tags":[6323,664,180,6324],"class_list":["post-23958","post","type-post","status-publish","format-standard","has-post-thumbnail","hentry","category-oriente-medio-mundo","tag-al-qaeda","tag-arabia-saudita","tag-fabio-bosco","tag-iemem"],"fimg_url":"https:\/\/litci.org\/pt\/wp-content\/uploads\/2018\/08\/mundo-iemen-bombardeio-20180810-0001-copy.jpg","categories_names":["Oriente M\u00e9dio"],"author_info":{"name":"Javier f","pic":"https:\/\/secure.gravatar.com\/avatar\/38f104112503b4b2d43a8972576238b0824db79ccc991f981595fcbc569b0601?s=96&d=mm&r=g"},"political_author":null,"tagline":"","_links":{"self":[{"href":"https:\/\/litci.org\/pt\/wp-json\/wp\/v2\/posts\/23958","targetHints":{"allow":["GET"]}}],"collection":[{"href":"https:\/\/litci.org\/pt\/wp-json\/wp\/v2\/posts"}],"about":[{"href":"https:\/\/litci.org\/pt\/wp-json\/wp\/v2\/types\/post"}],"author":[{"embeddable":true,"href":"https:\/\/litci.org\/pt\/wp-json\/wp\/v2\/users\/13"}],"replies":[{"embeddable":true,"href":"https:\/\/litci.org\/pt\/wp-json\/wp\/v2\/comments?post=23958"}],"version-history":[{"count":0,"href":"https:\/\/litci.org\/pt\/wp-json\/wp\/v2\/posts\/23958\/revisions"}],"wp:featuredmedia":[{"embeddable":true,"href":"https:\/\/litci.org\/pt\/wp-json\/wp\/v2\/media\/23960"}],"wp:attachment":[{"href":"https:\/\/litci.org\/pt\/wp-json\/wp\/v2\/media?parent=23958"}],"wp:term":[{"taxonomy":"category","embeddable":true,"href":"https:\/\/litci.org\/pt\/wp-json\/wp\/v2\/categories?post=23958"},{"taxonomy":"post_tag","embeddable":true,"href":"https:\/\/litci.org\/pt\/wp-json\/wp\/v2\/tags?post=23958"}],"curies":[{"name":"wp","href":"https:\/\/api.w.org\/{rel}","templated":true}]}}