{"id":12951,"date":"2015-12-14T08:23:53","date_gmt":"2015-12-14T10:23:53","guid":{"rendered":"http:\/\/litci.org\/pt\/sem-categoria\/declaracao-do-espaco-de-unidade-de-acao-sobre-a-atual-situacao-politica-do-brasil\/"},"modified":"2015-12-14T08:23:53","modified_gmt":"2015-12-14T10:23:53","slug":"declaracao-do-espaco-de-unidade-de-acao-sobre-a-atual-situacao-politica-do-brasil","status":"publish","type":"post","link":"https:\/\/litci.org\/pt\/2015\/12\/14\/declaracao-do-espaco-de-unidade-de-acao-sobre-a-atual-situacao-politica-do-brasil\/","title":{"rendered":"Declara\u00e7\u00e3o do Espa\u00e7o de Unidade de A\u00e7\u00e3o sobre a atual situa\u00e7\u00e3o pol\u00edtica do Brasil"},"content":{"rendered":"<p><em>As organiza\u00e7\u00f5es sindicais e estudantis, movimentos sociais e populares reunidos em S\u00e3o Paulo neste dia 9 de dezembro de 2015, frente ao quadro pol\u00edtico atual em nosso pa\u00eds, adotam a seguinte declara\u00e7\u00e3o:<\/em><\/p>\n<p><!--more--><\/p>\n<p>As manifesta\u00e7\u00f5es convocadas para os dias 13 e 16 desse m\u00eas n\u00e3o representam os interesses e anseios dos trabalhadores e da juventude brasileiras.<\/p>\n<p>O dia 16 \u00e9 convocado pela \u201cFrente Brasil Popular\u201d e pela \u201cFrente do Povo Sem Medo\u201d, compostas por organiza\u00e7\u00f5es sindicais, estudantis e populares como a CUT, UNE, CTB, MST e MTST, al\u00e9m do PT e PCdoB, partidos da base de sustenta\u00e7\u00e3o do atual governo, respons\u00e1vel pelos brutais ataques que nossa classe vem sofrendo e que governa a servi\u00e7o dos interesses do grande empresariado. Essa manifesta\u00e7\u00e3o defende a manuten\u00e7\u00e3o do atual governo no poder.<\/p>\n<p>Antes, no dia 13, ir\u00e3o \u00e0s ruas movimentos e partidos da oposi\u00e7\u00e3o burguesa de direita, que defendem o impeachment como sa\u00edda pol\u00edtica para a crise. S\u00e3o organiza\u00e7\u00f5es de diversos matizes, incluindo elementos conservadores e mesmo de extrema direita, capitaneados pelo PSDB, DEM, PPS e amplos setores do PMDB ligados a Eduardo Cunha e outros reacion\u00e1rios, al\u00e9m de movimentos como o \u201cVem Pra Rua\u201d e \u201cBrasil Livre\u201d.<\/p>\n<p>As organiza\u00e7\u00f5es que comp\u00f5em o Espa\u00e7o de Unidade de A\u00e7\u00e3o n\u00e3o participar\u00e3o dessas manifesta\u00e7\u00f5es, pois trata-se da reedi\u00e7\u00e3o das iniciativas dos dois principais campos pol\u00edticos, ambos dominados por setores burgueses de peso, que disputam os rumos do pa\u00eds.<\/p>\n<p>A defesa da manuten\u00e7\u00e3o do governo Dilma, respons\u00e1vel direto pelos principais ataques que estamos sofrendo, mesmo que com cr\u00edticas \u00e0 sua pol\u00edtica econ\u00f4mica, \u00e9 parte de uma pol\u00edtica de engano dos trabalhadores e da juventude, e de blindagem dessa coaliz\u00e3o com grandes setores da burguesia, que j\u00e1 governa o pa\u00eds h\u00e1 treze anos.<\/p>\n<p>O suposto golpe alardeado por segmentos que sustentam o governo \u00e9 parte dessa pol\u00edtica de engano. N\u00e3o h\u00e1 golpe sendo tramado. O que estamos assistindo \u00e9 um espet\u00e1culo grotesco de disputa do poder por fra\u00e7\u00f5es do grande capital, alinhadas ou em oposi\u00e7\u00e3o ao governo Dilma\/PT, governo esse que perdeu o controle sobre a economia e a capacidade de deter as mobiliza\u00e7\u00f5es dos trabalhadores.<\/p>\n<p>A serventia desse governo para os patr\u00f5es, banqueiros e latifundi\u00e1rios j\u00e1 n\u00e3o \u00e9, portanto, t\u00e3o importante. A ruptura de amplos segmentos dos trabalhadores e da juventude, com o governo, com o PT e as dire\u00e7\u00f5es burocr\u00e1ticas que defendem o governo \u00e9 um processo hist\u00f3rico e muito positivo. A situa\u00e7\u00e3o exige uma ampla reorganiza\u00e7\u00e3o da classe trabalhadora em oposi\u00e7\u00e3o ao que est\u00e1 posto, que n\u00e3o s\u00e3o de fato alternativas para a classe.<\/p>\n<p>J\u00e1 a sa\u00edda apontada pela oposi\u00e7\u00e3o burguesa de direita, atrav\u00e9s do impeachment, significa entregar o poder ao atual vice, Michel Temer, do PMDB, partido fisiol\u00f3gico, express\u00e3o de caciques e oligarquias regionais, e que tem entre seus quadros figuras como Renan, Cunha, Sarney e tantos outros corruptos e aproveitadores. Essa sa\u00edda, portanto, n\u00e3o \u00e9 de interesse dos trabalhadores e da juventude e n\u00e3o vai mudar a nossa vida, pois seguir\u00e1 sendo aplicada a mesma agenda econ\u00f4mica, expressa no documento \u201cUma ponte para o futuro!\u201d.<\/p>\n<p>N\u00e3o devem os trabalhadores e a juventude escolherem, portanto, entre os senhores da casa grande e os seus capatazes.<\/p>\n<p>Nesse sentido nos causa preocupa\u00e7\u00e3o que organiza\u00e7\u00f5es combativas, como o MTST e a Intersindical\/CCT, al\u00e9m de expressivos segmentos do PSOL, se somem aos atos do dia 16 e da defesa da perman\u00eancia do governo Dilma\/PT.<\/p>\n<p>S\u00e3o segmentos com os quais temos procurado trabalhar em conjunto, na perspectiva de constru\u00e7\u00e3o de mobiliza\u00e7\u00f5es independentes e unit\u00e1rias, que expressem esse esfor\u00e7o de constru\u00e7\u00e3o de um polo alternativo, necess\u00e1rio para que n\u00e3o sejam os trabalhadores a pagarem mais uma vez os custos da crise que n\u00e3o criamos.<\/p>\n<p>Foi com essa perspectiva que realizamos uma grande marcha nacional de trabalhadores e trabalhadoras em setembro desse ano, seguida de um encontro nacional de lutadores e lutadoras.<\/p>\n<p>Esse encontro apontou bandeiras e uma perspectiva que seguem vigentes: \u201c<em>Contra Dilma-PT, Cunha, Temer e Renan-PMDB; A\u00e9cio\/PSDB! Derrotar o ajuste fiscal! Que os ricos paguem pela crise! Por uma alternativa classista dos trabalhadores, da juventude e do povo pobre!<\/em>\u201d<\/p>\n<p>A raz\u00e3o de fundo dessa posi\u00e7\u00e3o tamb\u00e9m est\u00e1 expressa em nossa resolu\u00e7\u00e3o: \u201c<em>perante a crise econ\u00f4mica, o governo Dilma, o Congresso Nacional, a oposi\u00e7\u00e3o burguesa, o imperialismo, banqueiros e toda a patronal, apesar das fissuras interburguesas, das disputas pol\u00edticas e da crise de governabilidade, possuem um acordo mais geral: jogar a crise nas costas dos trabalhadores<\/em>\u201d.<\/p>\n<p>Essa situa\u00e7\u00e3o n\u00e3o mudou, ao contr\u00e1rio, aprofundou-se. Agudizaram-se a crise econ\u00f4mica e a polariza\u00e7\u00e3o pol\u00edtica, bem como a resist\u00eancia oper\u00e1ria e popular, expressa em in\u00fameras greves e mobiliza\u00e7\u00f5es, como entre os petroleiros, trabalhadores dos correios, banc\u00e1rios, oper\u00e1rios metal\u00fargicos, servidores p\u00fablicos, estudantes secundaristas de S\u00e3o Paulo, ocupa\u00e7\u00f5es de escolas e universidades, luta das mulheres contra o PL 5069, dos povos ind\u00edgenas contra a invas\u00e3o de seus territ\u00f3rios, dos atingidos pelo rompimento da barragem da Samarco\/Vale, dentre tantas outras.<\/p>\n<p>De nossa parte, seguimos fazendo o chamado a que as organiza\u00e7\u00f5es dos trabalhadores e da juventude, que est\u00e3o sustentando o governo Dilma, nesse momento, rompam com essa pol\u00edtica e se somam \u00e0s lutas em defesa da classe.<\/p>\n<p>Somente pela a\u00e7\u00e3o independente do movimento de massas v\u00e3o ocorrer as mudan\u00e7as que defendemos. Essas n\u00e3o vir\u00e3o com a continuidade do governo Dilma\/PT nem pelas m\u00e3os de Temer, Cunha, Renan ou A\u00e9cio. Por isso lutamos contra os dois blocos.<\/p>\n<p>Nem dia 13 nem dia 16! Construir uma alternativa dos trabalhadores, da juventude e do povo pobre!<\/p>\n<p><em>S\u00e3o Paulo, 9 de dezembro de 2015. <\/em><\/p>\n<p><strong>Convocat\u00f3ria por uma plen\u00e1ria sindical e popular <\/strong><\/p>\n<p>Convidamos a todas as entidades sindicais, populares e estudantis, partidos e organiza\u00e7\u00f5es da esquerda socialista para uma grande plen\u00e1ria sindical e popular, a ser realizada na cidade de S\u00e3o Paulo, no dia 22 de janeiro de 2016, com o objetivo de definir um plano de a\u00e7\u00e3o para o pr\u00f3ximo per\u00edodo, incluindo uma atividade nacional unificada desse campo, alternativa aos dois blocos pol\u00edticos burgueses, de situa\u00e7\u00e3o e oposi\u00e7\u00e3o, que polarizam os rumos do pais no momento.<\/p>\n<p>Todo o debate pol\u00edtico iniciado nesta reuni\u00e3o do Espa\u00e7o de Unidade de a\u00e7\u00e3o ter\u00e1 continuidade na Plen\u00e1ria ora convocada, incluindo a discuss\u00e3o das consignas que devem nortear a nossa interven\u00e7\u00e3o, as alternativas frente ao cen\u00e1rio pol\u00edtico etc.<\/p>\n<p>Reafirmamos as resolu\u00e7\u00f5es constru\u00eddas unitariamente no Encontro Nacional de Lutadores e Lutadoras e as formula\u00e7\u00f5es acumuladas at\u00e9 o momento, respeitando-se a autonomia de cada entidade participante quanto a levantar outras consignas frente \u00e0 agudiza\u00e7\u00e3o do quadro pol\u00edtico.<\/p>\n<p>Seguiremos fortalecendo as lutas imediatas e buscando a sua unifica\u00e7\u00e3o, dando apoio a iniciativas, dentre elas a Caravana de solidariedade aos Guarani Kaiowas, no Mato Grosso do Sul, o Semin\u00e1rio Nacional #N\u00c3OFOIACIDENTE \u2013 Em defesa dos trabalhadores e da popula\u00e7\u00e3o atingida pelo crime da Samarco\/Vale\/BHP.<\/p>\n<p>Seguiremos na luta contra a criminaliza\u00e7\u00e3o dos ativistas e da popula\u00e7\u00e3o pobre, fortalecendo a luta pela liberta\u00e7\u00e3o dos ativistas do MRP (Movimento Resist\u00eancia Popular) de Bras\u00edlia\/DF, pela apura\u00e7\u00e3o da chacina dos jovens do Rio de Janeiro, dentre outras iniciativas e apoiando iniciativas como o \u201cDia Internacional de Luta em apoio aos trabalhadores perseguidos e encarcerados\u201d.<\/p>\n<p><strong>Espa\u00e7o de Unidade de A\u00e7\u00e3o<\/strong><\/p>\n<p>Leia este e outros artigos em:\u00a0<a href=\"http:\/\/cspconlutas.org.br\/\" target=\"_blank\" rel=\"noopener\">cspconlutas.org.br<\/a><\/p>\n","protected":false},"excerpt":{"rendered":"<p>As organiza\u00e7\u00f5es sindicais e estudantis, movimentos sociais e populares reunidos em S\u00e3o Paulo neste dia 9 de dezembro de 2015, frente ao quadro pol\u00edtico atual em nosso pa\u00eds, adotam a seguinte declara\u00e7\u00e3o:<\/p>\n","protected":false},"author":13,"featured_media":12952,"menu_order":0,"comment_status":"open","ping_status":"open","sticky":false,"template":"","format":"standard","meta":{"litci_post_political_author":"","footnotes":""},"categories":[121,3541],"tags":[8230,8148,709,8231],"class_list":["post-12951","post","type-post","status-publish","format-standard","has-post-thumbnail","hentry","category-brasil","category-movimento-operario","tag-espaco-unidade-de-acao","tag-governo-dilma","tag-impeachment","tag-oposicao-burguesa-de-direita"],"fimg_url":"https:\/\/litci.org\/pt\/wp-content\/uploads\/2015\/12\/espaco-unidade.jpg","categories_names":["Brasil","Movimento Oper\u00e1rio"],"author_info":{"name":"Javier f","pic":"https:\/\/secure.gravatar.com\/avatar\/38f104112503b4b2d43a8972576238b0824db79ccc991f981595fcbc569b0601?s=96&d=mm&r=g"},"political_author":null,"tagline":"","_links":{"self":[{"href":"https:\/\/litci.org\/pt\/wp-json\/wp\/v2\/posts\/12951","targetHints":{"allow":["GET"]}}],"collection":[{"href":"https:\/\/litci.org\/pt\/wp-json\/wp\/v2\/posts"}],"about":[{"href":"https:\/\/litci.org\/pt\/wp-json\/wp\/v2\/types\/post"}],"author":[{"embeddable":true,"href":"https:\/\/litci.org\/pt\/wp-json\/wp\/v2\/users\/13"}],"replies":[{"embeddable":true,"href":"https:\/\/litci.org\/pt\/wp-json\/wp\/v2\/comments?post=12951"}],"version-history":[{"count":0,"href":"https:\/\/litci.org\/pt\/wp-json\/wp\/v2\/posts\/12951\/revisions"}],"wp:featuredmedia":[{"embeddable":true,"href":"https:\/\/litci.org\/pt\/wp-json\/wp\/v2\/media\/12952"}],"wp:attachment":[{"href":"https:\/\/litci.org\/pt\/wp-json\/wp\/v2\/media?parent=12951"}],"wp:term":[{"taxonomy":"category","embeddable":true,"href":"https:\/\/litci.org\/pt\/wp-json\/wp\/v2\/categories?post=12951"},{"taxonomy":"post_tag","embeddable":true,"href":"https:\/\/litci.org\/pt\/wp-json\/wp\/v2\/tags?post=12951"}],"curies":[{"name":"wp","href":"https:\/\/api.w.org\/{rel}","templated":true}]}}