{"id":1110,"date":"2010-07-15T21:49:07","date_gmt":"2010-07-15T21:49:07","guid":{"rendered":"http:\/\/litci.org\/pt\/2010\/07\/15\/pela-greve-geral-das-organizacoes-sindicais-e-populares-do-panama\/"},"modified":"2010-07-15T21:49:07","modified_gmt":"2010-07-15T21:49:07","slug":"pela-greve-geral-das-organizacoes-sindicais-e-populares-do-panama","status":"publish","type":"post","link":"https:\/\/litci.org\/pt\/2010\/07\/15\/pela-greve-geral-das-organizacoes-sindicais-e-populares-do-panama\/","title":{"rendered":"Pela Greve Geral das organiza\u00e7\u00f5es Sindicais e populares do Panam\u00e1"},"content":{"rendered":"\n<div style=\"text-align: justify\">\n\t<span style=\"font-size: 14px\"><span style=\"font-family: arial, helvetica, sans-serif\"><img loading=\"lazy\" decoding=\"async\" align=\"left\" alt=\"\" border=\"0\" height=\"112\" hspace=\"3\" src=\"http:\/\/www.litci.org\/novosite\/wp-content\/uploads\/bocas de toro.jpg\" vspace=\"3\" width=\"150\" \/>Nossa organiza&ccedil;&atilde;o, a <i>Liga de Trabalhadores para o Socialismo<\/i>, fiel a sua condi&ccedil;&atilde;o de destacamento de luta em defesa dos interesses da classe trabalhadora e pelo Socialismo no Panam&aacute; e no Mundo, comunica a todos os trabalhadores e demais setores populares sua inquebrant&aacute;vel decis&atilde;o de continuar apoiando a Greve Geral sobre a base de que a Greve deve ser um chamado social para trabalhar a unidade de nossa classe e a necess&aacute;ria reflex&atilde;o que nos permita assentar as bases org&acirc;nicas e ir construindo o Instrumento Pol&iacute;tico da classe trabalhadora Panamenha. <\/span><\/span><br \/>\n\t<!--more-->\n<\/div>\n<div style=\"text-align: justify\">\n\t<span style=\"font-size: 14px\"><span style=\"font-family: arial, helvetica, sans-serif\">&nbsp;<\/span><\/span><\/div>\n<div style=\"text-align: justify\">\n\t<span style=\"font-size: 14px\"><span style=\"font-family: arial, helvetica, sans-serif\">Os recentes acontecimentos na her&oacute;ica Prov&iacute;ncia de Bocas del Toro, especificamente na comunidade de Changuinola, p&otilde;em a descoberto o car&aacute;ter racista, repressor e intimidador do governo de Ricardo Martinelli e sua confraria de partidos empresariais. <\/span><\/span><\/div>\n<div style=\"text-align: justify\">\n\t<span style=\"font-size: 14px\"><span style=\"font-family: arial, helvetica, sans-serif\">&nbsp;<\/span><\/span><\/div>\n<div style=\"text-align: justify\">\n\t<span style=\"font-size: 14px\"><span style=\"font-family: arial, helvetica, sans-serif\">Uma vez mais, ficou claro o poder de fogo da classe trabalhadora e os setores populares quando, nas ruas, s&atilde;o capazes de fazer uso do direito &agrave; rebeli&atilde;o ante as imposi&ccedil;&otilde;es das classes dominantes no poder. &Eacute; necess&aacute;rio destacar o desconcerto do governo e dos empres&aacute;rios de todo o pa&iacute;s pelas a&ccedil;&otilde;es combativas e consequentes dos trabalhadores: centenas de oper&aacute;rios da etnia Ng&ouml;be Bugle de diferentes regi&otilde;es se somaram &agrave; luta durante os dez dias de insurrei&ccedil;&atilde;o popular nesta prov&iacute;ncia v&iacute;tima da mais selvagem explora&ccedil;&atilde;o e humilha&ccedil;&atilde;o por empresas imperialistas como a Bocas Fruit Company (com cumplicidade de todos os governos pr&oacute;-capitalistas).<\/span><\/span><\/div>\n<div style=\"text-align: justify\">\n\t<span style=\"font-size: 14px\"><span style=\"font-family: arial, helvetica, sans-serif\">&nbsp;<\/span><\/span><\/div>\n<div style=\"text-align: justify\">\n\t<span style=\"font-size: 14px\"><span style=\"font-family: arial, helvetica, sans-serif\">A LTS faz um chamado &agrave; dire&ccedil;&atilde;o Sindical para que se mantenha a unidade de a&ccedil;&atilde;o das diferentes organiza&ccedil;&otilde;es no marco da unidade para efeito de conseguir o triunfo da Greve. Os trabalhadores de Bocas del Toro mostraram o caminho.<\/span><\/span><\/div>\n<div style=\"text-align: justify\">\n\t<span style=\"font-size: 14px\"><span style=\"font-family: arial, helvetica, sans-serif\">&nbsp;<\/span><\/span><\/div>\n<p>\n\t<span style=\"font-size: 14px\"><span style=\"font-family: arial, helvetica, sans-serif\">&#8211; <b>Que se mantenha a greve; pela revoga&ccedil;&atilde;o da Lei 30, contra o aumento de 7% e pela defesa do meio ambiente!<\/b><\/span><\/span><\/p>\n<p>\n\t<span style=\"font-size: 14px\"><span style=\"font-family: arial, helvetica, sans-serif\"><span style=\"line-height: normal; font-variant: normal; font-style: normal; font-weight: normal\">&#8211;&nbsp;<\/span><b>Solidariedade aos trabalhadores e feridos de Bocas Del Toro!<\/b><\/span><\/span><\/p>\n<p>\n\t<span style=\"font-size: 14px\"><span style=\"font-family: arial, helvetica, sans-serif\"><span style=\"line-height: normal; font-variant: normal; font-style: normal; font-weight: normal\">&#8211; <\/span><b>Contra a persegui&ccedil;&atilde;o e intimida&ccedil;&atilde;o de dirigentes oper&aacute;rios!<\/b><\/span><\/span><\/p>\n<div style=\"text-align: justify\">\n\t<span style=\"font-size: 14px\"><span style=\"font-family: arial, helvetica, sans-serif\">&nbsp;<\/span><\/span><\/div>\n<div style=\"text-align: justify\">\n\t<span style=\"font-size: 14px\"><span style=\"font-family: arial, helvetica, sans-serif\">Comit&ecirc; Executivo LTS &#8211; Panam&aacute;<\/span><\/span><\/div>\n<div style=\"text-align: justify\">\n\t<span style=\"font-size: 14px\"><span style=\"font-family: arial, helvetica, sans-serif\">Col&oacute;n, 13 de Julho de 2010<\/span><\/span><\/div>\n<div style=\"text-align: justify\">\n\t<span style=\"font-size: 14px\"><span style=\"font-family: arial, helvetica, sans-serif\">&nbsp;<\/span><\/span><\/div>\n<div style=\"text-align: justify\">\n\t<span style=\"font-size: 14px\"><span style=\"font-family: arial, helvetica, sans-serif\">Tradu&ccedil;&atilde;o: Rosangela Botelho<\/span><\/span><\/div>\n","protected":false},"excerpt":{"rendered":"<p>Nossa organiza&ccedil;&atilde;o, a Liga de Trabalhadores para o Socialismo, fiel a sua condi&ccedil;&atilde;o de destacamento de luta em defesa dos interesses da classe trabalhadora e pelo Socialismo no Panam&aacute; e no Mundo, comunica a todos os trabalhadores e demais setores populares sua inquebrant&aacute;vel decis&atilde;o de continuar apoiando a Greve Geral sobre a base de que [&hellip;]<\/p>\n","protected":false},"author":13,"featured_media":4088,"menu_order":0,"comment_status":"open","ping_status":"open","sticky":false,"template":"","format":"standard","meta":{"litci_post_political_author":"","footnotes":""},"categories":[3009],"tags":[],"class_list":["post-1110","post","type-post","status-publish","format-standard","has-post-thumbnail","hentry","category-panama"],"fimg_url":false,"categories_names":["Panam\u00e1"],"author_info":{"name":"Javier f","pic":"https:\/\/secure.gravatar.com\/avatar\/38f104112503b4b2d43a8972576238b0824db79ccc991f981595fcbc569b0601?s=96&d=mm&r=g"},"political_author":null,"tagline":"","_links":{"self":[{"href":"https:\/\/litci.org\/pt\/wp-json\/wp\/v2\/posts\/1110","targetHints":{"allow":["GET"]}}],"collection":[{"href":"https:\/\/litci.org\/pt\/wp-json\/wp\/v2\/posts"}],"about":[{"href":"https:\/\/litci.org\/pt\/wp-json\/wp\/v2\/types\/post"}],"author":[{"embeddable":true,"href":"https:\/\/litci.org\/pt\/wp-json\/wp\/v2\/users\/13"}],"replies":[{"embeddable":true,"href":"https:\/\/litci.org\/pt\/wp-json\/wp\/v2\/comments?post=1110"}],"version-history":[{"count":0,"href":"https:\/\/litci.org\/pt\/wp-json\/wp\/v2\/posts\/1110\/revisions"}],"wp:featuredmedia":[{"embeddable":true,"href":"https:\/\/litci.org\/pt\/wp-json\/"}],"wp:attachment":[{"href":"https:\/\/litci.org\/pt\/wp-json\/wp\/v2\/media?parent=1110"}],"wp:term":[{"taxonomy":"category","embeddable":true,"href":"https:\/\/litci.org\/pt\/wp-json\/wp\/v2\/categories?post=1110"},{"taxonomy":"post_tag","embeddable":true,"href":"https:\/\/litci.org\/pt\/wp-json\/wp\/v2\/tags?post=1110"}],"curies":[{"name":"wp","href":"https:\/\/api.w.org\/{rel}","templated":true}]}}