{"id":71578,"date":"2026-04-27T07:00:00","date_gmt":"2026-04-27T07:00:00","guid":{"rendered":"https:\/\/litci.org\/fr\/?p=71578"},"modified":"2026-04-27T17:42:14","modified_gmt":"2026-04-27T17:42:14","slug":"en-defense-de-liran-face-a-lattaque-genocidaire-de-limperialisme-etasunien-et-disrael","status":"publish","type":"post","link":"https:\/\/litci.org\/fr\/en-defense-de-liran-face-a-lattaque-genocidaire-de-limperialisme-etasunien-et-disrael\/","title":{"rendered":"En d\u00e9fense de l\u2019Iran face \u00e0 l\u2019attaque g\u00e9nocidaire de l\u2019imp\u00e9rialisme \u00e9tasunien et d\u2019Isra\u00ebl !"},"content":{"rendered":"\n<p>L&rsquo;imp\u00e9rialisme \u00e9tasunien et Isra\u00ebl attaquent actuellement l&rsquo;Iran. Cette attaque se pr\u00e9pare \u00e0 \u00eatre\u00a0 d&rsquo;une ampleur bien sup\u00e9rieure \u00e0 celle de juin 2025.\u00a0<\/p>\n\n\n\n<p>Ligue internationale des travailleurs&nbsp;<\/p>\n\n\n\n<p>le 28 f\u00e9vrier 2026&nbsp;<\/p>\n\n\n\n<p>Les bombardements ont d\u00e9j\u00e0 touch\u00e9 plusieurs villes iraniennes, dont T\u00e9h\u00e9ran, Ispahan, Qom,&nbsp; Tabriz. Trump et Netanyahou ont tous deux ouvertement d\u00e9clar\u00e9 leur intention d&rsquo;\u00e9liminer Khomeini et les dirigeants iraniens.&nbsp;<\/p>\n\n\n\n<p>Ils cherchent non seulement \u00e0 an\u00e9antir les installations nucl\u00e9aires et les bases militaires&nbsp; iraniennes, mais aussi \u00e0 imposer un r\u00e9gime soumis \u00e0 Trump.&nbsp;<\/p>\n\n\n\n<p>L&rsquo;imp\u00e9rialisme \u00e9tasunien a envahi le Venezuela et s\u00e9questr\u00e9 Nicol\u00e1s Maduro et s&rsquo;est empar\u00e9 du&nbsp; p\u00e9trole v\u00e9n\u00e9zu\u00e9lien. Il souhaite d\u00e9sormais r\u00e9it\u00e9rer ce sc\u00e9nario en Iran. Cela l\u00e9gitimerait la mainmise&nbsp; d&rsquo;Isra\u00ebl et du g\u00e9nocidaire Netanyahou sur l&rsquo;ensemble du Moyen-Orient. L&rsquo;Iran est un alli\u00e9 de la&nbsp; Chine, \u00e0 laquelle il exporte 80 % de son p\u00e9trole. Et par cette attaque, Trump cherche \u00e9galement \u00e0&nbsp; intensifier sa confrontation avec ce pays et \u00e0 renforcer son contr\u00f4le sur le march\u00e9 mondial du&nbsp; p\u00e9trole.&nbsp;<\/p>\n\n\n\n<p>Jusqu&rsquo;\u00e0 pr\u00e9sent, comme habituellement, ni la Chine ni la Russie n&rsquo;ont fait autre chose que des&nbsp; d\u00e9clarations diplomatiques.&nbsp;<\/p>\n\n\n\n<p>Trump cherche \u00e9galement \u00e0 d\u00e9tourner l&rsquo;attention des probl\u00e8mes int\u00e9rieurs aux \u00c9tats-Unis, au&nbsp; moment m\u00eame o\u00f9 des mobilisations se d\u00e9veloppent directement contre lui et contre sa r\u00e9pression&nbsp; des immigrants, \u00e0 commencer par Minneapolis.&nbsp;<\/p>\n\n\n\n<p>L&rsquo;Iran a ripost\u00e9 militairement en attaquant des bases \u00e9tasuniennes au Qatar, aux \u00c9mirats Arabes&nbsp; Unis, \u00e0 Bahre\u00efn, en Jordanie, au Kowe\u00eft et en Irak, et en lan\u00e7ant des missiles sur Isra\u00ebl. Malgr\u00e9 le&nbsp; caract\u00e8re profond\u00e9ment in\u00e9gal de ce conflit de deux puissances nucl\u00e9aires contre un pays semi colonial, l&rsquo;Iran a oppos\u00e9 une riposte militaire.&nbsp;<\/p>\n\n\n\n<p>Nous d\u00e9fendons l&rsquo;Iran contre l&rsquo;attaque imp\u00e9rialiste et isra\u00e9lienne ! Nous d\u00e9fendons le droit de&nbsp; l&rsquo;Iran \u00e0 se d\u00e9fendre, y compris son droit \u00e0 poss\u00e9der l&rsquo;arme nucl\u00e9aire.&nbsp;<\/p>\n\n\n\n<p>Cela n&rsquo;implique aucun soutien politique \u00e0 la dictature des ayatollahs en Iran. Nous avons d\u00e9fendu&nbsp; les mobilisations de masse contre la dictature iranienne. Mais c&rsquo;est au peuple iranien, et non \u00e0&nbsp; l&rsquo;imp\u00e9rialisme \u00e9tasunien ni au sionisme g\u00e9nocidaire de Netanyahou qu&rsquo;il revient de d\u00e9cider de&nbsp; l&rsquo;avenir du pays.&nbsp;<\/p>\n\n\n\n<p>Nous appelons \u00e0 des mobilisation partout dans le monde pour r\u00e9pudier cette attaque imp\u00e9rialiste&nbsp; et sioniste contre l&rsquo;Iran !&nbsp;<\/p>\n\n\n\n<p><strong>En d\u00e9fense de l&rsquo;Iran contre l&rsquo;attaque imp\u00e9rialiste et isra\u00e9lienne !&nbsp;<\/strong><\/p>\n\n\n\n<p><strong>Trump hors de l&rsquo;Iran, de la Palestine et de l&rsquo;Am\u00e9rique latine !<\/strong><\/p>\n\n\n\n<p>Traduit de &lt;https:\/\/litci.org\/es\/en-defensa-de-iran-frente-al-ataque-genocida-delimperialismo-estadounidense-y-de-israel&gt;<\/p>\n","protected":false},"excerpt":{"rendered":"<p>L&rsquo;imp\u00e9rialisme \u00e9tasunien et Isra\u00ebl attaquent actuellement l&rsquo;Iran. Cette attaque se pr\u00e9pare \u00e0 \u00eatre  d&rsquo;une ampleur bien sup\u00e9rieure \u00e0 celle de juin 2025. <\/p>\n","protected":false},"author":1,"featured_media":71591,"comment_status":"open","ping_status":"open","sticky":false,"template":"","format":"standard","meta":{"footnotes":"","_jetpack_memberships_contains_paid_content":false},"categories":[3679],"tags":[3693,3692,3694,3695],"jetpack_sharing_enabled":true,"jetpack_featured_media_url":"https:\/\/i0.wp.com\/litci.org\/fr\/wp-content\/uploads\/2026\/04\/afp_69a481845e7f-1772388740.webp?fit=730%2C410&ssl=1","_links":{"self":[{"href":"https:\/\/litci.org\/fr\/wp-json\/wp\/v2\/posts\/71578"}],"collection":[{"href":"https:\/\/litci.org\/fr\/wp-json\/wp\/v2\/posts"}],"about":[{"href":"https:\/\/litci.org\/fr\/wp-json\/wp\/v2\/types\/post"}],"author":[{"embeddable":true,"href":"https:\/\/litci.org\/fr\/wp-json\/wp\/v2\/users\/1"}],"replies":[{"embeddable":true,"href":"https:\/\/litci.org\/fr\/wp-json\/wp\/v2\/comments?post=71578"}],"version-history":[{"count":2,"href":"https:\/\/litci.org\/fr\/wp-json\/wp\/v2\/posts\/71578\/revisions"}],"predecessor-version":[{"id":71593,"href":"https:\/\/litci.org\/fr\/wp-json\/wp\/v2\/posts\/71578\/revisions\/71593"}],"wp:featuredmedia":[{"embeddable":true,"href":"https:\/\/litci.org\/fr\/wp-json\/wp\/v2\/media\/71591"}],"wp:attachment":[{"href":"https:\/\/litci.org\/fr\/wp-json\/wp\/v2\/media?parent=71578"}],"wp:term":[{"taxonomy":"category","embeddable":true,"href":"https:\/\/litci.org\/fr\/wp-json\/wp\/v2\/categories?post=71578"},{"taxonomy":"post_tag","embeddable":true,"href":"https:\/\/litci.org\/fr\/wp-json\/wp\/v2\/tags?post=71578"}],"curies":[{"name":"wp","href":"https:\/\/api.w.org\/{rel}","templated":true}]}}