{"id":71407,"date":"2024-09-12T20:51:57","date_gmt":"2024-09-12T20:51:57","guid":{"rendered":"https:\/\/litci.org\/fr\/?p=71407"},"modified":"2024-09-12T20:51:59","modified_gmt":"2024-09-12T20:51:59","slug":"macron-degage-preparer-la-greve-generale-pour-gagner-sur-les-revendications","status":"publish","type":"post","link":"https:\/\/litci.org\/fr\/macron-degage-preparer-la-greve-generale-pour-gagner-sur-les-revendications\/","title":{"rendered":"Macron d\u00e9gage\u00a0! Pr\u00e9parer la gr\u00e8ve g\u00e9n\u00e9rale pour gagner sur les revendications\u00a0!"},"content":{"rendered":"\n<p><em>Presque deux mois apr\u00e8s le vote du 7 juillet, Macron a enfin nomm\u00e9 un nouveau Premier ministre. Cette d\u00e9cision confirme le m\u00e9pris total de l\u2019\u00c9lys\u00e9e pour les r\u00e9sultats du second tour des l\u00e9gislatives anticip\u00e9es. Non seulement Michel Barnier lui offre toutes les garanties pour poursuivre la m\u00eame politique autoritaire d\u2019aust\u00e9rit\u00e9, de casse sociale, mais ses orientations anti-immigration sont un gage offert au Rassemblement National. Nous allons maintenant voir se mettre en place la poursuite de la politique macroniste, mais sous contr\u00f4le du RN\u00a0!<\/em><\/p>\n\n\n\n<p class=\"has-text-align-right\">Par : Micha\u00ebl Lenoir \u2013 groupe sympathisant de la LIT-QI en France.<\/p>\n\n\n\n<p>Le 26 ao\u00fbt, Macron avait d\u00e9j\u00e0 rejet\u00e9 officiellement la nomination de Lucie Castets, propos\u00e9e comme Premi\u00e8re ministre par le NFP. Depuis, les consultations se multipliaient mais l\u2019h\u00f4te de l\u2019\u00c9lys\u00e9e pataugeait dans l\u2019incertitude, sans solution de remplacement. Ces derniers jours, les deux pr\u00e9tendants les plus souvent cit\u00e9s, Bernard Cazeneuve (ancien ministre de Hollande, droite du PS) et Xavier Bertrand (LR), semblaient assur\u00e9s d\u2019\u00eatre imm\u00e9diatement \u00e9ject\u00e9s par une motion de censure \u00e0 l\u2019Assembl\u00e9e, vot\u00e9e \u00e0 la fois par le NFP et par le RN. Propos\u00e9e notamment par Alexis Kohler, secr\u00e9taire g\u00e9n\u00e9ral de l\u2019\u00c9lys\u00e9e, la figure de Michel Barnier rel\u00e8ve aussi de la droite classique, LR\u2026 Mais ce nom, contrairement \u00e0 celui de Xavier Bertrand, fait l\u2019objet d\u2019une plus grande bienveillance de Marine Le Pen. Le RN semble majoritairement consid\u00e9rer que Barnier \u00ab&nbsp;<em>respecte le RN&nbsp;<\/em>\u00bb et ne traite pas ses \u00e9lus \u00ab&nbsp;<em>comme des pestif\u00e9r\u00e9s<\/em>&nbsp;\u00bb<a href=\"#_ftn1\" id=\"_ftnref1\">[1]<\/a>. Contrairement \u00e0 ce que le RN avait annonc\u00e9 dans l\u2019\u00e9ventualit\u00e9 d\u2019une nomination au sein du NFP, de Cazeneuve ou de X. Bertrand, le groupe RN ne devrait pas opter d\u2019embl\u00e9e pour la censure automatique et \u00ab<em>&nbsp;attendra la d\u00e9claration de politique g\u00e9n\u00e9rale pour se positionner&nbsp;<\/em>\u00bb<a href=\"#_ftn2\" id=\"_ftnref2\">[2]<\/a>. Un feu vert envoy\u00e9 \u00e0 Macron par le RN pour la nomination de Barnier.<\/p>\n\n\n\n<p><strong>Coalition tacite Macron &#8211; LR &#8211; RN<\/strong><\/p>\n\n\n\n<p>Barnier est un politicien de droite exp\u00e9riment\u00e9. Parlementaire puis quatre fois ministre, il a pris des positions r\u00e9actionnaires : oppos\u00e9 \u00e0 la d\u00e9p\u00e9nalisation de l\u2019homosexualit\u00e9&nbsp;en 1981&nbsp;; mais aussi bien plus r\u00e9cemment. S\u00e9curitaires pour commencer. Contre l\u2019\u00ab&nbsp;assistanat&nbsp;\u00bb des pauvres et les ch\u00f4meurs, avec Wauquiez. Et aussi sur les flux migratoires, notamment pour la primaire LR de 2021, quand il r\u00e9clamait un&nbsp;<em>\u00ab&nbsp;moratoire&nbsp;\u00bb<\/em>&nbsp;sur l\u2019immigration, le r\u00e9tablissement de la double peine et un durcissement du regroupement familial. Une caract\u00e9ristique majeure de Barnier, c\u2019est qu\u2019il est une figure importante de l\u2019UE, \u00e0 laquelle il a consacr\u00e9 une large part de sa carri\u00e8re politique : il a b\u00e2ti et renforc\u00e9 ses structures n\u00e9olib\u00e9rales, comme commissaire \u00e0 la Politique r\u00e9gionale de 1999 \u00e0 2004, puis commissaire au March\u00e9 int\u00e9rieur et des Services de 2010 \u00e0 2014, avant d\u2019\u00eatre nomm\u00e9 n\u00e9gociateur en chef de l\u2019UE sur le Brexit. Il est donc au c\u0153ur des m\u00e9canismes n\u00e9olib\u00e9raux et antipopulaires de l\u2019UE. Le seul point o\u00f9 il est venu contrarier sa politique, c\u2019est pr\u00e9cis\u00e9ment la question migratoire, o\u00f9 on l\u2019a vu faire cause commune avec Viktor Orb\u00e1n, le pr\u00e9sident hongrois, pour d\u00e9sob\u00e9ir aux r\u00e8gles de l\u2019Union sur les droits humains afin de mettre en place un bouclier migratoire en France<a href=\"#_ftn3\" id=\"_ftnref3\">[3]<\/a>.<\/p>\n\n\n\n<p>Le choix d\u2019un tel profil constitue une main tendue de Macron au RN, au moins pour \u00e9viter sa censure \u00e0 l\u2019Assembl\u00e9e et maintenir les chances d\u2019une certaine durabilit\u00e9. Et c\u2019est en m\u00eame temps une garantie de continuit\u00e9 avec la politique qui a \u00e9t\u00e9 men\u00e9e depuis 2017. Le choix de Barnier est m\u00eame l\u2019expression d\u2019une coalition qui ne dit pas son nom entre la macronie, LR et le RN. Un bloc droite-extr\u00eame droite est ainsi constitu\u00e9, dont les diff\u00e9rences programmatiques s\u2019estompent toujours plus, et qui a pour socle commun la poursuite de l\u2019offensive antisociale, une hostilit\u00e9 accrue aux migrant.es, sans oublier le maintien d\u2019une politique militariste et colonialiste. Tr\u00e8s vraisemblablement, nous allons tr\u00e8s vite devoir combattre de nouvelles mesures anti-migratoires, ainsi que la politique d&rsquo;aust\u00e9rit\u00e9 voulue par Barnier, nous opposer au plan d&rsquo;ajustement fiscal de l&rsquo;UE, lutter pour que le budget militaire soit transf\u00e9r\u00e9 aux services publics, etc. Pour s\u00fbr, l\u2019autoritarisme et la r\u00e9pression macronistes \u2013 qui ont si cruellement frapp\u00e9 les Gilets jaunes, les jeunes des banlieues etc. \u2013 tendront \u00e0 s\u2019aggraver avec un pareil gouvernement. De m\u00eame pour ce qui est de la brutalit\u00e9 colonialiste \u2013 la solidarit\u00e9 avec la Kanaky va nous occuper&nbsp;! \u2013 ainsi que le soutien aux g\u00e9nocidaires sionistes \u00e0 Gaza et en Cisjordanie. Ce gouvernement, ennemi des travailleurs\/ses, des jeunes, des migrant.es, des peuples colonis\u00e9.es doit \u00eatre combattu d\u00e8s maintenant dans la rue.<\/p>\n\n\n\n<p>Ce bloc politique de fait permet l\u2019acc\u00e8s au pouvoir du RN, pour l\u2019instant de mani\u00e8re indirecte. Pour un camp pr\u00e9sidentiel qui mettait en avant le \u00ab&nbsp;front r\u00e9publicain&nbsp;\u00bb contre l\u2019extr\u00eame droite, c\u2019est plut\u00f4t fort de caf\u00e9&nbsp;! Mais cela n\u2019est pas surprenant si l\u2019on comprend que Macron avait dissout l\u2019Assembl\u00e9e pour placer le RN au gouvernement&nbsp;!<\/p>\n\n\n\n<p><strong>Cette \u00ab d\u00e9mocratie \u00bb est une farce. Derri\u00e8re Macron, il y a le grand capital !<\/strong><\/p>\n\n\n\n<p>R\u00e9sumons bri\u00e8vement la situation politico-institutionnelle \u00e0 laquelle nous parvenons. Macron choisit comme Premier ministre un politicien d\u2019une force politique qui, avec ses 47 d\u00e9put\u00e9.es et ses 5,41% de voix obtenues au second tour des l\u00e9gislatives, n\u2019est que le quatri\u00e8me bloc \u00e0 l\u2019Assembl\u00e9e. Macron fait ce choix parce que la troisi\u00e8me force, le RN et ses alli\u00e9.es \u00ab&nbsp;ciottistes&nbsp;\u00bb ne s\u2019y montrent pas d\u2019embl\u00e9e hostiles, et que l\u2019\u00c9lys\u00e9e a la ferme volont\u00e9 de poursuivre co\u00fbte que co\u00fbte la politique g\u00e9n\u00e9rale men\u00e9e par le camp pr\u00e9sidentiel, d\u00e9savou\u00e9 dans la rue et dans les urnes, et qui ne repr\u00e9sente plus que le deuxi\u00e8me bloc. Il veut aussi \u00e9viter de nommer \u00e0 la t\u00eate du gouvernement la personne propos\u00e9e par le NFP, premier bloc \u00e0 la Chambre des d\u00e9put\u00e9s. Dans de nombreuses d\u00e9mocraties bourgeoises, le choix se serait d\u2019abord port\u00e9 sur le bloc politique le plus fort, pas le quatri\u00e8me. En macronie, non&nbsp;! Et cela se voit&nbsp;: selon un sondage publi\u00e9 par BFMTV le 6 septembre<a href=\"#_ftn4\" id=\"_ftnref4\">[4]<\/a>, 74 % des Fran\u00e7ais.es estiment que Macron n&rsquo;a pas respect\u00e9 le r\u00e9sultat des \u00e9lections l\u00e9gislatives du 7 juillet. Une partie des Fran\u00e7ais.es ne s\u2019en plaint pas. N\u00e9anmoins, une majorit\u00e9 de 55% des interrog\u00e9.es dans le m\u00eame sondage sont d&rsquo;accord avec les propos de Jean-Luc M\u00e9lenchon, qui avait affirm\u00e9 qu&rsquo;Emmanuel Macron avait <strong>\u00ab\u00a0<em>ni\u00e9 officiellement le r\u00e9sultat des \u00e9lections l\u00e9gislatives<\/em>\u00a0\u00bb et que \u00ab\u00a0<em>l&rsquo;\u00e9lection a \u00e9t\u00e9 vol\u00e9e au peuple fran\u00e7ais<\/em>\u00ab\u00a0<\/strong><strong>.<\/strong><\/p>\n\n\n\n<p>Cette nouvelle situation n\u2019est pas seulement le fait de la psychologie de Macron. Certes, son arrogance et son d\u00e9ni syst\u00e9matique de la r\u00e9alit\u00e9 en font un forcen\u00e9. Mais ses agissements se nourrissent des traits autoritaires de la V<sup>e<\/sup> R\u00e9publique, une \u00ab d\u00e9mocratie&nbsp;\u00bb des riches qui s\u2019av\u00e8re toujours plus \u00eatre une farce. Toutefois, au-del\u00e0-m\u00eame de la V<sup>e<\/sup> R\u00e9publique, le vrai pouvoir, dans cette soci\u00e9t\u00e9, c\u2019est celui du grand capital.<\/p>\n\n\n\n<p>Si le personnel politique en place ne fait plus le job correctement de son point de vue, les milliardaires et patrons du CAC 40 lui trouveront des rempla\u00e7ants. De ce point de vue, on a assist\u00e9 ces derniers temps \u00e0 un double ph\u00e9nom\u00e8ne&nbsp;: d\u2019une part, l\u2019id\u00e9e du d\u00e9part de Macron de l\u2019\u00c9lys\u00e9e, notamment \u00e9voqu\u00e9e suite \u00e0 la candidature d\u2019Edouard Philippe \u00e0 la prochaine pr\u00e9sidentielle, n\u2019est plus un tabou&nbsp;; d\u2019autre part, le Medef s\u2019est empress\u00e9 d\u2019exiger le maintien des politiques pro-business et a chaleureusement remerci\u00e9 Bruno Le Maire pour son action \u00e0 Bercy<a href=\"#_ftn5\" id=\"_ftnref5\">[5]<\/a>.<\/p>\n\n\n\n<p>Malgr\u00e9 cela, chasser Macron est une n\u00e9cessit\u00e9 d\u00e9mocratique \u00e9l\u00e9mentaire, et c\u2019est un verrou qu\u2019il faut faire sauter d\u2019urgence&nbsp;!<\/p>\n\n\n\n<p><strong>Pas de confiance dans les institutions et le NFP !<\/strong><\/p>\n\n\n\n<p>La situation pr\u00e9sente est aussi la cons\u00e9quence des choix faits par les directions politiques et syndicales majoritaires du mouvement social. Leur tendance permanente \u00e0 vouloir r\u00e9soudre la crise et la polarisation sociale par des moyens institutionnels \u2013 et notamment le soi-disant \u00ab&nbsp;front r\u00e9publicain&nbsp;\u00bb \u2013 n\u2019arr\u00eate pas l\u2019extr\u00eame droite, elle change seulement les modalit\u00e9s de son ascension&nbsp;: dans le bloc politique dirigeant qui se met en place, le programme appliqu\u00e9 sera ce qu\u2019accepte le RN.<\/p>\n\n\n\n<p>Le NFP pourra voter toutes les motions de censure qu\u2019il souhaite, le v\u00e9ritable juge de la politique men\u00e9e par le gouvernement Barnier, ce sera le RN. Pour mettre en \u00e9chec les nouvelles attaques du pouvoir et, a fortiori, pour obtenir des mesures favorables aux travailleurs\/ses et aux classes populaires et des avanc\u00e9es d\u00e9mocratiques, ce n\u2019est que la rue et la lutte populaire qui pourront changer la donne.<\/p>\n\n\n\n<p>Nous ne devons pas faire confiance aux leaders et aux parlementaires du NFP. Une fraction de cette coalition semble d\u00e9cid\u00e9e \u00e0 contester le choix antid\u00e9mocratique de Macron et appelait \u00e0 manifester ce samedi, ce qui est juste. Il faudra observer l\u2019impact de cette mobilisation, qui ne pourra en aucun cas s\u2019arr\u00eater l\u00e0. Mais hormis LFI et quelques autres, qui veulent combiner censure parlementaire, lutte institutionnelle pour la destitution de Macron et mobilisation dans la rue, le reste du NFP, PS en t\u00eate, semble ne vouloir mener qu\u2019une gu\u00e9guerre strictement parlementaire contre le coup de force de Macron.<\/p>\n\n\n\n<p><strong>Nous organiser \u00e0 la base&nbsp;!<\/strong><\/p>\n\n\n\n<p>La classe ouvri\u00e8re, les quartiers populaires, la jeunesse, ont un besoin urgent de s&rsquo;organiser \u00e0 partir de la base pour gagner sur tous nos objectifs, avec une politique d&rsquo;ind\u00e9pendance de classe face \u00e0 toutes les voies bourgeoises. La dynamique d\u2019une telle organisation irait d\u2019ailleurs au-del\u00e0 d&rsquo;une mobilisation pour chasser Macron et pour respecter les r\u00e9sultats des \u00e9lections. Pour avancer dans cette voie, nous pouvons nous appuyer sur des exp\u00e9riences r\u00e9centes.<\/p>\n\n\n\n<p>L\u2019histoire ne sert jamais deux fois les m\u00eames plats, mais l\u2019exp\u00e9rience d\u2019un mouvement populaire contr\u00f4l\u00e9 d\u00e9mocratiquement par en bas peut notamment se baser sur les acquis des Gilets Jaunes. Pareil mouvement, autoorganis\u00e9 et fond\u00e9 sur l\u2019ind\u00e9pendance de classe, gagnerait sans doute \u00e0 associer les assembl\u00e9es citoyennes locales et celles fond\u00e9es sur les lieux de travail. Toutes les forces, politiques et autres, qui pr\u00e9tendent repr\u00e9senter les int\u00e9r\u00eats populaires, notamment celles qui constituent le NFP, devraient leur rendre des comptes.<\/p>\n\n\n\n<p>Mais porter des exigences ne suffit pas. Pour gagner, c\u2019est aussi un vaste mouvement de gr\u00e8ve qu\u2019il faut pr\u00e9parer.<\/p>\n\n\n\n<p><strong>Pr\u00e9parer la gr\u00e8ve g\u00e9n\u00e9rale&nbsp;!<\/strong><\/p>\n\n\n\n<p>Nous avons connu, l\u2019an pass\u00e9, une longue vague de lutte contre l\u2019obligation que nous fait Macron de travailler deux ann\u00e9es de plus. Il n\u2019a pu s\u2019imposer que par le 49.3, la r\u00e9pression et la strat\u00e9gie pourrie des journ\u00e9es d\u2019action \u00e0 laquelle restent attach\u00e9es les directions syndicales. Cette strat\u00e9gie n\u2019est remise en cause ni par le NFP, ni par LFI. Aujourd\u2019hui, cette question est toujours d\u2019actualit\u00e9. Mais soyons r\u00e9alistes&nbsp;: si nos ennemis de classe n\u2019ont pas peur des \u00ab&nbsp;journ\u00e9es d\u2019action&nbsp;\u00bb et des promenades syndicales R\u00e9publique-Nation, un spectre les inqui\u00e8te toujours, celui d\u2019une explosion sociale. Ce qui fait peur \u00e0 la classe poss\u00e9dante, c\u2019est l\u2019id\u00e9e que le pays pourrait s\u2019arr\u00eater, que l\u2019\u00e9conomie pourrait \u00eatre bloqu\u00e9e, et avec elle la machine \u00e0 profits. Une gr\u00e8ve g\u00e9n\u00e9rale illimit\u00e9e s\u2019impose donc.<\/p>\n\n\n\n<p>Parvenir \u00e0 une telle gr\u00e8ve implique de combattre, de l\u2019int\u00e9rieur et de l\u2019ext\u00e9rieur des syndicats, la politique de collaboration men\u00e9e par les directions conf\u00e9d\u00e9rales, et qui, quel que soit leur discours, nous conduisent de d\u00e9faite en d\u00e9faite. L\u2019autolimitation des luttes, c\u2019est l\u2019\u00e9chec assur\u00e9. Compter sur les \u00e9lections pour changer la donne \u2013 comme l\u2019ont souvent sugg\u00e9r\u00e9 les directions syndicales \u2013 on voit aussi maintenant que cela se heurte \u00e0 la fois aux institutions et au monarque \u00e9lys\u00e9en. Il faut donc trouver les voies d\u2019une politique alternative, celle d\u2019une lutte de classe intransigeante. Celle-ci implique de regrouper toutes celles et tous ceux qui veulent b\u00e2tir un vrai mouvement de gr\u00e8ve \u2013 ce qui ne s\u2019oppose pas \u00e0 d\u2019autres formes d\u2019action \u2013 afin de bloquer le pays. Les revendications ne manquent pas, tant les attaques et les r\u00e9gressions sociales et politiques ont \u00e9t\u00e9 vastes ces derni\u00e8res d\u00e9cennies. Mais ce qui suit devrait \u00eatre au c\u0153ur de la lutte \u00e0 construire.<\/p>\n\n\n\n<ul>\n<li><strong>Macron, d\u00e9gage !<\/strong><\/li>\n\n\n\n<li><strong>A bas le colonialisme&nbsp;! Solidarit\u00e9 avec le peuple kanak&nbsp;!<\/strong><\/li>\n\n\n\n<li><strong>Solidarit\u00e9 avec le peuple palestinien&nbsp;! Halte \u00e0 la complicit\u00e9 avec les g\u00e9nocidaires sionistes&nbsp;! Rupture des relations commerciales et diplomatiques avec Isra\u00ebl, arr\u00eat des ventes d\u2019armes&nbsp;!<\/strong><\/li>\n\n\n\n<li><strong>&nbsp;Organisons-nous pour pr\u00e9parer la gr\u00e8ve g\u00e9n\u00e9rale.<\/strong><\/li>\n<\/ul>\n\n\n\n<p><strong>&nbsp;&nbsp;&nbsp; &#8211; Pour le retrait de la r\u00e9forme des retraites<\/strong><\/p>\n\n\n\n<p><strong>&nbsp;&nbsp;&nbsp; &#8211; Pour l&rsquo;augmentation du SMIC et des minima sociaux<\/strong><\/p>\n\n\n\n<p><strong>&nbsp;&nbsp;&nbsp; &#8211; Non \u00e0 l&rsquo;augmentation des d\u00e9penses militaires et au plan d&rsquo;ajustement des d\u00e9ficits impos\u00e9 par l&rsquo;UE !<\/strong><\/p>\n\n\n\n<p><strong>&nbsp;&nbsp;&nbsp; &#8211; Plus de moyens pour sauver nos services publics, \u00e9trangl\u00e9s par l&rsquo;aust\u00e9rit\u00e9 : sant\u00e9, \u00e9ducation, transports&#8230;<\/strong><\/p>\n\n\n\n<hr class=\"wp-block-separator has-alpha-channel-opacity\"\/>\n\n\n\n<p><a href=\"#_ftnref1\" id=\"_ftn1\">[1]<\/a> <a href=\"https:\/\/www.mediapart.fr\/journal\/politique\/050924\/barnier-matignon-la-gauche-ecoeuree-les-macronistes-perplexes-le-rn-savoure\">https:\/\/www.mediapart.fr\/journal\/politique\/050924\/barnier-matignon-la-gauche-ecoeuree-les-macronistes-perplexes-le-rn-savoure<\/a><\/p>\n\n\n\n<p><a href=\"#_ftnref2\" id=\"_ftn2\">[2]<\/a> Idem.<\/p>\n\n\n\n<p><a href=\"#_ftnref3\" id=\"_ftn3\">[3]<\/a> Voir <a href=\"https:\/\/www.mediapart.fr\/journal\/politique\/050924\/michel-barnier-un-faux-modere-pousse-par-wauquiez-et-kohler\">https:\/\/www.mediapart.fr\/journal\/politique\/050924\/michel-barnier-un-faux-modere-pousse-par-wauquiez-et-kohler<\/a><\/p>\n\n\n\n<p><a href=\"#_ftnref4\" id=\"_ftn4\">[4]<\/a> <a href=\"https:\/\/www.bfmtv.com\/politique\/elysee\/sondage-bfmtv-barnier-premier-ministre-3-francais-sur-4-estiment-que-macron-n-a-pas-tenu-compte-des-resultats-des-legislatives_AN-202409060604.html\">https:\/\/www.bfmtv.com\/politique\/elysee\/sondage-bfmtv-barnier-premier-ministre-3-francais-sur-4-estiment-que-macron-n-a-pas-tenu-compte-des-resultats-des-legislatives_AN-202409060604.html<\/a><\/p>\n\n\n\n<p><a href=\"#_ftnref5\" id=\"_ftn5\">[5]<\/a> Si\u00e8ge du minist\u00e8re de l\u2019\u00c9conomie et des Finances.<\/p>\n","protected":false},"excerpt":{"rendered":"<p>Presque deux mois apr\u00e8s le vote du 7 juillet, Macron a enfin nomm\u00e9 un nouveau Premier ministre. Cette d\u00e9cision confirme le m\u00e9pris total de l\u2019\u00c9lys\u00e9e pour les r\u00e9sultats du second tour des l\u00e9gislatives anticip\u00e9es. Non seulement Michel Barnier lui offre toutes les garanties pour poursuivre la m\u00eame politique autoritaire d\u2019aust\u00e9rit\u00e9, de casse sociale, mais ses [&hellip;]<\/p>\n","protected":false},"author":9,"featured_media":71408,"comment_status":"open","ping_status":"open","sticky":false,"template":"","format":"standard","meta":{"footnotes":"","_jetpack_memberships_contains_paid_content":false},"categories":[3498,3499],"tags":[],"jetpack_sharing_enabled":true,"jetpack_featured_media_url":"https:\/\/i0.wp.com\/litci.org\/fr\/wp-content\/uploads\/2024\/09\/35531321-frankreichs-praesident-emmanuel-macron-und-der-neue-premier-michel-barnier-.jpg?fit=768%2C512&ssl=1","_links":{"self":[{"href":"https:\/\/litci.org\/fr\/wp-json\/wp\/v2\/posts\/71407"}],"collection":[{"href":"https:\/\/litci.org\/fr\/wp-json\/wp\/v2\/posts"}],"about":[{"href":"https:\/\/litci.org\/fr\/wp-json\/wp\/v2\/types\/post"}],"author":[{"embeddable":true,"href":"https:\/\/litci.org\/fr\/wp-json\/wp\/v2\/users\/9"}],"replies":[{"embeddable":true,"href":"https:\/\/litci.org\/fr\/wp-json\/wp\/v2\/comments?post=71407"}],"version-history":[{"count":1,"href":"https:\/\/litci.org\/fr\/wp-json\/wp\/v2\/posts\/71407\/revisions"}],"predecessor-version":[{"id":71409,"href":"https:\/\/litci.org\/fr\/wp-json\/wp\/v2\/posts\/71407\/revisions\/71409"}],"wp:featuredmedia":[{"embeddable":true,"href":"https:\/\/litci.org\/fr\/wp-json\/wp\/v2\/media\/71408"}],"wp:attachment":[{"href":"https:\/\/litci.org\/fr\/wp-json\/wp\/v2\/media?parent=71407"}],"wp:term":[{"taxonomy":"category","embeddable":true,"href":"https:\/\/litci.org\/fr\/wp-json\/wp\/v2\/categories?post=71407"},{"taxonomy":"post_tag","embeddable":true,"href":"https:\/\/litci.org\/fr\/wp-json\/wp\/v2\/tags?post=71407"}],"curies":[{"name":"wp","href":"https:\/\/api.w.org\/{rel}","templated":true}]}}