{"id":71315,"date":"2024-03-08T12:13:54","date_gmt":"2024-03-08T12:13:54","guid":{"rendered":"https:\/\/litci.org\/fr\/?p=71315"},"modified":"2024-03-08T12:13:56","modified_gmt":"2024-03-08T12:13:56","slug":"droit-a-lavortement-en-france-le-combat-continue","status":"publish","type":"post","link":"https:\/\/litci.org\/fr\/droit-a-lavortement-en-france-le-combat-continue\/","title":{"rendered":"Droit \u00e0 l&rsquo;avortement en France : le combat continue !"},"content":{"rendered":"\n<p><strong>Brune Ernst<\/strong><\/p>\n\n\n\n<p>&nbsp;&nbsp;&nbsp;&nbsp;&nbsp;&nbsp;&nbsp;&nbsp;&nbsp;&nbsp;&nbsp; Le lundi 4 mars 2024, le droit \u00e0 l&rsquo;interruption volontaire de grossesse (IVG) a \u00e9t\u00e9 inscrit dans la Constitution fran\u00e7aise, suite au vote des d\u00e9put\u00e9s r\u00e9unis en Congr\u00e8s \u00e0 Versailles. C&rsquo;est une victoire importante que nous pouvons c\u00e9l\u00e9brer, car elle est le fruit de nombreuses ann\u00e9es de lutte des mouvements f\u00e9ministes et sociaux, et plus largement de certaines organisations de gauche. En effet, c&rsquo;est d\u00e9j\u00e0 cette pression impos\u00e9e par les luttes qui a conduit la France insoumise en 2022 \u00e0 proposer l&rsquo;inscription de l&rsquo;avortement dans la Constitution.<\/p>\n\n\n\n<p>&nbsp;&nbsp;&nbsp;&nbsp;&nbsp;&nbsp;&nbsp;&nbsp;&nbsp;&nbsp;&nbsp; Mais cette avanc\u00e9e sert aujourd&rsquo;hui plus que tout les int\u00e9r\u00eats du gouvernement Macron, qui instrumentalise cette question \u00e0 la veille du 8 mars, alors que le mouvement f\u00e9ministe n&rsquo;a jamais \u00e9t\u00e9 aussi uni autour de la question de la gr\u00e8ve f\u00e9ministe en France.&nbsp; Nous ne devons pas \u00eatre dupes de cette d\u00e9cision.<\/p>\n\n\n\n<p>&nbsp;&nbsp;&nbsp;&nbsp;&nbsp;&nbsp;&nbsp;&nbsp;&nbsp;&nbsp;&nbsp; Bien s\u00fbr, le contexte international sur les droits reproductifs est pr\u00e9occupant. En Hongrie, en Pologne, aux Etats-Unis&#8230; le droit \u00e0 l&rsquo;avortement a r\u00e9gress\u00e9 ces derni\u00e8res ann\u00e9es et d&rsquo;autres pays peinent encore \u00e0 le d\u00e9velopper. C&rsquo;est un droit qui est loin d&rsquo;\u00eatre acquis, et cette fragilit\u00e9 p\u00e8se sur toutes les personnes concern\u00e9es \u00e0 travers le monde. De m\u00eame, en France, des centres de planning familial ont \u00e9t\u00e9 attaqu\u00e9s, l&rsquo;extr\u00eame droite progresse et avec elle un discours anti-avortement et pro-nataliste. Dans ce contexte, il est l\u00e9gitime qu&rsquo;une majorit\u00e9 de Fran\u00e7ais soutienne l&rsquo;inscription de l&rsquo;avortement dans la Constitution.<\/p>\n\n\n\n<p>&nbsp;&nbsp;&nbsp;&nbsp;&nbsp;&nbsp;&nbsp;&nbsp;&nbsp;&nbsp;&nbsp; Mais l&rsquo;extr\u00eame droite n&rsquo;est pas le seul parti \u00e0 menacer le droit \u00e0 l&rsquo;avortement, et le gouvernement actuel &#8211; qui entend \u00e9touffer la r\u00e9volte &#8211; ainsi que les gouvernements pr\u00e9c\u00e9dents portent une lourde responsabilit\u00e9 dans les d\u00e9cennies d&rsquo;obstruction \u00e0 ce droit. Par exemple, 130 centres d&rsquo;avortement ont \u00e9t\u00e9 ferm\u00e9s en France en 15 ans. Les m\u00e9dicaments abortifs manquent cruellement, les d\u00e9serts m\u00e9dicaux sont nombreux et la destruction des h\u00f4pitaux publics ne cesse de s&rsquo;aggraver. Il est donc difficile de se r\u00e9jouir pleinement de l&rsquo;inscription de l&rsquo;avortement dans la Constitution quand on sait quelle politique est r\u00e9ellement men\u00e9e.<\/p>\n\n\n\n<p>&nbsp;&nbsp;&nbsp;&nbsp;&nbsp;&nbsp;&nbsp;&nbsp;&nbsp;&nbsp;&nbsp; D&rsquo;ailleurs, le texte approuv\u00e9 est clair : il ajoute \u00e0 l&rsquo;article 34 de la Constitution la phrase suivante : \u00ab\u00a0La loi d\u00e9termine les conditions dans lesquelles s&rsquo;exerce la libert\u00e9 garantie aux femmes de recourir \u00e0 l&rsquo;interruption volontaire de grossesse\u00a0\u00bb. Ne nous y trompons pas : \u00ab\u00a0l&rsquo;exercice de la libert\u00e9\u00a0\u00bb, tel qu&rsquo;il appara\u00eet dans le texte, n&rsquo;\u00e9quivaut pas \u00e0 la garantie effective d&rsquo;un droit. Si un droit est opposable \u00e0 l&rsquo;Etat (en ce sens que l&rsquo;Etat doit tout faire pour le garantir), il n&rsquo;en va pas de m\u00eame pour une libert\u00e9. Une libert\u00e9 peut \u00eatre restreinte, mais un droit doit \u00eatre garanti.<\/p>\n\n\n\n<p>&nbsp;&nbsp;&nbsp;&nbsp;&nbsp;&nbsp;&nbsp;&nbsp;&nbsp;&nbsp;&nbsp; De plus, l&rsquo;utilisation du mot \u00ab\u00a0femme\u00a0\u00bb, pr\u00e9c\u00e9d\u00e9 de l&rsquo;article d\u00e9fini \u00ab\u00a0la\u00a0\u00bb, qui essentialise les femmes, n&rsquo;est pas anodine. Tant les transsexuels que les personnes non binaires pourraient \u00eatre emp\u00each\u00e9s de recourir \u00e0 l&rsquo;avortement.<\/p>\n\n\n\n<p>&nbsp;&nbsp;&nbsp;&nbsp;&nbsp;&nbsp;&nbsp;&nbsp;&nbsp;&nbsp; Enfin, il convient de noter que la France dispose d&rsquo;une double clause de conscience, qui permet aux m\u00e9decins, sages-femmes et infirmi\u00e8res de refuser de pratiquer un avortement pour des raisons morales ou religieuses. Autant d&rsquo;obstacles pour garantir l&rsquo;acc\u00e8s \u00e0 l&rsquo;avortement, comme le gouvernement Macron entend d\u00e9sormais le faire.<\/p>\n\n\n\n<p>&nbsp;&nbsp;&nbsp;&nbsp;&nbsp;&nbsp;&nbsp;&nbsp;&nbsp;&nbsp;&nbsp; Cette \u00e9volution doit nous encourager \u00e0 poursuivre la lutte et \u00e0 nous organiser massivement. L&rsquo;approche du 8 mars, qui porte plus que jamais en France l&rsquo;id\u00e9e d&rsquo;une gr\u00e8ve f\u00e9ministe, sera \u00e9galement l&rsquo;occasion de porter des revendications concr\u00e8tes pour les droits reproductifs, comme la r\u00e9ouverture des 130 centres d&rsquo;IVG ferm\u00e9s, un soutien financier plus important pour tous les centres existants et des moyens pour les services publics, notamment les h\u00f4pitaux&#8230; Luttons ensemble pour d\u00e9fendre le droit \u00e0 l&rsquo;avortement gratuit et effectif pour toutes !<\/p>\n","protected":false},"excerpt":{"rendered":"<p>Brune Ernst &nbsp;&nbsp;&nbsp;&nbsp;&nbsp;&nbsp;&nbsp;&nbsp;&nbsp;&nbsp;&nbsp; Le lundi 4 mars 2024, le droit \u00e0 l&rsquo;interruption volontaire de grossesse (IVG) a \u00e9t\u00e9 inscrit dans la Constitution fran\u00e7aise, suite au vote des d\u00e9put\u00e9s r\u00e9unis en Congr\u00e8s \u00e0 Versailles. C&rsquo;est une victoire importante que nous pouvons c\u00e9l\u00e9brer, car elle est le fruit de nombreuses ann\u00e9es de lutte des mouvements f\u00e9ministes et [&hellip;]<\/p>\n","protected":false},"author":9,"featured_media":71318,"comment_status":"open","ping_status":"open","sticky":false,"template":"","format":"standard","meta":{"footnotes":"","_jetpack_memberships_contains_paid_content":false},"categories":[3498,3507,3499,3501],"tags":[],"jetpack_sharing_enabled":true,"jetpack_featured_media_url":"https:\/\/i0.wp.com\/litci.org\/fr\/wp-content\/uploads\/2024\/03\/avortement.jpeg?fit=375%2C347&ssl=1","_links":{"self":[{"href":"https:\/\/litci.org\/fr\/wp-json\/wp\/v2\/posts\/71315"}],"collection":[{"href":"https:\/\/litci.org\/fr\/wp-json\/wp\/v2\/posts"}],"about":[{"href":"https:\/\/litci.org\/fr\/wp-json\/wp\/v2\/types\/post"}],"author":[{"embeddable":true,"href":"https:\/\/litci.org\/fr\/wp-json\/wp\/v2\/users\/9"}],"replies":[{"embeddable":true,"href":"https:\/\/litci.org\/fr\/wp-json\/wp\/v2\/comments?post=71315"}],"version-history":[{"count":1,"href":"https:\/\/litci.org\/fr\/wp-json\/wp\/v2\/posts\/71315\/revisions"}],"predecessor-version":[{"id":71316,"href":"https:\/\/litci.org\/fr\/wp-json\/wp\/v2\/posts\/71315\/revisions\/71316"}],"wp:featuredmedia":[{"embeddable":true,"href":"https:\/\/litci.org\/fr\/wp-json\/wp\/v2\/media\/71318"}],"wp:attachment":[{"href":"https:\/\/litci.org\/fr\/wp-json\/wp\/v2\/media?parent=71315"}],"wp:term":[{"taxonomy":"category","embeddable":true,"href":"https:\/\/litci.org\/fr\/wp-json\/wp\/v2\/categories?post=71315"},{"taxonomy":"post_tag","embeddable":true,"href":"https:\/\/litci.org\/fr\/wp-json\/wp\/v2\/tags?post=71315"}],"curies":[{"name":"wp","href":"https:\/\/api.w.org\/{rel}","templated":true}]}}