{"id":71179,"date":"2023-10-04T09:33:56","date_gmt":"2023-10-04T09:33:56","guid":{"rendered":"https:\/\/litci.org\/fr\/?p=71179"},"modified":"2023-10-04T09:33:59","modified_gmt":"2023-10-04T09:33:59","slug":"visite-du-roi-charles-iii-en-france-pendant-quils-se-delectaient-de-homard-a-versailles-nous-mastiquions-laborieusement-du-boulgour-en-cellule","status":"publish","type":"post","link":"https:\/\/litci.org\/fr\/visite-du-roi-charles-iii-en-france-pendant-quils-se-delectaient-de-homard-a-versailles-nous-mastiquions-laborieusement-du-boulgour-en-cellule\/","title":{"rendered":"Visite du roi Charles III en France : Pendant qu&rsquo;ils se d\u00e9lectaient de homard \u00e0 Versailles, nous mastiquions laborieusement du boulgour en cellule"},"content":{"rendered":"\n<p><em>Le communiqu\u00e9 qui est pr\u00e9sent\u00e9 ci-dessous a \u00e9t\u00e9 \u00e9crit par des camarades du CAIII (Comit\u00e9 d\u2019Action Interprofessionnel et Interg\u00e9n\u00e9rationnel d\u2019Issy-les-Moulineaux), un groupe militant qui s\u2019est form\u00e9 dans le cadre de la lutte de la TIRU 92, c\u2019est-\u00e0-dire de l\u2019incin\u00e9rateur de d\u00e9chets d\u2019Issy-les-Moulineaux (Hauts-de-Seine). Le CAIII porte plusieurs combats simultan\u00e9ment&nbsp;: pour relancer la lutte contre la r\u00e9forme des retraites de Macron, avec en particulier la campagne \u00ab&nbsp;Ne Tournons pas la Page&nbsp;\u00bb&nbsp;; contre la r\u00e9pression polici\u00e8re et judiciaire brutale voulue par la Macronie face \u00e0 la r\u00e9volte qui a secou\u00e9 les quartiers populaires suite \u00e0 l\u2019assassinat \u00e0 Nanterre (Hauts-de-Seine) de Nahel, 17 ans&nbsp;; contre le SNU (Service National Universel)&nbsp;; ou encore contre la mont\u00e9e des menaces fascistes, comme on a pu le remarquer pendant la derni\u00e8re \u00e0 Paris et ailleurs en France.<\/em><\/p>\n\n\n\n<p><em>Le 20 septembre, Charles III arrivait \u00e0 Paris et \u00e9tait accueilli avec un faste ind\u00e9cent et une d\u00e9bauche de symboles r\u00e9trogrades \u2013 \u00e0 commencer par le choix d\u2019un diner de gala \u00e0 l\u2019int\u00e9rieur m\u00eame du Ch\u00e2teau de Versailles, dans la c\u00e9l\u00e8bre Galerie des Glaces \u2013 par un locataire de l\u2019\u00c9lys\u00e9e qui se verrait bien dans la peau d\u2019un Louis XIV mais pourrait plus facilement finir comme Louis XVI, tant il fait l\u2019objet d\u2019une haine massive et inextinguible de la part d\u2019une majorit\u00e9 des classes populaires. Les hu\u00e9es immenses que le Pr\u00e9sident-apprenti-roitelet a d\u00fb r\u00e9cemment subir au Stade de France, lors de l\u2019ouverture de la Coupe du Monde de rugby, n\u2019en sont que l\u2019une des derni\u00e8res illustrations. Grand luxe et d\u00e9penses inconsid\u00e9r\u00e9es pour les \u00ab&nbsp;grands de ce monde&nbsp;\u00bb, arrestations arbitraires et garde \u00e0 vue ill\u00e9gale pour celles et ceux qui osaient d\u2019approcher \u2013 de loin \u2013 de l\u2019engeance royale et \u00e9lys\u00e9enne, c\u2019est ce que d\u00e9crit le communiqu\u00e9 ci-dessous.<\/em><\/p>\n\n\n\n<p class=\"has-text-align-right\">Par: Micha\u00ebl Lenoir, le 30 septembre 2023<\/p>\n\n\n\n<p><strong>Apr\u00e8s avoir annul\u00e9 sa visite pr\u00e9vue fin mars en raison de la mobilisation contre la r\u00e9forme des retraites, le roi d&rsquo;Angleterre est finalement venu en France la semaine derni\u00e8re. Pendant trois jours, des d\u00e9penses colossales se sont multipli\u00e9es de Paris \u00e0 Bordeaux en passant par Versailles, o\u00f9 180 c\u00e9l\u00e9brit\u00e9s, banquiers, vendeurs d&rsquo;armes et autres milliardaires ont savour\u00e9 homard bleu et macarons \u00e0 la rose, arros\u00e9s de grand crus d\u00e9passant les 2000\u20ac la bouteille. Le tout en pleine crise sociale, alors que les gueux gal\u00e8rent pour se nourrir, se loger et se chauffer.<\/strong><\/p>\n\n\n\n<figure class=\"wp-block-image size-large\"><img decoding=\"async\" loading=\"lazy\" width=\"696\" height=\"464\" src=\"https:\/\/i0.wp.com\/litci.org\/fr\/wp-content\/uploads\/2023\/10\/Plus-de-150-personnes-ont-participe-au-diner-d-Etat-en-l-honneur-de-Charles-III-a-Versailles-le-20-septembre-2023-1710603.jpg?resize=696%2C464\" alt=\"\" class=\"wp-image-71181\" srcset=\"https:\/\/i0.wp.com\/litci.org\/fr\/wp-content\/uploads\/2023\/10\/Plus-de-150-personnes-ont-participe-au-diner-d-Etat-en-l-honneur-de-Charles-III-a-Versailles-le-20-septembre-2023-1710603.jpg?resize=1024%2C682&amp;ssl=1 1024w, https:\/\/i0.wp.com\/litci.org\/fr\/wp-content\/uploads\/2023\/10\/Plus-de-150-personnes-ont-participe-au-diner-d-Etat-en-l-honneur-de-Charles-III-a-Versailles-le-20-septembre-2023-1710603.jpg?resize=300%2C200&amp;ssl=1 300w, https:\/\/i0.wp.com\/litci.org\/fr\/wp-content\/uploads\/2023\/10\/Plus-de-150-personnes-ont-participe-au-diner-d-Etat-en-l-honneur-de-Charles-III-a-Versailles-le-20-septembre-2023-1710603.jpg?resize=768%2C512&amp;ssl=1 768w, https:\/\/i0.wp.com\/litci.org\/fr\/wp-content\/uploads\/2023\/10\/Plus-de-150-personnes-ont-participe-au-diner-d-Etat-en-l-honneur-de-Charles-III-a-Versailles-le-20-septembre-2023-1710603.jpg?resize=150%2C100&amp;ssl=1 150w, https:\/\/i0.wp.com\/litci.org\/fr\/wp-content\/uploads\/2023\/10\/Plus-de-150-personnes-ont-participe-au-diner-d-Etat-en-l-honneur-de-Charles-III-a-Versailles-le-20-septembre-2023-1710603.jpg?resize=696%2C464&amp;ssl=1 696w, https:\/\/i0.wp.com\/litci.org\/fr\/wp-content\/uploads\/2023\/10\/Plus-de-150-personnes-ont-participe-au-diner-d-Etat-en-l-honneur-de-Charles-III-a-Versailles-le-20-septembre-2023-1710603.jpg?resize=1068%2C712&amp;ssl=1 1068w, https:\/\/i0.wp.com\/litci.org\/fr\/wp-content\/uploads\/2023\/10\/Plus-de-150-personnes-ont-participe-au-diner-d-Etat-en-l-honneur-de-Charles-III-a-Versailles-le-20-septembre-2023-1710603.jpg?w=1160&amp;ssl=1 1160w\" sizes=\"(max-width: 696px) 100vw, 696px\" data-recalc-dims=\"1\" \/><figcaption class=\"wp-element-caption\">Plus de 150 personnes ont particip\u00e9 au d\u00eener d&rsquo;Etat en l&rsquo;honneur de Charles III, \u00e0 Versailles le 20 septembre 2023\n\n\u00a9 Daniel LEAL \/ POOL \/ AFP<\/figcaption><\/figure>\n\n\n\n<p><strong>Une arrestation pr\u00e9ventive<\/strong><\/p>\n\n\n\n<p>Mercredi 20 septembre, en d\u00e9but d&rsquo;apr\u00e8s-midi, Macron et le roi devaient descendre les Champs \u00c9lys\u00e9es apr\u00e8s une c\u00e9r\u00e9monie militaire au pied de l&rsquo;Arc de Triomphe. Trois de nos camarades ont tent\u00e9 de s&rsquo;approcher pour accueillir les souverains et rappeler que le climat social ne s&rsquo;est en rien apais\u00e9 depuis mars.<\/p>\n\n\n\n<p>Avant d&rsquo;avoir pu apercevoir la moindre t\u00eate couronn\u00e9e, \u00e0 bonne distance du parcours des \u00ab&nbsp;grands&nbsp;\u00bb, iels ont \u00e9t\u00e9 arr\u00eat\u00e9.e.s par l&rsquo;\u00e9norme dispositif policier, contr\u00f4l\u00e9.e.s, fouill\u00e9.e.s et verbalis\u00e9.e.s d&rsquo;une amende de 135\u20ac pour \u00ab&nbsp;participation \u00e0 une manifestation interdite&nbsp;\u00bb. Puis iels ont \u00e9t\u00e9 plac\u00e9.e.s en garde \u00e0 vue. Motif ? Outrage \u00e0 personne d\u00e9positaire de l&rsquo;autorit\u00e9 publique en r\u00e9union. Arme du crime ? Une banderole portant l&rsquo;inscription \u00ab&nbsp;All Kings Are Bastards&nbsp;\u00bb, accompagn\u00e9e des visages de Charles III et Emmanuel 0.<\/p>\n\n\n\n<p>Nos camarades ont pass\u00e9 21h dans une ge\u00f4le parisienne, pour une banderole roul\u00e9e au fond d&rsquo;un sac qui n&rsquo;a m\u00eame pas eu l&rsquo;occasion d&rsquo;\u00eatre d\u00e9ploy\u00e9e. Le soir, alors que les puissants faisaient bombance dans la Galerie des Glaces, iels ont mang\u00e9 du boulgour mal cuit dans des cellules sentant l\u2019urine. S&rsquo;iels ont heureusement pu voir leurs avocat.e.s, apr\u00e8s avoir \u00e9t\u00e9 interrog\u00e9.e.s \u00e0 une heure tardive par un officier de police judiciaire, iels ont dormi sur de minces matelas en plastique \u00e0 m\u00eame le b\u00e9ton, avec pour seule alternative au froid des couvertures \u00e0 la propret\u00e9 douteuse. Le tout accompagn\u00e9 de quelques railleries de certains policiers, qui les ont notamment qualifi\u00e9.e.s d&rsquo;\u00ab&nbsp;animaux&nbsp;\u00bb.<\/p>\n\n\n\n<p><strong>\u00ab&nbsp;<\/strong><em><strong>C&rsquo;est pas la Cor\u00e9e du Nord ici<\/strong><\/em><strong>&nbsp;\u00bb<\/strong><\/p>\n\n\n\n<p>Pendant qu&rsquo;il scannait ses empreintes digitales pour les ficher, un agent de police scientifique narguait un.e de nos camarades: \u00ab&nbsp;<em>tout ce qu&rsquo;on fait ici c&rsquo;est inscrit dans la loi, vous savez. La France c&rsquo;est un \u00e9tat de droit, pas une monarchie. Depuis le 4 ao\u00fbt 1789, \u00e7a vous dit quelque chose cette date&nbsp;? C&rsquo;est pas la Cor\u00e9e du Nord ici.&nbsp;<\/em>\u00bb<\/p>\n\n\n\n<p>N&rsquo;en d\u00e9plaise \u00e0 ce policier, ces membres du CAIII ont \u00e9t\u00e9 arr\u00eat\u00e9.e.s de fa\u00e7on pr\u00e9ventive pour les emp\u00eacher de diffuser leurs id\u00e9es. C&rsquo;est pourtant une libert\u00e9 fondamentale garantie par la D\u00e9claration des Droits de l&rsquo;Homme et du Citoyen, et un acquis de la R\u00e9volution Fran\u00e7aise.&nbsp;<\/p>\n\n\n\n<p>La m\u00eame semaine, Ariane Lavrilleux, journaliste de Disclose, \u00e9tait perquisitionn\u00e9e et plac\u00e9e en garde \u00e0 vue par la DGSI pour son travail d&rsquo;enqu\u00eate sur une op\u00e9ration militaire fran\u00e7aise en \u00c9gypte, suite \u00e0 laquelle une plainte a \u00e9t\u00e9 d\u00e9pos\u00e9e contre la France pour \u00ab&nbsp;complicit\u00e9 de crime contre l&rsquo;humanit\u00e9&nbsp;\u00bb. Le lendemain, ce sont trois journalistes de Lib\u00e9ration qui sont convoqu\u00e9s par la police suite \u00e0 une s\u00e9rie d&rsquo;articles sur le meurtre d&rsquo;Amine Leknoune par un policier, et se sont vus accus\u00e9s notamment de \u00ab&nbsp;violation du secret de l&rsquo;instruction&nbsp;\u00bb et de \u00ab&nbsp;diffamation publique \u00e0 raison de la fonction de d\u00e9positaire de l&rsquo;autorit\u00e9 publique&nbsp;\u00bb. En juin dernier, un photojournaliste qui avait couvert une action de d\u00e9sob\u00e9issance civile contre le cimentier Lafarge avait lui aussi \u00e9t\u00e9 mis en examen pour \u00ab&nbsp;association de malfaiteurs&nbsp;\u00bb.<\/p>\n\n\n\n<p>Ces attaques contre la libert\u00e9 de la presse et la libert\u00e9 d&rsquo;expression ne sont pas des cas isol\u00e9s. Le 6 septembre, le dirigeant syndical S\u00e9bastien Menesplier \u00e9tait convoqu\u00e9 par la gendarmerie, du fait des gr\u00e8ves des \u00e9nerg\u00e9ticiens pendant le conflit contre la r\u00e9forme des retraites. Ce sont des centaines de syndicalistes qui sont confront\u00e9s \u00e0 la r\u00e9pression de l\u2019\u00e9tat et de leur employeur pendant ce conflit. Le 10 septembre, suite aux sifflets qui ont accompagn\u00e9 le discours de Macron lors de l&rsquo;ouverture de la coupe du monde de Rugby, un d\u00e9put\u00e9 de la majorit\u00e9 a propos\u00e9 l\u2019interdiction des gr\u00e8ves pendant les grands \u00e9v\u00e9nements sportifs. Nous n\u2019oublions pas que Macron, pour couper cours au soul\u00e8vement de la jeunesse cet \u00e9t\u00e9, a \u00e9galement d\u00e9ploy\u00e9 l\u2019arm\u00e9e, le GIGN et le RAID. Nous n&rsquo;oublions pas non plus la proc\u00e9dure de dissolution engag\u00e9e contre les Soul\u00e8vements de la Terre, la r\u00e9pression violente des manifestations de Sainte-Soline et de la r\u00e9forme des retraites, les interdictions \u00e0 r\u00e9p\u00e9tition de manifestations contre le racisme d\u00e9but juillet. Oui, en France, il y a comme un avant-go\u00fbt de contre-r\u00e9volution p\u00e9tainiste.<\/p>\n\n\n\n<p><strong>Unit\u00e9 pour la d\u00e9fense des libert\u00e9s d\u00e9mocratiques<\/strong><\/p>\n\n\n\n<p>Nos camarades sont sorti.e.s du commissariat le lendemain midi avec un \u00ab&nbsp;classement sans suite&nbsp;\u00bb. La police et la justice n\u2019avaient donc rien \u00e0 leur reprocher. Iels ont bien \u00e9t\u00e9 arr\u00eat\u00e9.e.s dans le seul but de les emp\u00eacher de manifester, pendant 21h, et de les intimider. 21h de leur vie ont \u00e9t\u00e9 vol\u00e9es, pour rien. Heureusement, iels sont unanimes&nbsp;: cette nouvelle exp\u00e9rience r\u00e9pressive les a confort\u00e9s dans leur conviction qu\u2019il faut continuer de se mobiliser contre Macron, son monde et sa politique.<\/p>\n\n\n\n<p>Le CAIII consid\u00e8re que la d\u00e9mocratie est en danger, aujourd\u2019hui, en 2023. Il y a urgence \u00e0 ce que les d\u00e9fenseurs des droits de l\u2019homme, les militants \u00e9cologistes, les associations, les syndicats, les partis politiques se r\u00e9clamant du mouvement ouvrier m\u00e8nent une campagne commune, et permanente, de mobilisation en faveur de la d\u00e9fense des droits de l\u2019homme et des libert\u00e9s d\u00e9mocratiques. Nous devons lutter \u00e0 la fois contre les r\u00e9formes anti-sociales de Macron et les remises en cause des libert\u00e9s fondamentales. Les deux vont de pair. Elles exigent l\u2019unit\u00e9.<\/p>\n\n\n\n<figure class=\"wp-block-image size-full\"><img decoding=\"async\" loading=\"lazy\" width=\"696\" height=\"482\" src=\"https:\/\/i0.wp.com\/litci.org\/fr\/wp-content\/uploads\/2023\/10\/MacronRoi_Com_last.png?resize=696%2C482&#038;ssl=1\" alt=\"\" class=\"wp-image-71183\" srcset=\"https:\/\/i0.wp.com\/litci.org\/fr\/wp-content\/uploads\/2023\/10\/MacronRoi_Com_last.png?w=883&amp;ssl=1 883w, https:\/\/i0.wp.com\/litci.org\/fr\/wp-content\/uploads\/2023\/10\/MacronRoi_Com_last.png?resize=300%2C208&amp;ssl=1 300w, https:\/\/i0.wp.com\/litci.org\/fr\/wp-content\/uploads\/2023\/10\/MacronRoi_Com_last.png?resize=768%2C531&amp;ssl=1 768w, https:\/\/i0.wp.com\/litci.org\/fr\/wp-content\/uploads\/2023\/10\/MacronRoi_Com_last.png?resize=150%2C104&amp;ssl=1 150w, https:\/\/i0.wp.com\/litci.org\/fr\/wp-content\/uploads\/2023\/10\/MacronRoi_Com_last.png?resize=218%2C150&amp;ssl=1 218w, https:\/\/i0.wp.com\/litci.org\/fr\/wp-content\/uploads\/2023\/10\/MacronRoi_Com_last.png?resize=696%2C482&amp;ssl=1 696w\" sizes=\"(max-width: 696px) 100vw, 696px\" data-recalc-dims=\"1\" \/><figcaption class=\"wp-element-caption\"><br><br><br><em>Le communiqu\u00e9 du CAIII envoy\u00e9 aux r\u00e9seaux sociaux.<\/em><\/figcaption><\/figure>\n","protected":false},"excerpt":{"rendered":"<p>Le communiqu\u00e9 qui est pr\u00e9sent\u00e9 ci-dessous a \u00e9t\u00e9 \u00e9crit par des camarades du CAIII (Comit\u00e9 d\u2019Action Interprofessionnel et Interg\u00e9n\u00e9rationnel d\u2019Issy-les-Moulineaux), un groupe militant qui s\u2019est form\u00e9 dans le cadre de la lutte de la TIRU 92, c\u2019est-\u00e0-dire de l\u2019incin\u00e9rateur de d\u00e9chets d\u2019Issy-les-Moulineaux (Hauts-de-Seine). Le CAIII porte plusieurs combats simultan\u00e9ment&nbsp;: pour relancer la lutte contre la [&hellip;]<\/p>\n","protected":false},"author":9,"featured_media":71180,"comment_status":"open","ping_status":"open","sticky":false,"template":"","format":"standard","meta":{"footnotes":"","_jetpack_memberships_contains_paid_content":false},"categories":[3498,3499],"tags":[],"jetpack_sharing_enabled":true,"jetpack_featured_media_url":"https:\/\/i0.wp.com\/litci.org\/fr\/wp-content\/uploads\/2023\/10\/MacronRoi_1.webp?fit=2240%2C1260&ssl=1","_links":{"self":[{"href":"https:\/\/litci.org\/fr\/wp-json\/wp\/v2\/posts\/71179"}],"collection":[{"href":"https:\/\/litci.org\/fr\/wp-json\/wp\/v2\/posts"}],"about":[{"href":"https:\/\/litci.org\/fr\/wp-json\/wp\/v2\/types\/post"}],"author":[{"embeddable":true,"href":"https:\/\/litci.org\/fr\/wp-json\/wp\/v2\/users\/9"}],"replies":[{"embeddable":true,"href":"https:\/\/litci.org\/fr\/wp-json\/wp\/v2\/comments?post=71179"}],"version-history":[{"count":1,"href":"https:\/\/litci.org\/fr\/wp-json\/wp\/v2\/posts\/71179\/revisions"}],"predecessor-version":[{"id":71184,"href":"https:\/\/litci.org\/fr\/wp-json\/wp\/v2\/posts\/71179\/revisions\/71184"}],"wp:featuredmedia":[{"embeddable":true,"href":"https:\/\/litci.org\/fr\/wp-json\/wp\/v2\/media\/71180"}],"wp:attachment":[{"href":"https:\/\/litci.org\/fr\/wp-json\/wp\/v2\/media?parent=71179"}],"wp:term":[{"taxonomy":"category","embeddable":true,"href":"https:\/\/litci.org\/fr\/wp-json\/wp\/v2\/categories?post=71179"},{"taxonomy":"post_tag","embeddable":true,"href":"https:\/\/litci.org\/fr\/wp-json\/wp\/v2\/tags?post=71179"}],"curies":[{"name":"wp","href":"https:\/\/api.w.org\/{rel}","templated":true}]}}