{"id":71172,"date":"2023-10-04T09:18:46","date_gmt":"2023-10-04T09:18:46","guid":{"rendered":"https:\/\/litci.org\/fr\/?p=71172"},"modified":"2023-10-04T09:39:20","modified_gmt":"2023-10-04T09:39:20","slug":"keolis-montesson-la-greve-tient-bon-malgre-le-sombre-jeu-de-la-direction","status":"publish","type":"post","link":"https:\/\/litci.org\/fr\/keolis-montesson-la-greve-tient-bon-malgre-le-sombre-jeu-de-la-direction\/","title":{"rendered":"Keolis Montesson\u00a0: la gr\u00e8ve tient bon malgr\u00e9 le sombre jeu de la direction."},"content":{"rendered":"\n<p><em>Dans notre pr\u00e9c\u00e9dent article, publi\u00e9 le 21 septembre, nous \u00e9voquions les raisons de la gr\u00e8ve illimit\u00e9e au d\u00e9p\u00f4t de bus de Montesson (Yvelines) du transporteur Keolis, et nous donnions la parole \u00e0 plusieurs gr\u00e9vistes, interview\u00e9.es le lundi 18. Une douzaine de jours plus tard, la gr\u00e8ve tient toujours bon, et le vendredi 29 septembre, les travailleurs\/ses en lutte ont d\u00e9cid\u00e9 la poursuite du mouvement pour la premi\u00e8re semaine d\u2019octobre, \u00e0 compter du lundi 2.<\/em><\/p>\n\n\n\n<p><em>Le bras de fer se poursuit entre les travailleurs\/ses du d\u00e9p\u00f4t de Montesson, \u00e0 la combativit\u00e9 remarquable, et une direction qui misait sur le pourrissement de la gr\u00e8ve et qui commence \u00e0 se rendre compte que son calcul n\u2019\u00e9tait pas tout \u00e0 fait le bon&#8230;<\/em><\/p>\n\n\n\n<p class=\"has-text-align-right\">Par: Micha\u00ebl Lenoir, le 2 octobre 2023<\/p>\n\n\n\n<p>Quelques \u00e9v\u00e8nements sont venus ponctuer cette lutte depuis ces interviews.<\/p>\n\n\n\n<p><strong>Une r\u00e9union bidon convoqu\u00e9e par le patron<\/strong><\/p>\n\n\n\n<p>Le jeudi 20, la direction de la boite convoquait une r\u00e9union avec l\u2019ensemble des organisations syndicales, y compris celles oppos\u00e9es \u00e0 la gr\u00e8ve, mais cela ressemblait \u00e0 une vulgaire man\u0153uvre destin\u00e9e avant tout \u00e0 faire croire aux client.es et aux municipalit\u00e9s affect\u00e9es par la gr\u00e8ve que le blocage venait des gr\u00e9vistes et non pas d\u2019elle. Les propositions de la direction lors de cette r\u00e9union \u00e9taient tellement minables qu\u2019elles relevaient de la provocation.<\/p>\n\n\n\n<p>Amine, d\u00e9l\u00e9gu\u00e9 syndical Sud Solidaires \u00e0 Montesson, raconte&nbsp;: \u00ab&nbsp;<em>Nous sommes tous partis au rendez-vous&nbsp;; nous \u00e9tions une quarantaine de gr\u00e9vistes. On a fait du bruit en arrivant, on a eu les services de s\u00e9curit\u00e9, on a eu les huissiers<\/em>&nbsp;\u00bb. Les patrons avaient mis trois points \u00e0 l\u2019ordre du jour&nbsp;:<\/p>\n\n\n\n<p>1. <strong>La gr\u00e8ve<\/strong>. Amine r\u00e9sume le baratin de la direction, ce n\u2019\u00e9tait \u00ab&nbsp;<em>pas inadmissible, mais presque, de se mettre en gr\u00e8ve et de prendre en otage les clients<\/em>\u2026&nbsp;\u00bb.<\/p>\n\n\n\n<p>2. Un la\u00efus des patrons \u00e0 propos \u2013 dixit Amine \u2013 des \u00ab&nbsp;accords favorables aux salari\u00e9s et du \u2018<em>progr\u00e8s\u2019<\/em>&nbsp;\u00bb r\u00e9alis\u00e9 depuis d\u00e9but 2023, avec une ouverture vers l\u2019organisation de travaux sur <strong>l\u2019organisation du travail<\/strong>. Mais pour le d\u00e9l\u00e9gu\u00e9 Sud, \u00ab&nbsp;cela ne veut rien dire, \u00e7a se r\u00e9sume \u00e0 des r\u00e9unions CSE&nbsp;\u00bb.<\/p>\n\n\n\n<p>3. Le patron, \u00e9trangement, a pos\u00e9 la question de savoir <strong>ce que les gr\u00e9vistes attendaient <\/strong>de cette r\u00e9union, alors que c\u2019est la direction qui l\u2019avait convoqu\u00e9e apr\u00e8s 10 jours de gr\u00e8ve\u2026 La question lui a \u00e9t\u00e9 retourn\u00e9e&nbsp;: quelles propositions de la direction, quel espoir&nbsp;? Amine r\u00e9sume la seule \u00ab&nbsp;proposition&nbsp;\u00bb faite par le chef&nbsp;: \u00ab&nbsp;<em>il pourrait <strong>lisser les jours de gr\u00e8ve sur les mois \u00e0 venir<\/strong>, pour ne pas qu\u2019on perde beaucoup de salaire d\u2019un seul coup<\/em>&nbsp;\u00bb. Du coup, les syndiqu\u00e9.es Sud ont quitt\u00e9 la salle mis fin \u00e0 la mascarade qui s\u2019y d\u00e9roulait. Celle-ci n\u2019aura dur\u00e9 qu\u2019une quinzaine de minutes. Pour Omar, charg\u00e9 de communication au sein de Sud Solidaires, le patron \u00ab&nbsp;<em>s\u2019est moqu\u00e9 de nous&nbsp;; il ne nous prend pas au s\u00e9rieux. Il y a du m\u00e9pris de la direction<\/em>&nbsp;\u00bb. Alors pourquoi cette r\u00e9union&nbsp;? Selon Omar&nbsp;: \u00ab&nbsp;<em>ils ont la pression des mairies, des habitants de Montesson, de Chatou<\/em>&nbsp;\u00bb, etc.<\/p>\n\n\n\n<p><strong>Quid des autres organisations syndicales ?<\/strong><\/p>\n\n\n\n<p>FO a boycott\u00e9 la r\u00e9union sans donner d\u2019explications. La CGT, fort minoritaire \u00e0 Argenteuil, \u00e9tait pr\u00e9sente \u00e0 la r\u00e9union et s\u2019est positionn\u00e9e du c\u00f4t\u00e9 des gr\u00e9vistes de Montesson. Et l\u2019UNSA, pr\u00e9cise Omar, \u00ab&nbsp;a perdu sa langue&nbsp;!&nbsp;\u00bb, ne disant pas un mot lors de la r\u00e9union\u2026<\/p>\n\n\n\n<p>R\u00e9sultat, toujours selon Omar&nbsp;: cette r\u00e9union a \u00e9t\u00e9 prise comme une insulte, ou comme l\u2019exprime Sacko, \u00e9galement pr\u00e9sent sur place, une \u00ab&nbsp;<em>humiliation<\/em>&nbsp;\u00bb, une \u00ab&nbsp;<em>claque<\/em>&nbsp;\u00bb donn\u00e9e aux gr\u00e9vistes. Pour Omar, cela incite \u00e0 faire <em>\u00ab&nbsp;durer le mouvement de gr\u00e8ve et \u00e0 le durcir en m\u00eame temps&nbsp;<\/em>\u00bb. Il ajoute&nbsp;: \u00ab&nbsp;<em>On sera l\u00e0, qu\u2019il pleuve, qu\u2019il neige, qu\u2019il vente&nbsp;!&nbsp;<\/em>\u00bb. Une d\u00e9termination redoubl\u00e9e, qui est confirm\u00e9e par les autres gr\u00e9vistes pr\u00e9sent.es sur le piquet ce 21 septembre.<\/p>\n\n\n\n<p>Apr\u00e8s cette r\u00e9union bidon, une note d\u2019information de la direction venait d\u2019ailleurs confirmer la l\u2019obstination de cette derni\u00e8re \u00e0 ne pas bouger d\u2019un iota, tout en pr\u00e9cisant que son offre g\u00e9n\u00e9reuse de lisser les retraits sur salaires pour jours de gr\u00e8ve n\u2019\u00e9tait valable qui si elle \u00e9tait accept\u00e9e imm\u00e9diatement, avec une r\u00e9ponse exig\u00e9e avant le lundi 25 septembre&#8230; Cette provocation doubl\u00e9e d\u2019une intimidation \u00e9tait rejet\u00e9e par l\u2019ensemble des gr\u00e9vistes, qui d\u00e9cidaient de poursuivre leur gr\u00e8ve toute la semaine suivante.<\/p>\n\n\n\n<p><strong>Du 25 au 29 septembre, nouvelle semaine de lutte&nbsp;: la gr\u00e8ve tient bon&nbsp;!<\/strong><\/p>\n\n\n\n<p>La semaine qui vient de s\u2019\u00e9couler a vu quelques nouveaut\u00e9s et initiatives qui ont, sans nul doute, contribu\u00e9 \u00e0 renforcer le moral des gr\u00e9vistes, tout en \u00e9levant quelque peu le rapport de forces contre les patrons.<\/p>\n\n\n\n<figure class=\"wp-block-image size-full\"><img decoding=\"async\" loading=\"lazy\" width=\"696\" height=\"492\" src=\"https:\/\/i0.wp.com\/litci.org\/fr\/wp-content\/uploads\/2023\/10\/KeolisII_2.png?resize=696%2C492&#038;ssl=1\" alt=\"\" class=\"wp-image-71174\" srcset=\"https:\/\/i0.wp.com\/litci.org\/fr\/wp-content\/uploads\/2023\/10\/KeolisII_2.png?w=988&amp;ssl=1 988w, https:\/\/i0.wp.com\/litci.org\/fr\/wp-content\/uploads\/2023\/10\/KeolisII_2.png?resize=300%2C212&amp;ssl=1 300w, https:\/\/i0.wp.com\/litci.org\/fr\/wp-content\/uploads\/2023\/10\/KeolisII_2.png?resize=768%2C543&amp;ssl=1 768w, https:\/\/i0.wp.com\/litci.org\/fr\/wp-content\/uploads\/2023\/10\/KeolisII_2.png?resize=150%2C106&amp;ssl=1 150w, https:\/\/i0.wp.com\/litci.org\/fr\/wp-content\/uploads\/2023\/10\/KeolisII_2.png?resize=696%2C492&amp;ssl=1 696w\" sizes=\"(max-width: 696px) 100vw, 696px\" data-recalc-dims=\"1\" \/><figcaption class=\"wp-element-caption\"><em>Remise de ch\u00e8ques au piquet de gr\u00e8ve de Keolis Montesson<\/em><\/figcaption><\/figure>\n\n\n\n<p>D\u2019abord, plusieurs ch\u00e8ques sont parvenus aux gr\u00e9vistes, et ont \u00e9t\u00e9 remis \u00e0 ces derniers ces derniers jours, de la part de structures syndicales Solidaires, notamment Sud \u00c9ducation 78 et Sud Rail, avec le soutien de F. Villedieu et E. Meyer mais aussi en provenance d\u2019\u00e9lus LFI (W. Martinet, d\u00e9put\u00e9 des Yvelines&nbsp;; et P. Vannier, dans le Val d\u2019Oise). M\u00eame si le montant de la cagnotte des Keolis reste tr\u00e8s insuffisant, c\u2019est toujours \u00e7a de pris&nbsp;! N\u2019h\u00e9sitez surtout pas \u00e0 leur t\u00e9moigner votre soutien mat\u00e9riel&nbsp;; le lien est celui-ci&nbsp;: <a href=\"https:\/\/www.leetchi.com\/fr\/c\/conducteurs-de-bus-montesson-la-boucle-2773262?utm_source=copylink&amp;utm_medium=social_sharing\">https:\/\/www.leetchi.com\/fr\/c\/conducteurs-de-bus-montesson-la-boucle-2773262?utm_source=copylink&amp;utm_medium=social_sharing<\/a><\/p>\n\n\n\n<p>Le mercredi 27, une petite vir\u00e9e des gr\u00e9vistes au bunker de la direction, \u00e0 Argenteuil, leur a permis de faire entendre leur l\u00e9gitime col\u00e8re et de mettre un joli petit coup de pression \u00e0 une direction toujours claquemur\u00e9e dans son refus de n\u00e9gocier. Sir\u00e8nes, cris, exigences exprim\u00e9es au m\u00e9gaphone de voir M. Crollet, le directeur. Ce dernier n\u2019a pas d\u00fb appr\u00e9cier.<\/p>\n\n\n\n<p>Vendredi 29, la CGT, pr\u00e9sente sur le d\u00e9p\u00f4t d\u2019Argenteuil, avait d\u00e9cid\u00e9 d\u2019une journ\u00e9e de gr\u00e8ve en soutien avec les travailleurs\/ses de Montesson, et des gr\u00e9vistes d\u2019Argenteuil \u00e9taient pr\u00e9sentes sur le piquet, et les discussions allaient bon train.<\/p>\n\n\n\n<p>Le m\u00eame jour, en compagnie de certains soutiens, dont Anasse Kazib de Sud Rail Paris Nord, une charmante petite excursion a conduit les gr\u00e9vistes \u00e0 la mairie de Montesson, afin de dialoguer avec Mme la Maire (LR) ou avec des adjoint.es de celle-ci. Les premiers interlocuteurs des Keolis en lutte n\u2019\u00e9taient gu\u00e8re politiques\u2026 C\u2019\u00e9tait la police municipale, qui semblait vouloir d\u00e9finir les r\u00e8gles du dialogue au nom de l\u2019\u00e9dile. Puis l\u2019adjointe \u00e0 cette derni\u00e8re, \u00e9galement \u00e9lue au Conseil r\u00e9gional d\u00e9clarait qu\u2019elle allait transmettre ces infos et ces exigences \u00e0 Val\u00e9rie P\u00e9cresse, la pr\u00e9sidente (LR aussi) de la R\u00e9gion Ile de France.<\/p>\n\n\n\n<p><strong>Solidarit\u00e9, par-del\u00e0 les fronti\u00e8res<\/strong><\/p>\n\n\n\n<p>Au long de la semaine, des messages de solidarit\u00e9 ont afflu\u00e9 aupr\u00e8s des gr\u00e9vistes de Keolis Montesson, notamment au niveau international. Des communiqu\u00e9s de soutien en provenance du R\u00e9seau Syndical International de Solidarit\u00e9 et de Luttes (RSISL), en fran\u00e7ais, en anglais et en portugais. C\u2019est ici&nbsp;: <a href=\"https:\/\/laboursolidarity.org\/pt\/n\/2871\/apoiamos-os-grevistas-no-deposito-de-onibus-da-keolis-em-montesson-yvelines \">https:\/\/laboursolidarity.org\/pt\/n\/2871\/apoiamos-os-grevistas-no-deposito-de-onibus-da-keolis-em-montesson-yvelines <\/a><\/p>\n\n\n\n<figure class=\"wp-block-image size-large\"><img decoding=\"async\" loading=\"lazy\" width=\"696\" height=\"388\" src=\"https:\/\/i0.wp.com\/litci.org\/fr\/wp-content\/uploads\/2023\/10\/KeolisII_3-1.png?resize=696%2C388\" alt=\"\" class=\"wp-image-71187\" srcset=\"https:\/\/i0.wp.com\/litci.org\/fr\/wp-content\/uploads\/2023\/10\/KeolisII_3-1.png?resize=1024%2C571&amp;ssl=1 1024w, https:\/\/i0.wp.com\/litci.org\/fr\/wp-content\/uploads\/2023\/10\/KeolisII_3-1.png?resize=300%2C167&amp;ssl=1 300w, https:\/\/i0.wp.com\/litci.org\/fr\/wp-content\/uploads\/2023\/10\/KeolisII_3-1.png?resize=768%2C428&amp;ssl=1 768w, https:\/\/i0.wp.com\/litci.org\/fr\/wp-content\/uploads\/2023\/10\/KeolisII_3-1.png?resize=150%2C84&amp;ssl=1 150w, https:\/\/i0.wp.com\/litci.org\/fr\/wp-content\/uploads\/2023\/10\/KeolisII_3-1.png?resize=696%2C388&amp;ssl=1 696w, https:\/\/i0.wp.com\/litci.org\/fr\/wp-content\/uploads\/2023\/10\/KeolisII_3-1.png?resize=1068%2C595&amp;ssl=1 1068w, https:\/\/i0.wp.com\/litci.org\/fr\/wp-content\/uploads\/2023\/10\/KeolisII_3-1.png?w=1150&amp;ssl=1 1150w\" sizes=\"(max-width: 696px) 100vw, 696px\" data-recalc-dims=\"1\" \/><figcaption class=\"wp-element-caption\"><em>Soutien du RSISL aux gr\u00e9vistes de Keolis Montesson<\/em><\/figcaption><\/figure>\n\n\n\n<p>De la part de <em>Corriente Roja<\/em>, organisation de la LIT-QI dans l\u2019Etat espagnol, et du syndicat CoBas de l\u2019EMT (Entreprise Madril\u00e8ne de Transports), qui g\u00e8re le r\u00e9seau de bus dans la capitale de ce pays. D\u2019autres t\u00e9moignages de solidarit\u00e9 internationale devraient continuer \u00e0 affluer, sachant qu\u2019il existe toujours un d\u00e9lai entre les appels lanc\u00e9s et les d\u00e9cisions concr\u00e8tes, car les instances doivent bien s\u00fbr se r\u00e9unir et d\u00e9cider concr\u00e8tement, avant qu\u2019un message ou une aide mat\u00e9rielle ne soient transmis.<\/p>\n\n\n\n<p>Tous ces \u00e9l\u00e9ments ont sans doute donn\u00e9 encore plus de courage aux gr\u00e9vistes, et ces dernier.es, le vendredi 29, d\u00e9cidaient la poursuite du mouvement pour la semaine qui s\u2019ouvre, du 2 au 6 octobre. C\u2019est dans ce contexte que les syndicalistes de Montesson apprenaient qu\u2019une intervention polici\u00e8re avec huissiers s\u2019appr\u00eatait \u00e0 d\u00e9gager le piquet de gr\u00e8ve de Montesson d\u00e8s le 2 octobre au matin. Rappelons que c\u2019est la direction de Keolis elle-m\u00eame qui avait d\u00e9cid\u00e9 de la fermeture du site.<\/p>\n\n\n\n<p>Cette derni\u00e8re nouvelle signifie aussi que les patrons commencent \u00e0 tirer le bilan que la strat\u00e9gie du m\u00e9pris et du pourrissement d\u00e9ploy\u00e9e depuis le d\u00e9but ne fonctionne pas.<\/p>\n\n\n\n<p><strong>Chantage \u00e0 la \u00ab&nbsp;libert\u00e9 du travail&nbsp;\u00bb et tentative d\u2019intimidation violente<\/strong><\/p>\n\n\n\n<p>Pour casser la gr\u00e8ve, les patrons font maintenant le choix de l\u2019intimidation violente, cherchant \u00e0 briser la gr\u00e8ve en recourant aux huissiers et \u00e0 la flicaille.<\/p>\n\n\n\n<p>Mais ce que nous avons pu constater d\u00e8s le petit matin de ce lundi 2 octobre, c\u2019est une foule croissante sur le piquet de gr\u00e8ve, plus nombreuse que d\u2019habitude, du c\u00f4t\u00e9 des gr\u00e9vistes mais aussi avec davantage de soutiens ext\u00e9rieurs, et une d\u00e9termination renforc\u00e9e des travailleurs\/ses en lutte \u00e0 ne pas c\u00e9der.<\/p>\n\n\n\n<p>De plus, et cela contribue \u00e0 donner plus de visibilit\u00e9 \u00e0 la gr\u00e8ve, une \u00e9quipe de BFMTV est pr\u00e9sente sur le piquet de gr\u00e8ve et interroge les Keolis en lutte.<\/p>\n\n\n\n<figure class=\"wp-block-image size-full\"><img decoding=\"async\" loading=\"lazy\" width=\"696\" height=\"465\" src=\"https:\/\/i0.wp.com\/litci.org\/fr\/wp-content\/uploads\/2023\/10\/KeolisII_4_affluence.png?resize=696%2C465&#038;ssl=1\" alt=\"\" class=\"wp-image-71176\" srcset=\"https:\/\/i0.wp.com\/litci.org\/fr\/wp-content\/uploads\/2023\/10\/KeolisII_4_affluence.png?w=985&amp;ssl=1 985w, https:\/\/i0.wp.com\/litci.org\/fr\/wp-content\/uploads\/2023\/10\/KeolisII_4_affluence.png?resize=300%2C200&amp;ssl=1 300w, https:\/\/i0.wp.com\/litci.org\/fr\/wp-content\/uploads\/2023\/10\/KeolisII_4_affluence.png?resize=768%2C513&amp;ssl=1 768w, https:\/\/i0.wp.com\/litci.org\/fr\/wp-content\/uploads\/2023\/10\/KeolisII_4_affluence.png?resize=150%2C100&amp;ssl=1 150w, https:\/\/i0.wp.com\/litci.org\/fr\/wp-content\/uploads\/2023\/10\/KeolisII_4_affluence.png?resize=696%2C465&amp;ssl=1 696w\" sizes=\"(max-width: 696px) 100vw, 696px\" data-recalc-dims=\"1\" \/><figcaption class=\"wp-element-caption\"><em>L\u2019affluence au piquet de gr\u00e8ve des Keolis Montesson \u00e9tait particuli\u00e8rement nombreuse en ce lundi 2 octobre<\/em><\/figcaption><\/figure>\n\n\n\n<p>Les deux tentatives &#8211; recens\u00e9es \u00e0 l\u2019heure de boucler cet article &#8211; de faire sortir du d\u00e9p\u00f4t des bus conduits par des non-gr\u00e9vistes, ont conduit, de fa\u00e7on \u00e9l\u00e9gamment adapt\u00e9e, \u00e0 d\u00e9corer de jaune (d\u2019\u0153uf) les v\u00e9hicules concern\u00e9s et \u00e0 les voir faire marche arri\u00e8re en direction de leur stationnement initial. Tout ceci est bien \u00e9videmment not\u00e9 par l\u2019huissi\u00e8re de justice d\u00e9p\u00each\u00e9e sur place, et qui d\u00e9livrera sans nul doute un constat permettant aux capitalistes de Keolis de mener une action en justice contre les gr\u00e9vistes pour entrave \u00e0 la sacro-sainte \u00ab&nbsp;libert\u00e9 du travail&nbsp;\u00bb. Les prochains jours nous en apprendront davantage sur les suites de cette matin\u00e9e.<\/p>\n\n\n\n<figure class=\"wp-block-image size-full\"><img decoding=\"async\" loading=\"lazy\" width=\"696\" height=\"296\" src=\"https:\/\/i0.wp.com\/litci.org\/fr\/wp-content\/uploads\/2023\/10\/KeolisII_5_interview-1.png?resize=696%2C296\" alt=\"\" class=\"wp-image-71185\" srcset=\"https:\/\/i0.wp.com\/litci.org\/fr\/wp-content\/uploads\/2023\/10\/KeolisII_5_interview-1.png?w=911&amp;ssl=1 911w, https:\/\/i0.wp.com\/litci.org\/fr\/wp-content\/uploads\/2023\/10\/KeolisII_5_interview-1.png?resize=300%2C127&amp;ssl=1 300w, https:\/\/i0.wp.com\/litci.org\/fr\/wp-content\/uploads\/2023\/10\/KeolisII_5_interview-1.png?resize=768%2C326&amp;ssl=1 768w, https:\/\/i0.wp.com\/litci.org\/fr\/wp-content\/uploads\/2023\/10\/KeolisII_5_interview-1.png?resize=150%2C64&amp;ssl=1 150w, https:\/\/i0.wp.com\/litci.org\/fr\/wp-content\/uploads\/2023\/10\/KeolisII_5_interview-1.png?resize=696%2C296&amp;ssl=1 696w\" sizes=\"(max-width: 696px) 100vw, 696px\" data-recalc-dims=\"1\" \/><figcaption class=\"wp-element-caption\">&nbsp;&nbsp;&nbsp;&nbsp;&nbsp;&nbsp;&nbsp;&nbsp; <em>Interviews de gr\u00e9vistes par BFM-TV le lundi 2 octobre<\/em>. &nbsp;&nbsp;&nbsp;&nbsp;&nbsp;&nbsp;&nbsp;&nbsp;&nbsp;&nbsp;<\/figcaption><\/figure>\n\n\n\n<p>Cette direction m\u00e9rite vraiment d\u2019\u00eatre battue et envoy\u00e9e au tapis. Les gr\u00e9vistes doivent gagner, ce ne serait que justice&nbsp;! Pour cela, diverses pistes sont discut\u00e9es afin d\u2019am\u00e9liorer le rapport de forces. Un premier \u00e9l\u00e9ment consiste \u00e0 poursuivre et renforcer les visites d\u2019information destin\u00e9es aux municipalit\u00e9s environnantes et touch\u00e9es par la gr\u00e8ve&nbsp;: ainsi la Mairie de Chatou a re\u00e7u une visite impromptue qui a permis de d\u00e9boucher sur un rendez-vous avec le maire, l\u2019apr\u00e8s-midi m\u00eame du 2 octobre. Il s\u2019agirait aussi de partir donner de l\u2019info sur les autres sites Keolis en r\u00e9gion parisienne, l\u2019histoire d\u2019informer les autres coll\u00e8gues et de faire craindre une potentielle extension du m\u00e9contentement \u00e0 la direction. Ces t\u00e2ches nous semblent d\u2019une grande urgence, vu le tournant r\u00e9pressif pris par cette derni\u00e8re. Au-del\u00e0, il est n\u00e9cessaire de rechercher inlassablement la solidarit\u00e9 partout o\u00f9 elle est possible, nationalement et internationalement.<\/p>\n\n\n\n<p>Cela signifie, notamment, des t\u00e9moignages de solidarit\u00e9 \u00e9crits et visuels, dans le secteur des transports mais aussi dans d\u2019autres secteurs, et des dons \u00e0 la caisse de gr\u00e8ve pr\u00e9cis\u00e9e plus haut.<\/p>\n\n\n\n<p><strong>Face \u00e0 ce patronat de choc, nous devons redoubler d\u2019efforts dans la solidarit\u00e9 avec cette lutte splendide.<\/strong><\/p>\n","protected":false},"excerpt":{"rendered":"<p>Dans notre pr\u00e9c\u00e9dent article, publi\u00e9 le 21 septembre, nous \u00e9voquions les raisons de la gr\u00e8ve illimit\u00e9e au d\u00e9p\u00f4t de bus de Montesson (Yvelines) du transporteur Keolis, et nous donnions la parole \u00e0 plusieurs gr\u00e9vistes, interview\u00e9.es le lundi 18. Une douzaine de jours plus tard, la gr\u00e8ve tient toujours bon, et le vendredi 29 septembre, les [&hellip;]<\/p>\n","protected":false},"author":9,"featured_media":71173,"comment_status":"open","ping_status":"open","sticky":false,"template":"","format":"standard","meta":{"footnotes":"","_jetpack_memberships_contains_paid_content":false},"categories":[3498,3499,3493],"tags":[],"jetpack_sharing_enabled":true,"jetpack_featured_media_url":"https:\/\/i0.wp.com\/litci.org\/fr\/wp-content\/uploads\/2023\/10\/KeolisII_1.png?fit=1006%2C378&ssl=1","_links":{"self":[{"href":"https:\/\/litci.org\/fr\/wp-json\/wp\/v2\/posts\/71172"}],"collection":[{"href":"https:\/\/litci.org\/fr\/wp-json\/wp\/v2\/posts"}],"about":[{"href":"https:\/\/litci.org\/fr\/wp-json\/wp\/v2\/types\/post"}],"author":[{"embeddable":true,"href":"https:\/\/litci.org\/fr\/wp-json\/wp\/v2\/users\/9"}],"replies":[{"embeddable":true,"href":"https:\/\/litci.org\/fr\/wp-json\/wp\/v2\/comments?post=71172"}],"version-history":[{"count":3,"href":"https:\/\/litci.org\/fr\/wp-json\/wp\/v2\/posts\/71172\/revisions"}],"predecessor-version":[{"id":71188,"href":"https:\/\/litci.org\/fr\/wp-json\/wp\/v2\/posts\/71172\/revisions\/71188"}],"wp:featuredmedia":[{"embeddable":true,"href":"https:\/\/litci.org\/fr\/wp-json\/wp\/v2\/media\/71173"}],"wp:attachment":[{"href":"https:\/\/litci.org\/fr\/wp-json\/wp\/v2\/media?parent=71172"}],"wp:term":[{"taxonomy":"category","embeddable":true,"href":"https:\/\/litci.org\/fr\/wp-json\/wp\/v2\/categories?post=71172"},{"taxonomy":"post_tag","embeddable":true,"href":"https:\/\/litci.org\/fr\/wp-json\/wp\/v2\/tags?post=71172"}],"curies":[{"name":"wp","href":"https:\/\/api.w.org\/{rel}","templated":true}]}}