{"id":70874,"date":"2023-01-09T20:01:04","date_gmt":"2023-01-09T20:01:04","guid":{"rendered":"https:\/\/litci.org\/fr\/?p=70874"},"modified":"2023-01-09T20:05:24","modified_gmt":"2023-01-09T20:05:24","slug":"affronter-le-terrorisme-des-putschistes-par-la-mobilisation-et-lautodefense","status":"publish","type":"post","link":"https:\/\/litci.org\/fr\/affronter-le-terrorisme-des-putschistes-par-la-mobilisation-et-lautodefense\/","title":{"rendered":"Affronter le terrorisme des putschistes par la mobilisation et l&rsquo;autod\u00e9fense"},"content":{"rendered":"\n<p>Par&nbsp;: &nbsp;direction nationale du PSTU, section de la LIT-QI au Br\u00e9sil, le &#8211; 08\/01\/2023<\/p>\n\n\n\n<p>Il est n\u00e9cessaire de r\u00e9agir en se montrant \u00e0 la hauteur de l&rsquo;invasion du Congr\u00e8s national, de la Cour supr\u00eame (STF) et du Palais du <em>Planalto<a href=\"#_edn1\" id=\"_ednref1\"><strong>[1]<\/strong><\/a><\/em> par des bolsonaristes de l&rsquo;extr\u00eame droite, survenue ce dimanche.<\/p>\n\n\n\n<p>Il s&rsquo;agit d&rsquo;une v\u00e9ritable action putschiste, d&rsquo;une \u00e9norme gravit\u00e9, perp\u00e9tr\u00e9e avec la complicit\u00e9 des forces de s\u00e9curit\u00e9, tant de la police que des forces arm\u00e9es, ainsi que du gouvernement du District F\u00e9d\u00e9ral. Non seulement une omission, mais un soutien ouvert du gouvernement Ibaneis, et de son secr\u00e9taire \u00e0 la s\u00e9curit\u00e9, l&rsquo;ancien ministre de la justice de Bolsonaro, Anderson Torres.<\/p>\n\n\n\n<p>Ce Capitole br\u00e9silien met en lumi\u00e8re le caract\u00e8re putschiste du bolsonarisme, et du terrorisme de l&rsquo;extr\u00eame droite, qui se sentent toujours plus \u00e0 l&rsquo;aise pour agir face \u00e0 la posture conciliatrice du gouvernement Lula, de son ministre de la D\u00e9fense, Jos\u00e9 M\u00facio, mais aussi du ministre de la Justice, Fl\u00e1vio Dino.<\/p>\n\n\n\n<p>L&rsquo;occupation de Brasilia et des si\u00e8ges des trois pouvoirs ce dimanche, ainsi que la pr\u00e9paration de l\u2019occupation de raffineries de p\u00e9trole ce matin, ont eu lieu au nez et \u00e0 la barbe des institutions et du nouveau gouvernement, avec la b\u00e9n\u00e9diction de l&rsquo;arm\u00e9e, dans les QG de laquelle ils campent depuis des mois.<\/p>\n\n\n\n<p>La police, qui n&rsquo;h\u00e9site pas \u00e0 r\u00e9primer les manifestations des travailleurs et des pauvres, ainsi que des jeunes noirs dans les banlieues, a pratiquement escort\u00e9 les bolsonaristes pour envahir les si\u00e8ges des trois pouvoirs.<\/p>\n\n\n\n<figure class=\"wp-block-image size-full\"><img decoding=\"async\" loading=\"lazy\" width=\"696\" height=\"522\" src=\"https:\/\/i0.wp.com\/litci.org\/fr\/wp-content\/uploads\/2023\/01\/golpistes_2.jpg?resize=696%2C522&#038;ssl=1\" alt=\"\" class=\"wp-image-70875\" srcset=\"https:\/\/i0.wp.com\/litci.org\/fr\/wp-content\/uploads\/2023\/01\/golpistes_2.jpg?w=1024&amp;ssl=1 1024w, https:\/\/i0.wp.com\/litci.org\/fr\/wp-content\/uploads\/2023\/01\/golpistes_2.jpg?resize=300%2C225&amp;ssl=1 300w, https:\/\/i0.wp.com\/litci.org\/fr\/wp-content\/uploads\/2023\/01\/golpistes_2.jpg?resize=768%2C576&amp;ssl=1 768w, https:\/\/i0.wp.com\/litci.org\/fr\/wp-content\/uploads\/2023\/01\/golpistes_2.jpg?resize=150%2C113&amp;ssl=1 150w, https:\/\/i0.wp.com\/litci.org\/fr\/wp-content\/uploads\/2023\/01\/golpistes_2.jpg?resize=696%2C522&amp;ssl=1 696w\" sizes=\"(max-width: 696px) 100vw, 696px\" data-recalc-dims=\"1\" \/><figcaption class=\"wp-element-caption\"><em>Des manifestants envahissent le Congr\u00e8s, le STF et le Palais du Planalto<\/em><\/figcaption><\/figure>\n\n\n\n<p><strong>Le r\u00e9sultat d&rsquo;une politique de conciliation<\/strong><\/p>\n\n\n\n<p>L&rsquo;invasion de Brasilia est le r\u00e9sultat d&rsquo;une escalade qui s&rsquo;est d\u00e9velopp\u00e9e en raison de la collusion des forces de s\u00e9curit\u00e9 avec les mobilisations de l&rsquo;ultra-droite. Cela \u00e9tait absolument \u00e9vident sous le gouvernement Bolsonaro, et cela continue, comme nous pouvons le voir avec l&rsquo;absurdit\u00e9 du fait qu&rsquo;Anderson Torres, l&rsquo;ancien ministre de Bolsonaro qui a essay\u00e9 de boycotter les \u00e9lections, occupe le portefeuille de la S\u00e9curit\u00e9 publique du District F\u00e9d\u00e9ral.<\/p>\n\n\n\n<p>Et, d&rsquo;une certaine mani\u00e8re, cela perdure dans le gouvernement actuel, comme le montre la posture scandaleuse du ministre de la d\u00e9fense du gouvernement Lula, Jos\u00e9 M\u00facio, un nom li\u00e9 au bolsonarisme, qui qualifie les actions putschistes de \u00ab\u00a0d\u00e9mocratiques\u00a0\u00bb, refusant de prendre toute mesure pour les contenir. C&rsquo;est \u00e0 cela que m\u00e8ne la politique de conciliation des classes qui caract\u00e9rise le front large dirig\u00e9 par Lula-Alckmin.<\/p>\n\n\n\n<p>C&rsquo;est pourquoi le PSTU ne fait aucune confiance au gouvernement Lula-Alckmin de front large avec la bourgeoisie. De m\u00eame qu&rsquo;un tel gouvernement est incapable de s&rsquo;attaquer aux maux qui affligent la vie de la classe ouvri\u00e8re, il est \u00e9galement incapable d&rsquo;affronter efficacement le putschisme de l&rsquo;extr\u00eame droite bolsonariste.<\/p>\n\n\n\n<p><strong>Mobiliser la classe pour vaincre l&rsquo;extr\u00eame droite<\/strong><\/p>\n\n\n\n<p>En r\u00e9alit\u00e9, l&rsquo;action de ce dimanche montre que les travailleurs ne peuvent accorder aucune confiance aux institutions et \u00e0 leurs forces de r\u00e9pression, mais qu&rsquo;ils doivent au contraire faire confiance \u00e0 leurs propres forces pour vaincre la mobilisation putschiste et vaincre d\u00e9finitivement l&rsquo;extr\u00eame droite. L&rsquo;intervention f\u00e9d\u00e9rale d\u00e9cr\u00e9t\u00e9e dans la S\u00e9curit\u00e9 publique du District f\u00e9d\u00e9ral ne suffit pas. Elle ne va pas, de cette mani\u00e8re, r\u00e9gler le probl\u00e8me de l&rsquo;ultra-droite ni m\u00eame le circonscrire.<\/p>\n\n\n\n<p>En cons\u00e9quence, les travailleurs ne peuvent pas faire confiance \u00e0 ces institutions, ni attendre d&rsquo;elles qu&rsquo;elles affrontent l&rsquo;ultra-droite et le bolsonarisme. Au contraire, ils doivent compter sur leurs propres forces, sur leur organisation et leur mobilisation &#8211; une t\u00e2che fondamentale en ce moment, car les actions de l&rsquo;ultra-droite, le coup d\u2019\u00c9tat qu&rsquo;elle veut r\u00e9aliser est, en r\u00e9alit\u00e9, contre les travailleurs, pour attaquer encore plus les droits du peuple et d\u00e9truire encore plus notre pays.<\/p>\n\n\n\n<p>Nous devons exiger, de la part du gouvernement et des institutions responsables, une enqu\u00eate et une punition exemplaire de toutes les personnes impliqu\u00e9es dans cet acte de coup d&rsquo;\u00c9tat, depuis Bolsonaro et sa famille, en passant par les parlementaires d&rsquo;extr\u00eame droite, le gouverneur du DF, Ibaneis Rocha, jusqu&rsquo;aux grands patrons qui ont financ\u00e9 les campements dans les QG de l&rsquo;arm\u00e9e, et pay\u00e9 la caravane des putschistes ce dimanche. Nous devons exiger rien de moins que la prison et la confiscation des biens de ces putschistes.<\/p>\n\n\n\n<p>Le PSTU soutient cependant qu&rsquo;il est n\u00e9cessaire de mobiliser la classe ouvri\u00e8re, de descendre dans la rue et d&rsquo;organiser l&rsquo;autod\u00e9fense pour affronter et vaincre efficacement l&rsquo;extr\u00eame droite putschiste.<\/p>\n\n\n\n<p>Les directions des organisations de la classe ouvri\u00e8re, des partis de gauche et des centrales syndicales, toutes les organisations qui ont constitu\u00e9 le front <em>Fora Bolsonaro<a href=\"#_edn2\" id=\"_ednref2\"><strong>[2]<\/strong><\/a><\/em>, ont la responsabilit\u00e9 de se placer \u00e0 la t\u00eate de cette lutte, en appelant \u00e0 la mobilisation et en organisant l&rsquo;autod\u00e9fense contre l&rsquo;extr\u00eame droite.<\/p>\n\n\n\n<p>Nous pr\u00e9conisons que soit organis\u00e9e une journ\u00e9e nationale de luttes contre l&rsquo;extr\u00eame droite et le putschisme et pour la d\u00e9fense des libert\u00e9s d\u00e9mocratiques, \u00e0 l&rsquo;initiative des organisations de la classe ouvri\u00e8re et des mouvements sociaux et populaires.<\/p>\n\n\n\n<p><strong>Occupons les rues et organisons l&rsquo;autod\u00e9fense !<\/strong><\/p>\n\n\n\n<p><strong>Une enqu\u00eate et des sanctions exemplaires pour toutes les personnes impliqu\u00e9es dans les actions putschistes !<\/strong><\/p>\n\n\n\n<hr class=\"wp-block-separator has-alpha-channel-opacity\"\/>\n\n\n\n<p><a href=\"#_ednref1\" id=\"_edn1\">[1]<\/a> Palais pr\u00e9sidentiel \u00e0 Brasilia<\/p>\n\n\n\n<p><a href=\"#_ednref2\" id=\"_edn2\">[2]<\/a> Dehors Bolsonaro&nbsp;!<\/p>\n","protected":false},"excerpt":{"rendered":"<p>Par&nbsp;: &nbsp;direction nationale du PSTU, section de la LIT-QI au Br\u00e9sil, le &#8211; 08\/01\/2023 Il est n\u00e9cessaire de r\u00e9agir en se montrant \u00e0 la hauteur de l&rsquo;invasion du Congr\u00e8s national, de la Cour supr\u00eame (STF) et du Palais du Planalto[1] par des bolsonaristes de l&rsquo;extr\u00eame droite, survenue ce dimanche. Il s&rsquo;agit d&rsquo;une v\u00e9ritable action putschiste, [&hellip;]<\/p>\n","protected":false},"author":9,"featured_media":70877,"comment_status":"open","ping_status":"open","sticky":false,"template":"","format":"standard","meta":{"footnotes":"","_jetpack_memberships_contains_paid_content":false},"categories":[3523,3534],"tags":[470,3689,126,3690],"jetpack_sharing_enabled":true,"jetpack_featured_media_url":"https:\/\/i0.wp.com\/litci.org\/fr\/wp-content\/uploads\/2023\/01\/golpistes_1.jpg?fit=696%2C522&ssl=1","_links":{"self":[{"href":"https:\/\/litci.org\/fr\/wp-json\/wp\/v2\/posts\/70874"}],"collection":[{"href":"https:\/\/litci.org\/fr\/wp-json\/wp\/v2\/posts"}],"about":[{"href":"https:\/\/litci.org\/fr\/wp-json\/wp\/v2\/types\/post"}],"author":[{"embeddable":true,"href":"https:\/\/litci.org\/fr\/wp-json\/wp\/v2\/users\/9"}],"replies":[{"embeddable":true,"href":"https:\/\/litci.org\/fr\/wp-json\/wp\/v2\/comments?post=70874"}],"version-history":[{"count":2,"href":"https:\/\/litci.org\/fr\/wp-json\/wp\/v2\/posts\/70874\/revisions"}],"predecessor-version":[{"id":70878,"href":"https:\/\/litci.org\/fr\/wp-json\/wp\/v2\/posts\/70874\/revisions\/70878"}],"wp:featuredmedia":[{"embeddable":true,"href":"https:\/\/litci.org\/fr\/wp-json\/wp\/v2\/media\/70877"}],"wp:attachment":[{"href":"https:\/\/litci.org\/fr\/wp-json\/wp\/v2\/media?parent=70874"}],"wp:term":[{"taxonomy":"category","embeddable":true,"href":"https:\/\/litci.org\/fr\/wp-json\/wp\/v2\/categories?post=70874"},{"taxonomy":"post_tag","embeddable":true,"href":"https:\/\/litci.org\/fr\/wp-json\/wp\/v2\/tags?post=70874"}],"curies":[{"name":"wp","href":"https:\/\/api.w.org\/{rel}","templated":true}]}}