{"id":70741,"date":"2022-10-26T17:34:16","date_gmt":"2022-10-26T17:34:16","guid":{"rendered":"https:\/\/litci.org\/fr\/?p=70741"},"modified":"2022-10-26T17:34:18","modified_gmt":"2022-10-26T17:34:18","slug":"truss-est-partie-construire-une-greve-generale-maintenant","status":"publish","type":"post","link":"https:\/\/litci.org\/fr\/truss-est-partie-construire-une-greve-generale-maintenant\/","title":{"rendered":"Truss est partie ! Construire une gr\u00e8ve g\u00e9n\u00e9rale maintenant !"},"content":{"rendered":"\n<p>Le 21 octobre 2022<\/p>\n\n\n\n<p><strong>D\u00e9finir le jour de l&rsquo;action de gr\u00e8ve coordonn\u00e9e !<\/strong><\/p>\n\n\n\n<p><strong>Des \u00e9lections g\u00e9n\u00e9rales maintenant !<\/strong><\/p>\n\n\n\n<p>Par Jim Stead \u2013 ISL<\/p>\n\n\n\n<p>Pendant le congr\u00e8s du TUC, le CWU (travailleurs postaux) a publi\u00e9 une lettre qui devait \u00eatre lue par leurs repr\u00e9sentants syndicaux au piquet de gr\u00e8ve le 19 octobre. On y lit : \u00ab\u00a0<em>Les membres du CWU sont confront\u00e9s \u00e0 la plus grande attaque de l&rsquo;histoire du Royal Mail Group contre vos emplois, vos salaires, vos conditions de travail et les services que nous fournissons au public.<\/em>\u00ab\u00a0<\/p>\n\n\n\n<p>Tous les travailleurs disent la m\u00eame chose. Le gouvernement est en crise absolue. Le d\u00e9clin du capitalisme britannique est flagrant. C&rsquo;est pourquoi ils ne trouvent pas de leaders pour prendre la voie d&rsquo;attaques beaucoup plus dures contre la classe ouvri\u00e8re.<\/p>\n\n\n\n<p>Ils ne peuvent pas le faire parce que des centaines de milliers de travailleurs se battent et poussent les directions des syndicats nationaux \u00e0 aller plus loin. Nous sommes favorables \u00e0 des \u00e9lections g\u00e9n\u00e9rales maintenant, mais elles ne doivent pas nous d\u00e9tourner de notre objectif d&rsquo;actions coordonn\u00e9es pour parvenir \u00e0 une gr\u00e8ve g\u00e9n\u00e9rale afin de lutter contre la crise du co\u00fbt de la vie.<\/p>\n\n\n\n<p>Si un gouvernement travailliste remporte les \u00e9lections g\u00e9n\u00e9rales, il ne fera que donner un nom diff\u00e9rent aux politiques \u00e9conomiques actuelles d&rsquo;attaques contre la classe ouvri\u00e8re et aux plans d&rsquo;aust\u00e9rit\u00e9. Keir Starmer se distancie de Blair en paroles mais lui et son cabinet fant\u00f4me suivent les m\u00eames politiques anti-ouvri\u00e8res et anti-immigr\u00e9s. La meilleure fa\u00e7on de se d\u00e9barrasser des Tories est de continuer \u00e0 se battre. Une telle \u00e9lection ne nous apportera pas de r\u00e9pit face aux politiques mondiales du FMI et des impitoyables multinationales.<\/p>\n\n\n\n<p>Nous devons \u00e9galement garder un \u0153il vigilant sur les directions syndicales et d\u00e9noncer toutes leurs man\u0153uvres visant \u00e0 ignorer la d\u00e9mocratie syndicale et les motions du congr\u00e8s du TUC approuvant des gr\u00e8ves intersyndicales coordonn\u00e9es au niveau national.<\/p>\n\n\n\n<p>Par exemple, la principale dirigeante de l&rsquo;UCU a r\u00e9cemment ignor\u00e9 les d\u00e9cisions de son Comit\u00e9 ex\u00e9cutif national en envoyant une position contraire dans un mailing national le jour suivant. Alors que le syndicat Unite a utilis\u00e9 son vote bloqu\u00e9 au Congr\u00e8s du TUC pour soutenir une motion demandant des investissements dans l&rsquo;industrie de l&rsquo;armement, le vote a \u00e9t\u00e9 divis\u00e9 en 2 556 000 voix pour et 2 469 000 voix contre. Cela a invers\u00e9 la motion de 2017 qui acceptait que les travailleurs de la fabrication d&rsquo;armes soient red\u00e9ploy\u00e9s dans d&rsquo;autres industries.<\/p>\n\n\n\n<p><strong>Les syndicats doivent soutenir la coordination des branches<\/strong><\/p>\n\n\n\n<p>La crise du co\u00fbt de la vie et la n\u00e9cessit\u00e9 de construire des actions de gr\u00e8ve ont \u00e9t\u00e9 un th\u00e8me majeur du Congr\u00e8s du TUC qui a d\u00e9but\u00e9 le 18 octobre alors que les Tories visent \u00e0 r\u00e9duire la sant\u00e9, l&rsquo;\u00e9ducation, les services locaux et les salaires.<\/p>\n\n\n\n<p>Les syndicats, CWU, Unite, PCS et RMT, organisent de nombreuses gr\u00e8ves et, dans une motion commune, ont appel\u00e9 le TUC et ses affili\u00e9s \u00e0 \u00ab\u00a0<em>encourager, faciliter, organiser et soutenir activement la coordination industrielle et une campagne unie d&rsquo;actions industrielles coordonn\u00e9es entre les syndicats, afin que les travailleurs en conflit puissent exploiter le plus efficacement possible le pouvoir de leur syndicat pour gagner. Y compris la convocation d&rsquo;un groupe de travail compos\u00e9 de syndicats des secteurs public et priv\u00e9 afin de planifier et de coordonner les actions sur les salaires et les emplois<\/em>.\u00a0\u00bb<\/p>\n\n\n\n<p>La motion accept\u00e9e du syndicat enseignant NEU d\u00e9clare \u00ab\u00a0<em>coordonner une campagne d&rsquo;action industrielle dans les secteurs public et priv\u00e9 pour obtenir des augmentations de salaire et am\u00e9liorer le niveau de vie<\/em>\u00ab\u00a0.<\/p>\n\n\n\n<p>La motion du syndicat des universit\u00e9s et des coll\u00e8ges, UCU, appelle \u00e0 \u00ab\u00a0<em>une r\u00e9ponse industrielle, impliquant la coordination de l&rsquo;action industrielle des syndicats luttant contre ces pratiques d&#8217;emploi<\/em>\u00ab\u00a0.<\/p>\n\n\n\n<p>Ces motions repr\u00e9sentent bien plus de 2 millions de travailleurs, et le message de la base est clair : elle veut davantage d&rsquo;actions de gr\u00e8ve coordonn\u00e9es au niveau national par les syndicats. L&rsquo;action coordonn\u00e9e n&rsquo;a eu lieu qu&rsquo;une seule fois \u00e0 l&rsquo;\u00e9chelle nationale, ce qui montre \u00e0 quel point les dirigeants syndicaux sont r\u00e9ticents \u00e0 la coordination.<\/p>\n\n\n\n<p>Les motions constituent un pas en avant, mais elles doivent \u00eatre mises en \u0153uvre par le biais de campagnes men\u00e9es par la base. En effet, les motions ont \u00e9t\u00e9 adopt\u00e9es sans indiquer de jour, de semaine ou de mois o\u00f9 cela pourrait avoir lieu. Et le langage utilis\u00e9 n&rsquo;exprime pas le sentiment d&rsquo;urgence n\u00e9cessaire. En l&rsquo;absence de dates, et avec pas m\u00eame de mention d&rsquo;un d\u00e9lai de deux mois, les motions peuvent \u00eatre un ensemble de belles paroles de congr\u00e8s sans d\u00e9tails concrets. Nous demandons \u00e0 la base de s&rsquo;assurer que ces mots se transforment en actions.<\/p>\n\n\n\n<p>Les motions ne mentionnent jamais les actions de la base, comme les assembl\u00e9es intersyndicales et les conf\u00e9rences de base r\u00e9unissant diff\u00e9rents syndicats pour discuter de la mani\u00e8re de travailler et de planifier les gr\u00e8ves ensemble dans les villes et les r\u00e9gions du pays.<\/p>\n\n\n\n<p><strong>Les dangers<\/strong><\/p>\n\n\n\n<p>Que peut signifier une action coordonn\u00e9e ? Cela peut signifier que tous les syndicats d&rsquo;un m\u00eame secteur font gr\u00e8ve ensemble, ou que des travailleurs cl\u00e9s de diff\u00e9rents secteurs le font, mais le besoin et le sentiment qu&rsquo;il faut plus que cela existent aussi. Chaque action peut rassembler les travailleurs si ces actions sont \u00e9galement utilis\u00e9es pour mettre en place une action de coordination de grande envergure et tendre vers une gr\u00e8ve g\u00e9n\u00e9rale.<\/p>\n\n\n\n<p>La coordination des gr\u00e8ves nationales en s&rsquo;appuyant sur les assembl\u00e9es et conf\u00e9rences intersyndicales, voil\u00e0 ce que nous voulons dire. L&rsquo;\u00e9pine dorsale de toute lutte syndicale devrait \u00eatre la d\u00e9mocratie syndicale et la participation de la base \u00e0 la planification des actions mentionn\u00e9es ici.<\/p>\n\n\n\n<p>Pourquoi les travailleurs soutiennent-ils l&rsquo;action g\u00e9n\u00e9ralis\u00e9e et la gr\u00e8ve g\u00e9n\u00e9rale ? Parce que l&rsquo;inflation touche tout le monde, notamment avec les factures d&rsquo;\u00e9nergie et de nourriture, et qu&rsquo;elle ne cesse d&rsquo;augmenter : la hausse des prix des denr\u00e9es alimentaires d\u00e9passe d\u00e9sormais officiellement 14 %.<\/p>\n\n\n\n<p>Dans la plupart des lieux de travail, les conditions de travail, les pensions et les indemnit\u00e9s de maladie sont touch\u00e9es &#8211; il s&rsquo;agit du m\u00eame probl\u00e8me sur les lieux de travail. Les travailleurs sont confront\u00e9s aux m\u00eames probl\u00e8mes, de sorte que l&rsquo;unit\u00e9 dans la lutte contre la baisse des salaires r\u00e9els et les attaques contre nos droits peut \u00eatre facile \u00e0 r\u00e9aliser.<\/p>\n\n\n\n<p>Les gr\u00e8ves conservent le soutien de l&rsquo;ensemble de la classe ouvri\u00e8re, car tout le monde souffre et l&rsquo;avenir devient de plus en plus incertain. Les pensions d&rsquo;\u00c9tat continueront-elles \u00e0 augmenter avec l&rsquo;inflation (ne serait-ce qu&rsquo;une fois par an) ? Plus de 4,5 millions de personnes utilisent des compteurs de gaz et d&rsquo;\u00e9lectricit\u00e9 \u00e0 pr\u00e9paiement &#8211; qui paient plus que ceux qui sont en d\u00e9bit direct &#8211; et leurs m\u00e9nages sont confront\u00e9s \u00e0 une pauvret\u00e9 alarmante.<\/p>\n\n\n\n<p>Nous souffrons tous. Les organisateurs syndicaux doivent aller vers les ch\u00f4meurs, les \u00e9tudiants, les LGBTQI+, les Noirs et les groupes de minorit\u00e9s ethniques et construire des alliances avec eux en tant que combattants contre l&rsquo;aust\u00e9rit\u00e9 et la discrimination et les aider \u00e0 se syndiquer.<\/p>\n\n\n\n<p>Nous avons entendu Jeremy Hunt, le chancelier, d\u00e9clarer que le NHS, l&rsquo;\u00e9ducation et les services publics, en g\u00e9n\u00e9ral, sont des cibles possibles de l&rsquo;aust\u00e9rit\u00e9. Cela signifie que t\u00f4t ou tard, une nouvelle vague d&rsquo;aust\u00e9rit\u00e9 viendra des Tories. Les syndicats doivent imm\u00e9diatement r\u00e9pondre aux motions du TUC et les utiliser pour impliquer tous les syndicats possibles dans une action de gr\u00e8ve commune, c&rsquo;est-\u00e0-dire une action de gr\u00e8ve coordonn\u00e9e unifi\u00e9e, une action de gr\u00e8ve nationale de masse qui rassemble la classe ouvri\u00e8re et fait tomber le gouvernement.<\/p>\n\n\n\n<p><strong>La classe ouvri\u00e8re est de nouveau en lutte et doit maintenant organiser des gr\u00e8ves coordonn\u00e9es massives.<\/strong><\/p>\n\n\n\n<p><strong>Mettre en place les discussions intersyndicales ; fixer d\u00e8s maintenant une journ\u00e9e d&rsquo;action coordonn\u00e9e au niveau national !<\/strong><\/p>\n\n\n\n<p><strong>Construire l&rsquo;action coordonn\u00e9e vers une gr\u00e8ve g\u00e9n\u00e9rale !<\/strong><\/p>\n","protected":false},"excerpt":{"rendered":"<p>Le 21 octobre 2022 D\u00e9finir le jour de l&rsquo;action de gr\u00e8ve coordonn\u00e9e ! Des \u00e9lections g\u00e9n\u00e9rales maintenant ! Par Jim Stead \u2013 ISL Pendant le congr\u00e8s du TUC, le CWU (travailleurs postaux) a publi\u00e9 une lettre qui devait \u00eatre lue par leurs repr\u00e9sentants syndicaux au piquet de gr\u00e8ve le 19 octobre. On y lit : [&hellip;]<\/p>\n","protected":false},"author":9,"featured_media":70742,"comment_status":"open","ping_status":"open","sticky":false,"template":"","format":"standard","meta":{"footnotes":"","_jetpack_memberships_contains_paid_content":false},"categories":[3498,3502],"tags":[],"jetpack_sharing_enabled":true,"jetpack_featured_media_url":"https:\/\/i0.wp.com\/litci.org\/fr\/wp-content\/uploads\/2022\/10\/coordGREVES.jpg?fit=908%2C621&ssl=1","_links":{"self":[{"href":"https:\/\/litci.org\/fr\/wp-json\/wp\/v2\/posts\/70741"}],"collection":[{"href":"https:\/\/litci.org\/fr\/wp-json\/wp\/v2\/posts"}],"about":[{"href":"https:\/\/litci.org\/fr\/wp-json\/wp\/v2\/types\/post"}],"author":[{"embeddable":true,"href":"https:\/\/litci.org\/fr\/wp-json\/wp\/v2\/users\/9"}],"replies":[{"embeddable":true,"href":"https:\/\/litci.org\/fr\/wp-json\/wp\/v2\/comments?post=70741"}],"version-history":[{"count":1,"href":"https:\/\/litci.org\/fr\/wp-json\/wp\/v2\/posts\/70741\/revisions"}],"predecessor-version":[{"id":70743,"href":"https:\/\/litci.org\/fr\/wp-json\/wp\/v2\/posts\/70741\/revisions\/70743"}],"wp:featuredmedia":[{"embeddable":true,"href":"https:\/\/litci.org\/fr\/wp-json\/wp\/v2\/media\/70742"}],"wp:attachment":[{"href":"https:\/\/litci.org\/fr\/wp-json\/wp\/v2\/media?parent=70741"}],"wp:term":[{"taxonomy":"category","embeddable":true,"href":"https:\/\/litci.org\/fr\/wp-json\/wp\/v2\/categories?post=70741"},{"taxonomy":"post_tag","embeddable":true,"href":"https:\/\/litci.org\/fr\/wp-json\/wp\/v2\/tags?post=70741"}],"curies":[{"name":"wp","href":"https:\/\/api.w.org\/{rel}","templated":true}]}}