{"id":3275,"date":"2022-06-26T15:51:25","date_gmt":"2022-06-26T13:51:25","guid":{"rendered":"https:\/\/litci.org\/fr\/?p=3275"},"modified":"2022-06-26T15:51:25","modified_gmt":"2022-06-26T13:51:25","slug":"equateur-les-masses-sont-de-retour-dans-les-rues-maintenant-contre-le-banquier-lasso","status":"publish","type":"post","link":"https:\/\/litci.org\/fr\/equateur-les-masses-sont-de-retour-dans-les-rues-maintenant-contre-le-banquier-lasso\/","title":{"rendered":"\u00c9quateur : les masses sont de retour dans les rues. Maintenant contre le banquier Lasso"},"content":{"rendered":"<p>L&rsquo;\u00c9quateur est un pays qui a une grande tradition de luttes. Tout au long des ann\u00e9es 80, il y a eu dix gr\u00e8ves g\u00e9n\u00e9rales. Dans les ann\u00e9es 1990, lors de la vague de privatisation, la classe ouvri\u00e8re \u00e9quatorienne a r\u00e9sist\u00e9 courageusement pour d\u00e9fendre ses entreprises publiques, mais elle n&rsquo;a pas r\u00e9sist\u00e9 \u00e0 l&rsquo;ouverture de l&rsquo;\u00e9conomie et \u00e0 la d\u00e9sindustrialisation qui en a r\u00e9sult\u00e9. Dans les ann\u00e9es 2000, en quelques ann\u00e9es, la classe ouvri\u00e8re \u00e0 renvers\u00e9 un vice-pr\u00e9sident et trois pr\u00e9sidents. C&rsquo;est pourquoi on dit : \u00ab\u00a0\u00c9quateur, terre de volcans et de r\u00e9volutions\u00a0\u00bb.<\/p>\n<p>Par : Cesar Neto, le 16 juinb 2022<\/p>\n<p>En 2019, nous avons assist\u00e9 \u00e0 des manifestations gigantesques. Au d\u00e9but de la pand\u00e9mie, nous avons vu des corps incin\u00e9r\u00e9s dans les rues et, en politique, la fin du gouvernement populiste de Correa et la mont\u00e9e en puissance du gouvernement de droite de Lasso, un banquier qui, comme tous les banquiers, a une sale histoire dans le domaine du vol des richesses de l&rsquo;\u00c9tat. Jeudi dernier a commenc\u00e9 un autre soul\u00e8vement indig\u00e8ne et populaire.<\/p>\n<p><strong>Historique de la mobilisation<\/strong><\/p>\n<p>Peu apr\u00e8s le d\u00e9but du gouvernement du banquier Guillermo Lasso, le 21 mai 2021, un secteur du mouvement indig\u00e8ne a pr\u00e9sent\u00e9 une p\u00e9tition en 10 points et ils ont commenc\u00e9 \u00e0 n\u00e9gocier entre eux. Ces points \u00e9taient les suivants: 1. r\u00e9duction et arr\u00eat de l&rsquo;augmentation des prix des carburants; 2. moratoire d&rsquo;un an sur le paiement des dettes envers le syst\u00e8me financier; 3. prix \u00e9quitables pour les produits agricoles; 4. emploi et droits du travail; 5. pas d&rsquo;exploitation mini\u00e8re sur les terres et les sources d&rsquo;eau indig\u00e8nes; 6. respect des 21 droits collectifs; 7. pas de privatisation des secteurs strat\u00e9giques; 8. politiques de contr\u00f4le et contre la sp\u00e9culation des prix; 9. budget d&rsquo;urgence pour la sant\u00e9 et l&rsquo;\u00e9ducation; 10. \u00e9laboration de politiques publiques de s\u00e9curit\u00e9 et de protection.<\/p>\n<p>De nombreux militants ont consid\u00e9r\u00e9 avec m\u00e9fiance ou ont directement d\u00e9savou\u00e9 cette n\u00e9gociation avec un gouvernement d&rsquo;extr\u00eame droite. Apr\u00e8s un an de n\u00e9gociation, sans aucune conqu\u00eate et sous la pression de la base, ils rompent avec le gouvernement et appellent \u00e0 la mobilisation.<\/p>\n<p><strong>Les organisations de lutte:<\/strong><\/p>\n<p><strong>\u00a0<\/strong>La classe ouvri\u00e8re a toujours eu un r\u00f4le de premier plan dans le pays, mais avec le processus de d\u00e9sindustrialisation et ensuite la mise au rebut et la privatisation d&rsquo;une partie des syst\u00e8mes \u00e9lectriques et p\u00e9troliers, les travailleurs ont continu\u00e9 \u00e0 \u00eatre politiquement importants, mais ils ont perdu du poids social. Cet espace a \u00e9t\u00e9 progressivement occup\u00e9 par le mouvement indig\u00e8ne, o\u00f9 se distingue la CONAIE (Conf\u00e9d\u00e9ration des nationalit\u00e9s indig\u00e8nes de l&rsquo;\u00c9quateur). En interne, elle est divis\u00e9e en plusieurs secteurs politiques, le secteur le plus dynamique \u00e9tant celui des \u00ab\u00a0Mariateguistas\u00a0\u00bb, dont fait partie Leonidas Iza (actuel pr\u00e9sident de la CONAIE).\u00a0 Leonidas, arr\u00eat\u00e9 lors des manifestations, avait \u00e9t\u00e9 le principal n\u00e9gociateur avec le gouvernement.<\/p>\n<p>Les organisations syndicales se sont vid\u00e9es pendant de nombreuses ann\u00e9es \u00e0 cause de la d\u00e9sindustrialisation et aussi \u00e0 cause d&rsquo;une bureaucratie totalement perfide. Ils n&rsquo;acceptent pas l&rsquo;unit\u00e9 avec le mouvement indig\u00e8ne pour ne pas perdre le r\u00f4le de premier plan qu&rsquo;ils n&rsquo;ont plus. Sous la pression de la base, ils ont pr\u00e9vu des mobilisations pour les 22 et 23. \u00ab\u00a0S&rsquo;ils rejoignent, c&rsquo;est bon, s&rsquo;ils ne le font pas, nous le ferons quand m\u00eame\u00a0\u00bb, a d\u00e9clar\u00e9 \u00e0 la t\u00e9l\u00e9vision un habitant du sud de Quito en col\u00e8re.<\/p>\n<p><strong>13 juin : le d\u00e9but des manifestations<\/strong><\/p>\n<p>Lundi, une autre p\u00e9riode de mobilisation des populations autochtones et des agriculteurs de la r\u00e9gion c\u00f4ti\u00e8re du pays a d\u00e9but\u00e9. Comme toujours, avec quelques perturbations routi\u00e8res, des manifestations dans les petites villes et qui pourraient se d\u00e9velopper ou non. Le premier jour a commenc\u00e9 de mani\u00e8re relativement faible, mais aux premi\u00e8res heures du lundi au mardi, une escouade sp\u00e9ciale de la police, a arr\u00eat\u00e9 et kidnapp\u00e9 Leonidas Iza et l&rsquo;histoire a chang\u00e9.<\/p>\n<p>Le mardi (14\/06), qui aurait \u00e9t\u00e9 une journ\u00e9e de petites mobilisations, la situation a chang\u00e9 et il y a eu les premi\u00e8res confrontations avec l&rsquo;appareil r\u00e9pressif, la prise de villes, etc.<\/p>\n<p>Cotopaxi, qui se trouve dans la r\u00e9gion de Leonidas, a \u00e9t\u00e9 repris par la population, qui manifestait devant le pouvoir judiciaire. La manifestation a suscit\u00e9 une \u00e9norme participation qui a fait fuir la police.<\/p>\n<p>Dans la r\u00e9gion de l&rsquo;Amazonie, les routes \u00e9taient prises et rien ne circulait. Dans la r\u00e9gion p\u00e9troli\u00e8re de Tena, les communications avec les autres villes ont \u00e9t\u00e9 totalement coup\u00e9es. Dans la r\u00e9gion de Puyo, ni la police ni l&rsquo;arm\u00e9e n&rsquo;ont os\u00e9 affronter la mobilisation.<\/p>\n<p><img decoding=\"async\" loading=\"lazy\" class=\"alignnone size-full wp-image-3277\" src=\"https:\/\/i0.wp.com\/litci.org\/fr\/wp-content\/uploads\/2022\/06\/lasmassas2.png?resize=580%2C374\" alt=\"\" width=\"580\" height=\"374\" srcset=\"https:\/\/i0.wp.com\/litci.org\/fr\/wp-content\/uploads\/2022\/06\/lasmassas2.png?w=580&amp;ssl=1 580w, https:\/\/i0.wp.com\/litci.org\/fr\/wp-content\/uploads\/2022\/06\/lasmassas2.png?resize=150%2C97&amp;ssl=1 150w, https:\/\/i0.wp.com\/litci.org\/fr\/wp-content\/uploads\/2022\/06\/lasmassas2.png?resize=300%2C193&amp;ssl=1 300w\" sizes=\"(max-width: 580px) 100vw, 580px\" data-recalc-dims=\"1\" \/><\/p>\n<p><strong>Mercredi : Retraite de Lasso<\/strong><\/p>\n<p><strong>\u00a0<\/strong>Lasso a fait un mauvais calcul politique lorsqu&rsquo;il a arr\u00eat\u00e9 Leonidas Iza, car il pensait que le mouvement allait ralentir, mais c&rsquo;est le contraire qui s&rsquo;est produit, puisque le mercredi a vu une augmentation de la mobilisation et de sa radicalisation.<\/p>\n<p>Cette relation entre r\u00e9pression et r\u00e9ponse, qui s&rsquo;est produite en \u00c9quateur, doit \u00eatre consid\u00e9r\u00e9e dans le contexte des tendances mondiales en ces temps de crise imp\u00e9rialiste. Si d&rsquo;un c\u00f4t\u00e9 les organisations de droite se d\u00e9veloppent, de l&rsquo;autre les masses se radicalisent \u00e9galement.<\/p>\n<p><strong>Jeudi : la mobilisation commence \u00e0 arriver dans la capitale<\/strong><\/p>\n<p>La journ\u00e9e de jeudi a commenc\u00e9 avec l&rsquo;espoir que les marches auraient un plus grand impact dans les villes et surtout \u00e0 Quito. Dans la ville de Cuenca, les \u00e9tudiants universitaires ont suspendu les cours et ont particip\u00e9 \u00e0 une gigantesque marche. En Amazonie, une fois de plus, les indig\u00e8nes amazoniens, qui se distinguent des indig\u00e8nes des hauts plateaux par le fait qu&rsquo;ils sont plus li\u00e9s au march\u00e9, ont mis l&rsquo;arm\u00e9e \u00e0 l&rsquo;\u00e9preuve avec leurs fl\u00e8ches et leurs lances !<\/p>\n<p><img decoding=\"async\" loading=\"lazy\" class=\"alignnone size-full wp-image-3278\" src=\"https:\/\/i0.wp.com\/litci.org\/fr\/wp-content\/uploads\/2022\/06\/lasmassas3.jpeg?resize=696%2C390\" alt=\"\" width=\"696\" height=\"390\" srcset=\"https:\/\/i0.wp.com\/litci.org\/fr\/wp-content\/uploads\/2022\/06\/lasmassas3.jpeg?w=700&amp;ssl=1 700w, https:\/\/i0.wp.com\/litci.org\/fr\/wp-content\/uploads\/2022\/06\/lasmassas3.jpeg?resize=150%2C84&amp;ssl=1 150w, https:\/\/i0.wp.com\/litci.org\/fr\/wp-content\/uploads\/2022\/06\/lasmassas3.jpeg?resize=696%2C390&amp;ssl=1 696w, https:\/\/i0.wp.com\/litci.org\/fr\/wp-content\/uploads\/2022\/06\/lasmassas3.jpeg?resize=300%2C168&amp;ssl=1 300w\" sizes=\"(max-width: 696px) 100vw, 696px\" data-recalc-dims=\"1\" \/><\/p>\n<p>\u00c0 Quito, la capitale, les premi\u00e8res marches indig\u00e8nes ont commenc\u00e9 \u00e0 arriver et la population des quartiers pauvres est sortie pour les accueillir. Au m\u00eame moment, le march\u00e9 central de la capitale, qui compte plus d&rsquo;un millier de vendeurs, a suspendu son activit\u00e9 en soutien aux manifestations. Dans plusieurs petites villes, les magasins ont \u00e9t\u00e9 ferm\u00e9s et les transports interrompus.<\/p>\n<p><strong>Les indig\u00e8nes et les pauvres se battent. Les dirigeants n\u00e9gocient<\/strong><\/p>\n<p><strong>\u00a0<\/strong>La lutte h\u00e9ro\u00efque du peuple \u00e9quatorien, dans cette situation et dans d&rsquo;autres, est un exemple pour tous les combattants d&rsquo;Am\u00e9rique latine. Mais il ne suffit pas de dire non. Il faut dire ce que l&rsquo;on veut.<\/p>\n<p>Les 10 points que la CONAIE soul\u00e8ve n&rsquo;ont aucun slogan contre le gouvernement du grand capital, aucune proposition pour un gouvernement dont le pays a besoin pour faire face \u00e0 la re-colonisation violente du pays et \u00e0 ses cons\u00e9quences pour les indig\u00e8nes, les travailleurs et les pauvres.<\/p>\n<p>La premi\u00e8re t\u00e2che, selon nous, est de promouvoir la mobilisation. Si les organisations syndicales refusent de le faire, il est n\u00e9cessaire de les d\u00e9noncer aupr\u00e8s de leurs bases.<\/p>\n<p>Deuxi\u00e8mement, nous devons dire haut et fort : Dehors Lasso, les banquiers et les grands hommes d&rsquo;affaires.<\/p>\n<p>Et enfin pour un gouvernement des travailleurs, des indig\u00e8nes et de la jeunesse en lutte.<\/p>\n<p>&nbsp;<\/p>\n<p>Traduction Silas Teixeira<\/p>\n","protected":false},"excerpt":{"rendered":"<p>L&rsquo;\u00c9quateur est un pays qui a une grande tradition de luttes. Tout au long des ann\u00e9es 80, il y a eu dix gr\u00e8ves g\u00e9n\u00e9rales. Dans les ann\u00e9es 1990, lors de la vague de privatisation, la classe ouvri\u00e8re \u00e9quatorienne a r\u00e9sist\u00e9 courageusement pour d\u00e9fendre ses entreprises publiques, mais elle n&rsquo;a pas r\u00e9sist\u00e9 \u00e0 l&rsquo;ouverture de l&rsquo;\u00e9conomie [&hellip;]<\/p>\n","protected":false},"author":1,"featured_media":3276,"comment_status":"open","ping_status":"open","sticky":false,"template":"","format":"standard","meta":{"footnotes":"","_jetpack_memberships_contains_paid_content":false},"categories":[3523,3678],"tags":[],"jetpack_sharing_enabled":true,"jetpack_featured_media_url":"https:\/\/i0.wp.com\/litci.org\/fr\/wp-content\/uploads\/2022\/06\/lasmassas1.jpg?fit=1257%2C631&ssl=1","_links":{"self":[{"href":"https:\/\/litci.org\/fr\/wp-json\/wp\/v2\/posts\/3275"}],"collection":[{"href":"https:\/\/litci.org\/fr\/wp-json\/wp\/v2\/posts"}],"about":[{"href":"https:\/\/litci.org\/fr\/wp-json\/wp\/v2\/types\/post"}],"author":[{"embeddable":true,"href":"https:\/\/litci.org\/fr\/wp-json\/wp\/v2\/users\/1"}],"replies":[{"embeddable":true,"href":"https:\/\/litci.org\/fr\/wp-json\/wp\/v2\/comments?post=3275"}],"version-history":[{"count":0,"href":"https:\/\/litci.org\/fr\/wp-json\/wp\/v2\/posts\/3275\/revisions"}],"wp:featuredmedia":[{"embeddable":true,"href":"https:\/\/litci.org\/fr\/wp-json\/wp\/v2\/media\/3276"}],"wp:attachment":[{"href":"https:\/\/litci.org\/fr\/wp-json\/wp\/v2\/media?parent=3275"}],"wp:term":[{"taxonomy":"category","embeddable":true,"href":"https:\/\/litci.org\/fr\/wp-json\/wp\/v2\/categories?post=3275"},{"taxonomy":"post_tag","embeddable":true,"href":"https:\/\/litci.org\/fr\/wp-json\/wp\/v2\/tags?post=3275"}],"curies":[{"name":"wp","href":"https:\/\/api.w.org\/{rel}","templated":true}]}}