{"id":2957,"date":"2022-02-16T11:50:46","date_gmt":"2022-02-16T10:50:46","guid":{"rendered":"https:\/\/litci.org\/fr\/?p=2957"},"modified":"2022-02-16T11:50:46","modified_gmt":"2022-02-16T10:50:46","slug":"gabriel-boric-et-la-nouvelle-concertacion-analyse-et-perspectives","status":"publish","type":"post","link":"https:\/\/litci.org\/fr\/gabriel-boric-et-la-nouvelle-concertacion-analyse-et-perspectives\/","title":{"rendered":"Gabriel Boric et la Nouvelle Concertaci\u00f3n : analyse et perspectives"},"content":{"rendered":"<p><em>Ces derniers jours, plusieurs articles ont \u00e9t\u00e9 publi\u00e9s sur le cabinet du futur pr\u00e9sident Gabriel Boric. Dans cet article, nous n&rsquo;avons pas l&rsquo;intention de faire une analyse d\u00e9taill\u00e9e de son cabinet, car cela peut facilement \u00eatre trouv\u00e9 dans d&rsquo;autres reportages. Notre objectif ici est de discuter, sur la base des \u00e9l\u00e9ments qui sont d\u00e9j\u00e0 sur la table, de ce que nous pouvons attendre du futur gouvernement Boric.<\/em><\/p>\n<p>Par:\u00a0 MIT &#8211; section chilienne de la LIT-QI, l<span style=\"text-align: right;\">e 4 f\u00e9vrier 2022<\/span><\/p>\n<p><strong>La nouvelle <em>Concertaci\u00f3n<\/em><\/strong><\/p>\n<p>La composition du cabinet a \u00e9t\u00e9 marquante, tout d&rsquo;abord, par le nombre de femmes occupant des postes importants, avec Izkia Siches au minist\u00e8re de l&rsquo;int\u00e9rieur et Camila Vallejos au poste de porte-parole du gouvernement. Au total, 14 femmes et 10 hommes occuperont ces minist\u00e8res. Cette composition, avec une majorit\u00e9 de femmes, est diff\u00e9rente de celle de tous les gouvernements pr\u00e9c\u00e9dents, notamment les premiers gouvernements de l&rsquo;ancienne <em>Concertaci\u00f3n<\/em>, qui \u00e9taient majoritairement compos\u00e9s d&rsquo;hommes. Cela montre que davantage de femmes occupent des postes de pouvoir dans le cadre institutionnel, mais rien de plus jusqu&rsquo;\u00e0 pr\u00e9sent. Bien que nombre des futures ministres se disent f\u00e9ministes et se battent pour des droits tels que la l\u00e9galisation de l&rsquo;avortement, nous devons voir quelles mesures concr\u00e8tes le gouvernement prendra pour r\u00e9soudre les innombrables probl\u00e8mes des femmes dans notre pays, en particulier les plus pauvres et les femmes travailleuses. A notre avis, ce gouvernement aura de grandes difficult\u00e9s \u00e0 r\u00e9soudre ces probl\u00e8mes, pour les raisons que nous \u00e9voquerons plus loin.<\/p>\n<p>Outre la pr\u00e9sence importante de femmes, un autre \u00e9l\u00e9ment frappant du nouveau cabinet est l&rsquo;entr\u00e9e de plusieurs personnes issues des partis qui ont dirig\u00e9 le pays au cours des 30 derni\u00e8res ann\u00e9es, les partis de l&rsquo;ancienne <em>Concertaci\u00f3n<\/em>. Le seul parti qui en est absent est la D\u00e9mocratie Chr\u00e9tienne.<\/p>\n<p>Certains des minist\u00e8res les plus importants sont entre les mains de ces partis, comme le minist\u00e8re de la d\u00e9fense (Maya Fern\u00e1ndez, PS), le minist\u00e8re des mines (Marcela Hernando, PR), le minist\u00e8re du logement et du d\u00e9veloppement urbain (Carlos Montes, PS) et le minist\u00e8re des affaires \u00e9trang\u00e8res (Antonia Urrejola, proche du PS). Le nom de Luc\u00eda Dammert, qui sera \u00e0 la t\u00eate des conseillers du gouvernement, se distingue \u00e9galement. Dammert \u00e9tait conseill\u00e8re de l&rsquo;ancien ministre de l&rsquo;int\u00e9rieur de Bachelet, Jorge Burgos, responsable de l&rsquo;assassinat de Nelson Quichillao (un mineur tu\u00e9 lors d&rsquo;une gr\u00e8ve), de la r\u00e9pression des \u00e9tudiants et du peuple mapuche, ainsi que de l&rsquo;ancien sous-secr\u00e9taire de Bachelet, Mahmud Aleuy, grand d\u00e9fenseur de l&rsquo;Op\u00e9ration <em>Hurac\u00e1n<\/em><a href=\"#_edn1\" name=\"_ednref1\">[1]<\/a>.<\/p>\n<p>L&rsquo;un des postes les plus importants du futur gouvernement, le minist\u00e8re des finances, sera occup\u00e9 par l&rsquo;\u00e9conomiste Mario Marcel. Mario Marcel a conseill\u00e9 tous les gouvernements de l&rsquo;ancienne <em>Concertaci\u00f3n<\/em> au cours des 30 derni\u00e8res ann\u00e9es et a \u00e9galement travaill\u00e9 pour plusieurs banques internationales, telles que la BID<a href=\"#_edn2\" name=\"_ednref2\">[2]<\/a> et la Banque mondiale. Son r\u00f4le n&rsquo;a pas \u00e9t\u00e9 secondaire, puisqu&rsquo;il a occup\u00e9 des postes importants li\u00e9s au domaine \u00e9conomique dans les gouvernements d&rsquo;Aylwin, Frei, Lagos et Bachelet.<\/p>\n<p>Apr\u00e8s la nomination de Mario Marcel au minist\u00e8re des finances, la premi\u00e8re personne \u00e0 c\u00e9l\u00e9brer publiquement cette nomination n&rsquo;\u00e9tait autre qu&rsquo;Andr\u00f3nico Luksic, le plus riche homme d&rsquo;affaires chilien, propri\u00e9taire d&rsquo;entreprises aussi importantes que Antofagasta Minerals, Hapag Lloyd (compagnie maritime), CCU, Banco de Chile, entre autres.<\/p>\n<p>Mario Marcel est l&rsquo;homme du grand capital, du syst\u00e8me financier international et de la bourgeoisie chilienne. Il est l&rsquo;homme qui aura la t\u00e2che de garantir qu&rsquo;aucun int\u00e9r\u00eat des grandes banques \u00e9trang\u00e8res, des fonds d&rsquo;investissement et de la bourgeoisie chilienne ne sera l\u00e9s\u00e9 dans le prochain gouvernement. Il aura \u00e9galement pour mission de veiller \u00e0 la bonne tenue des comptes publics : ne pas permettre que trop d&rsquo;argent soit consacr\u00e9 aux droits sociaux, ce qui pourrait affecter les privil\u00e8ges du grand patronat et des cr\u00e9anciers de la dette publique chilienne. Ainsi, l&rsquo;un des postes les plus importants du nouveau gouvernement sera entre les mains d&rsquo;un \u00e9conomiste ayant la confiance de la haute bourgeoisie chilienne et internationale.<\/p>\n<p>Le nom de Mario Marcel donne d\u00e9j\u00e0 une id\u00e9e de ce que sera le gouvernement Boric. L&rsquo;alliance du <em>Frente Amplio<\/em> et du Parti communiste avec les partis de l&rsquo;ancienne <em>Concertaci\u00f3n<\/em> n&rsquo;est pas seulement un \u00ab\u00a0quota politique\u00a0\u00bb. Il s&rsquo;agit d&rsquo;une alliance de deux classes sociales.<\/p>\n<p>Le <em>Frente Amplio<\/em> et le Parti communiste sont les repr\u00e9sentants des secteurs moyens de la soci\u00e9t\u00e9 chilienne. La composition sociale du <em>Frente Amplio<\/em> est petite-bourgeoise par excellence : avocats, journalistes, sociologues, m\u00e9decins, etc. Une grande partie de la g\u00e9n\u00e9ration universitaire qui s&rsquo;est battue en 2011 entre maintenant au gouvernement : Boric lui-m\u00eame, Camila Vallejos, Giorgio Jackson, Izkia Siches, Javiera Toro, Antonia Orellana et beaucoup d&rsquo;autres \u00e0 des postes secondaires. La jeunesse universitaire de 2011 est arriv\u00e9e au pouvoir. Ces jeunes ne sont pas les repr\u00e9sentants directs de la grande bourgeoisie du pays, ils ne sont pas les fils ou les filles de la grande bourgeoisie et beaucoup d&rsquo;entre eux et d&rsquo;entre eux ne viennent pas des universit\u00e9s traditionnelles qui forment les repr\u00e9sentants de la grande bourgeoisie. Ils ne sont pas non plus les repr\u00e9sentants de la classe travailleuse et des pauvres.<\/p>\n<p>Le parti communiste, bien qu&rsquo;il ait \u00e9t\u00e9 historiquement un parti de la classe ouvri\u00e8re, avec un poids important dans des secteurs populaires, a vu sa composition sociale changer depuis longtemps. Le PC d&rsquo;aujourd&rsquo;hui a pour principale base sociale la bureaucratie syndicale ais\u00e9e, l&rsquo;intelligentsia universitaire et petite-bourgeoise et les travailleurs du secteur public. Chaque ann\u00e9e, le parti perd de son poids territorial et gagne en importance dans les institutions bourgeoises &#8211; conseillers, maires, d\u00e9put\u00e9s, constituants et m\u00eame un s\u00e9nateur. Ce processus d&#8217;embourgeoisement du PC aura tendance \u00e0 s&rsquo;acc\u00e9l\u00e9rer rapidement \u00e0 partir du futur gouvernement. C&rsquo;est la premi\u00e8re fois que le parti communiste joue un r\u00f4le aussi d\u00e9terminant dans un gouvernement depuis l&rsquo;UP<a href=\"#_edn3\" name=\"_ednref3\">[3]<\/a>, m\u00eame si le PC d&rsquo;aujourd&rsquo;hui n&rsquo;a rien \u00e0 voir avec le PC des ann\u00e9es 1970.<\/p>\n<p>Bien que le <em>Frente Amplio<\/em> et le PC aient eu leurs entreprises (Universit\u00e9 Arcis, immobilier, etc.) et que certains de leurs militants aient des relations plus \u00e9troites avec la bourgeoisie (Irac\u00ed Hassler et d&rsquo;autres), on ne peut pas dire qu&rsquo;ils soient les partis traditionnels de la bourgeoisie. Les partis traditionnels de la bourgeoisie sont l&rsquo;UDI, le RN, Ev\u00f3poli (plus r\u00e9cent), le Parti socialiste, la DC, le PR et le PPD. Ces partis ont re\u00e7u des flots d&rsquo;argent de la grande bourgeoisie, leurs militants ont fait partie des conseils d&rsquo;administration de grandes entreprises, d&rsquo;AFP<a href=\"#_edn4\" name=\"_ednref4\">[4]<\/a>, de banques, etc.<\/p>\n<p>Pour comprendre ce que sera le futur gouvernement de Boric, il est essentiel de comprendre cette alliance qui se construit. L&rsquo;alliance entre le FA\/PC et le PS\/PPD\/PR est une alliance de la petite bourgeoisie ais\u00e9e et de la bureaucratie syndicale avec la grande bourgeoisie pour sauver le r\u00e9gime d\u00e9mocratique bourgeois et la domination de la grande bourgeoisie sur l&rsquo;ensemble du pays. Les grands bourgeois devront accepter, pour les 4 prochaines ann\u00e9es, que les fils de la petite bourgeoisie et les bureaucrates syndicaux administrent une partie de l&rsquo;appareil d&rsquo;\u00c9tat. Ils savent que ces enfants de la petite bourgeoisie ne sont pas des r\u00e9volutionnaires, mais ils craignent qu&rsquo;ils ne soient pas assez forts pour contenir le tremblement de terre qui les a port\u00e9s au pouvoir et qui peut exploser \u00e0 nouveau \u00e0 tout moment : le mouvement de masse.<\/p>\n<p><strong>Les entreprises des ministres<\/strong><\/p>\n<p>Malgr\u00e9 leur composition sociale essentiellement petite-bourgeoise, certains des futurs membres du cabinet se distinguent par leurs entreprises.<\/p>\n<p>Le futur ministre des transports et des t\u00e9l\u00e9communications, Juan Carlos Mu\u00f1oz, ing\u00e9nieur civil de l&rsquo;Universit\u00e9 catholique, peut \u00eatre consid\u00e9r\u00e9 comme un bourgeois, m\u00eame s&rsquo;il ne fait pas partie des plus riches du Chili. M. Mu\u00f1oz poss\u00e8de des parts dans diverses entreprises de diff\u00e9rents secteurs pour un montant total de plus de 700 millions de pesos. Ses entreprises vont du secteur des transports (Sociedad de Transportes Gama et Sociedad de Arrendamiento de Veh\u00edculos Chacabuco &#8211; bien qu&rsquo;il critique publiquement l&rsquo;utilisation des voitures et promeuve celle des bicyclettes) \u00e0 l&rsquo;agriculture et au secteur immobilier.<\/p>\n<p>La future ministre du d\u00e9veloppement social, Jeanette Vega Morales, a des investissements dans cinq entreprises, principalement dans l&rsquo;immobilier.<\/p>\n<p>Un autre cas tr\u00e8s int\u00e9ressant est celui de la ministre des Affaires \u00e9trang\u00e8res, Antonia Urrejola, qui poss\u00e8de une soci\u00e9t\u00e9 d&rsquo;investissement et de conseil avec son mari, Cristian Franz, qui a \u00e9t\u00e9 surintendant de l&rsquo;environnement entre 2014 et 2018 (gouvernement de Bachelet). Franz a conseill\u00e9 des entreprises aussi \u00ab\u00a0adapt\u00e9es\u00a0\u00bb et \u00ab\u00a0durables\u00a0\u00bb qu&rsquo;Agrosuper, Collahuasi mining, Antofagasta Minerals et Barrick, oui, celle-l\u00e0 m\u00eame de Pascua Lama<a href=\"#_edn5\" name=\"_ednref5\">[5]<\/a>. La m\u00eame soci\u00e9t\u00e9 a \u00e9galement \u00e9mis des factures de conseil \u00e0 nul autre qu&rsquo;Agust\u00edn Walker del R\u00edo, l&rsquo;un des magnats des droits sur l&rsquo;eau.<\/p>\n<p>Le parti communiste n&rsquo;est pas en reste non plus. Le futur ministre des sciences et de la technologie a \u00e9galement ses affaires dans le secteur de la sant\u00e9, o\u00f9 il a gagn\u00e9 de l&rsquo;argent dans des contrats d&rsquo;\u00c9tat et est associ\u00e9 dans une clinique priv\u00e9e. La liste est encore longue, avec les entreprises de Mario Marcel et d&rsquo;autres ministres.<\/p>\n<p>Cette relation entre les hommes d&rsquo;affaires (grands et petits) et l&rsquo;\u00c9tat a \u00e9t\u00e9 l&rsquo;une des caract\u00e9ristiques des r\u00e9cents gouvernements, qu&rsquo;ils soient de \u00ab\u00a0gauche\u00a0\u00bb ou de droite. Tous, d&rsquo;Aylwin \u00e0 Pi\u00f1era, ont utilis\u00e9 l&rsquo;appareil public au profit de leurs entreprises et se sont rempli les poches depuis leur position au pouvoir. Nous ne devrions pas \u00eatre surpris si, dans quelque temps, des cas de corruption, d&rsquo;enrichissement illicite, etc. commencent \u00e0 appara\u00eetre.<\/p>\n<p>Que peut-on attendre d&rsquo;une ministre du d\u00e9veloppement social qui est associ\u00e9e de plusieurs soci\u00e9t\u00e9s immobili\u00e8res ? Que peut-on attendre d&rsquo;un ministre des sciences \u00ab\u00a0communiste\u00a0\u00bb qui poss\u00e8de des entreprises dans le domaine de la biologie cellulaire et est associ\u00e9 de cliniques priv\u00e9es ? Ou un ministre des transports qui poss\u00e8de des entreprises de transport ? Il semble que cette histoire rel\u00e8ve du d\u00e9j\u00e0-vu.<\/p>\n<p><strong>Et quels changements pouvons-nous attendre ?<\/strong><\/p>\n<p>Tout d&rsquo;abord, nous devons souligner que Boric n&rsquo;a pas promis de changer les structures du pays. Il n&rsquo;a pas promis de r\u00e9cup\u00e9rer les richesses confisqu\u00e9es par les transnationales du cuivre, il n&rsquo;a pas promis d&rsquo;inverser les privatisations des 30 derni\u00e8res ann\u00e9es, il n&rsquo;a pas promis de rendre la terre au peuple Mapuche, il n&rsquo;a pas promis de mettre fin aux grands monopoles pharmaceutiques, ni rien de tout cela. Il n&rsquo;a pas non plus promis de lib\u00e9rer tous les prisonniers politiques. Ceux qui pensent que ce gouvernement sera un gouvernement de grands changements peuvent donc revoir leurs attentes \u00e0 la baisse.<\/p>\n<p>Mais Boric a promis une s\u00e9rie de changements. La sant\u00e9 publique et l&rsquo;\u00e9ducation, l&rsquo;eau pour les communaut\u00e9s, le pardon pour les CAE<a href=\"#_edn6\" name=\"_ednref6\">[6]<\/a>, la fin des AFP, la r\u00e9forme de la police, etc.<\/p>\n<p>Pour commencer \u00e0 op\u00e9rer ces changements, Boric et son ministre des finances ont une priorit\u00e9 : faire une r\u00e9forme fiscale. La r\u00e9forme fiscale lui permettrait de collecter davantage d&rsquo;imp\u00f4ts pour financer les d\u00e9penses sociales de son gouvernement. Selon Boric et Mario Marcel, l&rsquo;id\u00e9e est de s&rsquo;attaquer \u00e0 l&rsquo;\u00e9vasion fiscale, de retirer certaines subventions \u00e0 des secteurs d&rsquo;activit\u00e9, d&rsquo;approuver une redevance sur l&rsquo;exploitation mini\u00e8re et de faire payer un petit imp\u00f4t aux super-riches. Cela pourrait rapporter plus ou moins 5% du PIB, ce qui permettrait de mettre en \u0153uvre au moins une partie importante du plan de son gouvernement.<\/p>\n<p>Cependant, ce plan pose plusieurs probl\u00e8mes.<\/p>\n<p><strong>Le premier probl\u00e8me<\/strong> est qu&rsquo;il ne remet pas en cause le v\u00e9ritable pillage par les grandes entreprises des richesses produites par la classe travailleuse. Dans le seul cas du cuivre, on estime qu&rsquo;entre 12 et 20 milliards de dollars finissent chaque ann\u00e9e dans les poches des actionnaires des grandes compagnies mini\u00e8res, pour la plupart des \u00e9trangers. La redevance mini\u00e8re qui transite par le Congr\u00e8s et qui est soutenue par le futur gouvernement variera (si elle est approuv\u00e9e) entre 1 et 3 % d&rsquo;imp\u00f4t sur les ventes des grandes soci\u00e9t\u00e9s mini\u00e8res, en fonction du prix du cuivre. Cette redevance ne change pratiquement rien au pillage op\u00e9r\u00e9 par les grandes transnationales. Si l&rsquo;on ajoute \u00e0 cela les b\u00e9n\u00e9fices des grandes banques, des entreprises foresti\u00e8res, du commerce de d\u00e9tail, etc., on arrive \u00e0 des quantit\u00e9s impressionnantes de ressources, de l&rsquo;argent qui pourrait \u00eatre utilis\u00e9 pour r\u00e9soudre tous les probl\u00e8mes du pays.<\/p>\n<p><strong>Deuxi\u00e8me probl\u00e8me<\/strong> : la logique du gouvernement, qui consiste \u00e0 financer les droits sociaux en taxant les plus riches, pr\u00e9sente un autre \u00ab\u00a0inconv\u00e9nient\u00a0\u00bb. Pour qu&rsquo;il y ait plus d&rsquo;argent dans les caisses fiscales, les riches doivent s&rsquo;enrichir et payer plus d&rsquo;imp\u00f4ts, leurs entreprises et leurs fortunes doivent cro\u00eetre. Cependant, pour se d\u00e9velopper, ces entreprises doivent accro\u00eetre leur production, exporter davantage, faire plus de profits. Cela a deux cons\u00e9quences contradictoires avec le plan du gouvernement : 1 &#8211; pour que le gouvernement ait plus d&rsquo;argent, les entreprises dites extractivistes &#8211; la base de l&rsquo;\u00e9conomie chilienne &#8211; (mines, for\u00eats, p\u00eache industrielle, etc.) doivent produire et exporter davantage, ce qui d\u00e9truit l&rsquo;environnement et les communaut\u00e9s ; 2 &#8211; pour se d\u00e9velopper, les entreprises doivent augmenter l&rsquo;exploitation des travailleurs : investir dans des technologies sup\u00e9rieures pour augmenter la productivit\u00e9 (et donc faire en sorte que moins de travailleurs puissent produire plus) et augmenter les niveaux d&rsquo;exploitation qui existent aujourd&rsquo;hui. Ainsi, son plan \u00e9conomique va dans le sens inverse de ce qu&rsquo;il avait promis : prendre soin de l&rsquo;environnement, r\u00e9duire le temps de travail, augmenter les salaires, etc.<\/p>\n<p><strong>Le troisi\u00e8me probl\u00e8me<\/strong> de ce plan est qu&rsquo;en permettant aux grands capitalistes de continuer \u00e0 dominer l&rsquo;\u00e9conomie du pays dans son ensemble, ils permettent \u00e9galement \u00e0 ces capitalistes de contr\u00f4ler et de corrompre l&rsquo;ensemble des institutions de l&rsquo;\u00c9tat. La premi\u00e8re cons\u00e9quence de cette situation sera la difficult\u00e9 pour Boric de faire passer ses r\u00e9formes au Parlement, une institution contr\u00f4l\u00e9e par le grand patronat \u00e0 travers les partis de droite et l&rsquo;ancienne <em>Concertaci\u00f3n<\/em>. Les r\u00e9formes propos\u00e9es par le gouvernement devront \u00eatre n\u00e9goci\u00e9es avec la grande bourgeoisie, qui gardera la haute main. En outre, la grande bourgeoisie contr\u00f4le toujours les m\u00e9dias et est \u00ab\u00a0infiltr\u00e9e\u00a0\u00bb dans toutes les institutions de l&rsquo;\u00c9tat, ce que Boric ne propose pas de changer, lorsqu\u2019il distribue des postes \u00e0 l&rsquo;ancienne <em>Concertaci\u00f3n<\/em>.<\/p>\n<p>En bref, nous pouvons dire que Boric essaiera de faire des r\u00e9formes \u00ab\u00a0dans la mesure du possible\u00a0\u00bb et aux conditions du grand patronat, ce qui conduira \u00e0 l&rsquo;\u00e9chec ou la mod\u00e9ration de plusieurs de ces r\u00e9formes. Il y aura sans doute des heurts entre le futur gouvernement et le monde des affaires, car Boric sait qu&rsquo;il est assis sur un baril de poudre. Si le mouvement de masse ne descend pas \u00e0 nouveau dans la rue, tout indique que le gouvernement finira par s&rsquo;adapter aux conditions des propri\u00e9taires du pays. Si le mouvement de masse reprend son action, l&rsquo;instabilit\u00e9 du futur gouvernement sera grande.<\/p>\n<p><strong>La question mapuche : une bombe \u00e0 retardement<\/strong><\/p>\n<p>Un autre probl\u00e8me central qui ne sera pas r\u00e9solu sera la question des Mapuches. Bien que Boric ait indiqu\u00e9 qu&rsquo;il retirerait les troupes militaires de Wallmapu, le probl\u00e8me demeurera. La \u00ab\u00a0question mapuche\u00a0\u00bb n&rsquo;aura de solution que si leurs terres leur sont rendues et si leur droit \u00e0 l&rsquo;autod\u00e9termination est respect\u00e9. Parall\u00e8lement \u00e0 ces mesures, tous les prisonniers mapuches doivent \u00eatre lib\u00e9r\u00e9s, ce que le gouvernement ne fera pas non plus.<\/p>\n<p>M\u00eame si M. Boric tente de n\u00e9gocier avec des hommes d&rsquo;affaires et des secteurs mapuches pour gagner du temps, le futur gouvernement n&rsquo;a aucun plan pour r\u00e9soudre le probl\u00e8me, car il ne veut pas affronter les propri\u00e9taires des grandes entreprises foresti\u00e8res qui occupent le territoire mapuche.<\/p>\n<p><strong>Et la Convention constitutionnelle ?<\/strong><\/p>\n<p>Un autre \u00e9l\u00e9ment important \u00e0 prendre en compte sera le r\u00e9sultat de la Convention constitutionnelle et du pl\u00e9biscite de sortie, qui pourrait approuver ou rejeter la Nouvelle Constitution. L\u00e0 aussi, nous devons \u00eatre tr\u00e8s attentifs \u00e0 ce qui se passe.<\/p>\n<p>Bien que les commissions de la Convention constitutionnelle approuvent des initiatives importantes (comme la restitution des terres au peuple mapuche, la r\u00e9vision des accords de libre-\u00e9change, la nationalisation du cuivre et du lithium), <strong>ces initiatives seront rejet\u00e9es en pl\u00e9ni\u00e8re s&rsquo;il n&rsquo;y a pas une \u00e9norme pression populaire<\/strong>. En effet, la Convention constitutionnelle fonctionne avec un quorum de deux tiers, ce qui donne le pouvoir \u00e0 une minorit\u00e9 de constituants (53) de d\u00e9cider ce qui sera ou ne sera pas int\u00e9gr\u00e9 dans la Nouvelle Constitution. Ainsi, <strong>le pouvoir d\u00e9cisif sera entre les mains des partis actuellement au gouvernement et \u00e0 la t\u00eate de la Convention constitutionnelle : <em>Frente Amplio<\/em>, Parti socialiste et, dans une moindre mesure, le PC<\/strong>. La m\u00eame strat\u00e9gie de Boric de pactiser avec le grand patronat s&rsquo;exprimera au sein de la Convention constitutionnelle.<\/p>\n<p>S&rsquo;il n&rsquo;y a pas de mobilisation populaire maintenant, la tendance est que la future Constitution garantisse certains droits sur le papier, mais que cela ne soit pas respect\u00e9 plus tard, puisque la structure du mod\u00e8le \u00e9conomique ne sera pas touch\u00e9e.<\/p>\n<p><strong>Alors, que faisons-nous ?<\/strong><\/p>\n<p>Tout ce que nous avons obtenu jusqu&rsquo;\u00e0 pr\u00e9sent a \u00e9t\u00e9 le fruit de la mobilisation et de l&rsquo;organisation populaires. La Convention constitutionnelle elle-m\u00eame n&rsquo;existerait pas sans les \u00e9normes mobilisations populaires de ces derni\u00e8res ann\u00e9es. Nous pensons que c&rsquo;est de cette mani\u00e8re que nous pourrons r\u00e9aliser les v\u00e9ritables changements dont il est question aujourd&rsquo;hui.<\/p>\n<p>Pour cela, il est essentiel que nous nous organisions sur nos lieux de travail, dans nos territoires, dans les syndicats. Il est fondamental que la classe ouvri\u00e8re suive les d\u00e9bats de la Convention constitutionnelle et fasse pression pour que les revendications populaires soient <strong>respect\u00e9es et vot\u00e9es<\/strong> par cette Convention. <strong>Nous devons retrouver le chemin du 12 novembre 2019, o\u00f9 une gr\u00e8ve g\u00e9n\u00e9rale combin\u00e9e aux mobilisations populaires a contraint le gouvernement Pi\u00f1era et les partis du r\u00e9gime \u00e0 ouvrir l&rsquo;actuel processus constituant<\/strong>.<\/p>\n<p>Avec notre camarade Mar\u00eda Rivera, nous avons pr\u00e9sent\u00e9 une s\u00e9rie d&rsquo;initiatives qui seront discut\u00e9es et vot\u00e9es dans les semaines \u00e0 venir, telles que la nationalisation des grandes exploitations mini\u00e8res de cuivre, de lithium et d&rsquo;or ; l&rsquo;amnistie pour tous les prisonniers politiques chiliens et mapuches ; la n\u00e9cessit\u00e9 de changer toute la structure de l&rsquo;\u00c9tat vers un pouvoir de la classe ouvri\u00e8re et des peuples ; la n\u00e9cessit\u00e9 de nationaliser toutes les entreprises strat\u00e9giques du pays et de planifier l&rsquo;\u00e9conomie, et des initiatives sur les droits des femmes. Nous soutenons \u00e9galement plusieurs autres initiatives qui proposent de r\u00e9viser les accords de libre-\u00e9change, de rendre la terre au peuple mapuche, de rendre l&rsquo;eau aux communaut\u00e9s, de r\u00e9g\u00e9n\u00e9rer la nature, etc.<\/p>\n<p>Il est essentiel que nous r\u00e9organisions les espaces du mouvement populaire, de la jeunesse et de la classe ouvri\u00e8re. Nous devons exercer une forte pression maintenant pour que les revendications populaires soient vot\u00e9es dans la nouvelle Constitution et que le futur gouvernement soit oblig\u00e9 de les respecter. Si cela ne se produit pas, la Convention constitutionnelle sera un grand \u00e9chec, tout comme le gouvernement Boric.<\/p>\n<p><strong>Il est n\u00e9cessaire de construire une nouvelle alternative politique de la classe travailleuse et des peuples.<\/strong><\/p>\n<p>La classe travailleuse, la jeunesse et le peuple doivent commencer \u00e0 construire une alternative politique qui m\u00e8nera jusqu&rsquo;au bout la lutte pour les revendications populaires et pour le changement de notre pays. Bien que nous puissions remporter des victoires gr\u00e2ce \u00e0 la pression populaire, nous ne pouvons pas attendre des propri\u00e9taires de ce pays et de leurs gouvernements qu&rsquo;ils les respectent.<\/p>\n<p><strong>Nous devons construire un parti politique de la classe travailleuse<\/strong> qui vise \u00e0 r\u00e9cup\u00e9rer tout ce que les grands patrons nous ont pill\u00e9- la terre, le cuivre, les mers, etc. &#8211; et \u00e0 mettre l&rsquo;ensemble de l&rsquo;\u00e9conomie au service de la population travailleuse et de la restauration de la nature. Si le gouvernement de Boric ne r\u00e9sout pas les probl\u00e8mes du pays, il devra ouvrir la voie \u00e0 ceux d&rsquo;entre nous qui ont un projet pour les r\u00e9soudre : le peuple travailleur et la jeunesse.<\/p>\n<p>Le Mouvement international des travailleurs est aujourd&rsquo;hui un outil dans le sens de la construction d&rsquo;un tel parti. Nous vous invitons tous et toutes \u00e0 faire connaissance avec le MIT et \u00e0 vous organiser en son sein.<\/p>\n<p><a href=\"#_ednref1\" name=\"_edn1\">[1]<\/a> Nom donn\u00e9 \u00e0 une op\u00e9ration de police d&rsquo;investigation lanc\u00e9e par les <em>Carabineros<\/em> en vertu de la loi sur le renseignement. Elle a conduit en \u00e0 arr\u00eater huit membres de la communaut\u00e9 mapuche sous des pr\u00e9textes fallacieux de participation \u00e0 une organisation terroriste.<\/p>\n<p><a href=\"#_ednref2\" name=\"_edn2\">[2]<\/a> BID\u00a0: Banque interam\u00e9ricaine de d\u00e9veloppement<\/p>\n<p><a href=\"#_ednref3\" name=\"_edn3\">[3]<\/a> UP\u00a0: <em>Unidad Popular<\/em>, coalition \u00a0de parti de gauche qui a \u00e9t\u00e9 au gouvernement sous la pr\u00e9sidence Allende, de 1970 au coup d\u2019Etat de Pinochet en 1973.<\/p>\n<p><a href=\"#_ednref4\" name=\"_edn4\">[4]<\/a> AFP\u00a0: <em>Administradoras de fondos de pensiones<\/em> (Administratrices de fonds de pension). Institutions financi\u00e8res priv\u00e9es charg\u00e9es d\u2019administrer les fonds \u00e0 partir des comptes \u00e9pargne individuels pour les retraites.<\/p>\n<p><a href=\"#_ednref5\" name=\"_edn5\">[5]<\/a> Mine \u00e0 ciel ouvert situ\u00e9e en altitude dans les Andes \u00e0 la fronti\u00e8re avec l\u2019Argentine, dont la conception et la construction (commenc\u00e9e 2009) a caus\u00e9 de grosses mobilisations en d\u00e9fense de l\u2019environnement.<\/p>\n<p><a href=\"#_ednref6\" name=\"_edn6\">[6]<\/a> CAE\u00a0: <em>Carga Anual Equivalente<\/em>. Un indice en pourcentage cens\u00e9 permettre de comparer annuellement le co\u00fbt des cr\u00e9dits entre diverses entit\u00e9s.<\/p>\n<p>&nbsp;<\/p>\n","protected":false},"excerpt":{"rendered":"<p>Ces derniers jours, plusieurs articles ont \u00e9t\u00e9 publi\u00e9s sur le cabinet du futur pr\u00e9sident Gabriel Boric. Dans cet article, nous n&rsquo;avons pas l&rsquo;intention de faire une analyse d\u00e9taill\u00e9e de son cabinet, car cela peut facilement \u00eatre trouv\u00e9 dans d&rsquo;autres reportages. Notre objectif ici est de discuter, sur la base des \u00e9l\u00e9ments qui sont d\u00e9j\u00e0 sur [&hellip;]<\/p>\n","protected":false},"author":9,"featured_media":2958,"comment_status":"open","ping_status":"open","sticky":false,"template":"","format":"standard","meta":{"footnotes":"","_jetpack_memberships_contains_paid_content":false},"categories":[3523,3513],"tags":[],"jetpack_sharing_enabled":true,"jetpack_featured_media_url":"https:\/\/i0.wp.com\/litci.org\/fr\/wp-content\/uploads\/2022\/02\/boric1.jpg?fit=1021%2C580&ssl=1","_links":{"self":[{"href":"https:\/\/litci.org\/fr\/wp-json\/wp\/v2\/posts\/2957"}],"collection":[{"href":"https:\/\/litci.org\/fr\/wp-json\/wp\/v2\/posts"}],"about":[{"href":"https:\/\/litci.org\/fr\/wp-json\/wp\/v2\/types\/post"}],"author":[{"embeddable":true,"href":"https:\/\/litci.org\/fr\/wp-json\/wp\/v2\/users\/9"}],"replies":[{"embeddable":true,"href":"https:\/\/litci.org\/fr\/wp-json\/wp\/v2\/comments?post=2957"}],"version-history":[{"count":0,"href":"https:\/\/litci.org\/fr\/wp-json\/wp\/v2\/posts\/2957\/revisions"}],"wp:featuredmedia":[{"embeddable":true,"href":"https:\/\/litci.org\/fr\/wp-json\/wp\/v2\/media\/2958"}],"wp:attachment":[{"href":"https:\/\/litci.org\/fr\/wp-json\/wp\/v2\/media?parent=2957"}],"wp:term":[{"taxonomy":"category","embeddable":true,"href":"https:\/\/litci.org\/fr\/wp-json\/wp\/v2\/categories?post=2957"},{"taxonomy":"post_tag","embeddable":true,"href":"https:\/\/litci.org\/fr\/wp-json\/wp\/v2\/tags?post=2957"}],"curies":[{"name":"wp","href":"https:\/\/api.w.org\/{rel}","templated":true}]}}