{"id":2942,"date":"2022-02-13T09:06:50","date_gmt":"2022-02-13T08:06:50","guid":{"rendered":"https:\/\/litci.org\/fr\/?p=2942"},"modified":"2022-02-13T09:06:50","modified_gmt":"2022-02-13T08:06:50","slug":"un-ami-un-combattant-et-un-internationaliste","status":"publish","type":"post","link":"https:\/\/litci.org\/fr\/un-ami-un-combattant-et-un-internationaliste\/","title":{"rendered":"Un ami, un combattant et un internationaliste"},"content":{"rendered":"<p style=\"text-align: right;\">8 f\u00e9vrier, 2022<\/p>\n<p>C&rsquo;est avec une grande tristesse et une grande fiert\u00e9 que j&rsquo;\u00e9cris la n\u00e9crologie de Peter Windeler. Nous adressons nos condol\u00e9ances \u00e0 l&rsquo;\u00e9pouse de Peter, \u00e0 son \u00a0fils, ses petits-enfants, \u00e0 ses deux s\u0153urs et \u00e0 son fr\u00e8re.<\/p>\n<p><em>Par :Martin Ralph \u2013 International Socialist League, section de la LIT-QI au Royaume Uni<\/em><\/p>\n<p>Ce fut un choc de recevoir la nouvelle que \u00a0Peter \u00e9tait mort paisiblement dans son sommeil aux premi\u00e8res heures du 30 janvier. Il avait 70 ans et attendait une \u00e9chographie cardiaque, car certains tests avaient r\u00e9v\u00e9l\u00e9 un rythme cardiaque irr\u00e9gulier. Il \u00e9tait tr\u00e8s en forme et ne se plaignait jamais de maladie ou de fatigue.<\/p>\n<p>Quelques heures avant sa mort, vers 19h30 le samedi, nous nous envoyions des SMS \u00e0 propos de la prochaine r\u00e9union de l\u2019ISL. Dans l&rsquo;apr\u00e8s-midi, il avait jou\u00e9 \u00e0 la crosse &#8211; un sport d&rsquo;\u00e9quipe physiquement exigeant. Il avait r\u00e9cemment envoy\u00e9 un article sur le Covid, \u00ab\u00a0Covid &#8211; mortellement rentable\u00a0\u00bb, publi\u00e9 sur le site de la \u00a0litci.org\/en. Deux jours auparavant, il avait pris la parole au nom du Stockport Trades Council lors d&rsquo;une r\u00e9union \u00ab\u00a0Stand Up To Racism\u00a0\u00bb consacr\u00e9e \u00e0 l&rsquo;holocauste et \u00e0 tous les peuples qui ont subi un g\u00e9nocide. Il existe un enregistrement vid\u00e9o en direct de la r\u00e9union, et Peter a tr\u00e8s bien parl\u00e9.<\/p>\n<p>En janvier, nous avions parl\u00e9 de la possibilit\u00e9 d&rsquo;assister \u00e0 la r\u00e9union du R\u00e9seau Syndical International de Solidarit\u00e9 et de Lutte qui se tiendra \u00e0 Dijon en avril \u2013 Le Stockport TUC l&rsquo;y a d\u00e9l\u00e9gu\u00e9.<\/p>\n<p>Peter \u00e9tait tr\u00e8s actif et ne se lassait jamais de lire et d&rsquo;\u00e9tudier le Marxisme, son histoire et sa th\u00e9orie, et il lisait souvent des romans qui traitaient de la lutte.<\/p>\n<p>Peter est n\u00e9 \u00e0 Stockport. Lorsqu&rsquo;il \u00e9tait \u00e9tudiant, il a rejoint le WRP \u00e0 Londres et est revenu travailler \u00e0 Manchester. Plus tard, il a \u00e9t\u00e9 un membre fondateur de l&rsquo;ISL.<\/p>\n<p>Son premier emploi a \u00e9t\u00e9 de travailler \u00e0 Ardwick, Manchester, \u00e0 l&rsquo;usine de caoutchouc Avon Moseley, propri\u00e9t\u00e9 de la famille Moseley. Beaucoup de ceux qui y travaillaient depuis des ann\u00e9es avaient le dos d\u00e9form\u00e9 par des ann\u00e9es de labeur. Ils travaillaient dans des caves \u00e0 actionner \u00e0 la main de grandes machines qui fabriquaient les compos\u00e9s de caoutchouc servant \u00e0 la fabrication du caoutchouc synth\u00e9tique. Il disait que les conditions de travail dans l&rsquo;usine auraient \u00e9t\u00e9 reconnues par Charles Dickens. Apr\u00e8s cet emploi, Peter a travaill\u00e9 dans une banque avant de devenir enseignant bien des ann\u00e9es plus tard.<\/p>\n<p>Peter \u00e9tait un pilier de l&rsquo;ISL ; il assistait \u00e0 presque toutes les r\u00e9unions de section, il pouvait \u00e9crire un article presque chaque semaine pour le Socialist Voice ou le site internet. \u00c0 partir de 2018, il a commenc\u00e9 \u00e0 se rendre aux r\u00e9unions internationales de la LIT en Belgique et en Espagne en tant que membre de l&rsquo;\u00e9quipe de l&rsquo;ISL.<\/p>\n<p>\u00c0 cause du Covid, tous les camarades de l&rsquo;ISL ont appris \u00e0 le conna\u00eetre, car nous avons commenc\u00e9 les r\u00e9unions de zoom d\u00e8s que Covid a commenc\u00e9.<\/p>\n<p>La lutte pour construire la LIT et reconstruire la Quatri\u00e8me Internationale faisait partie de sa vie.<\/p>\n<p>\u00c0 l&rsquo;avenir, nous produirons un num\u00e9ro sp\u00e9cial de Socialist Voice sur sa vie et sa contribution \u00e0 la LSI, la lutte pour le marxisme et la lutte des travailleurs et des opprim\u00e9s.<\/p>\n<p><img decoding=\"async\" loading=\"lazy\" class=\"alignnone size-full wp-image-2947\" src=\"https:\/\/i0.wp.com\/litci.org\/fr\/wp-content\/uploads\/2022\/02\/17.jpg?resize=696%2C345\" alt=\"\" width=\"696\" height=\"345\" srcset=\"https:\/\/i0.wp.com\/litci.org\/fr\/wp-content\/uploads\/2022\/02\/17.jpg?w=967&amp;ssl=1 967w, https:\/\/i0.wp.com\/litci.org\/fr\/wp-content\/uploads\/2022\/02\/17.jpg?resize=300%2C149&amp;ssl=1 300w, https:\/\/i0.wp.com\/litci.org\/fr\/wp-content\/uploads\/2022\/02\/17.jpg?resize=768%2C381&amp;ssl=1 768w, https:\/\/i0.wp.com\/litci.org\/fr\/wp-content\/uploads\/2022\/02\/17.jpg?resize=150%2C74&amp;ssl=1 150w, https:\/\/i0.wp.com\/litci.org\/fr\/wp-content\/uploads\/2022\/02\/17.jpg?resize=696%2C345&amp;ssl=1 696w\" sizes=\"(max-width: 696px) 100vw, 696px\" data-recalc-dims=\"1\" \/><\/p>\n<p><strong>Quelques messages sur Peter<\/strong><\/p>\n<p>Nous remercions les dirigeants et les membres de la Ligue internationale des travailleurs &#8211; Quatri\u00e8me Internationale et les contacts et sympathisants qui connaissaient Peter pour les merveilleux messages de condol\u00e9ances provenant de trois continents. Nous avons transmis tous les messages \u00e0 la femme de Peter, Sue, et \u00e0 son fils.<\/p>\n<p>________________<\/p>\n<p>Danny : \u00ab\u00a0Oh, wow. C&rsquo;est affreux, juste affreux. Je n&rsquo;ai jamais rencontr\u00e9 Peter en personne (seulement sur Zoom), mais il \u00e9tait un gentil et une sorte de force tranquille. Triste, triste nouvelle. Repose en paix.\u00a0\u00bb<\/p>\n<p>________________<\/p>\n<p>Margarido : \u00ab\u00a0Je n&rsquo;arrive pas \u00e0 y croire. J&rsquo;ai rencontr\u00e9 Peter, et il \u00e9tait exactement comme Danny l&rsquo;a dit et plus encore. Je ne sais pas quoi dire. Nous avons perdu l&rsquo;un des n\u00f4tres. Mes condol\u00e9ances \u00e0 sa famille.\u00a0\u00bb<\/p>\n<p>________________<\/p>\n<p>Ashley : \u00ab\u00a0Peter \u00e9tait un grand socialiste et r\u00e9volutionnaire, nous parlions souvent pendant le trajet en voiture vers des r\u00e9unions, des \u00e9v\u00e9nements, etc., pas seulement de politique, mais aussi d&rsquo;histoire et d&rsquo;int\u00e9r\u00eats personnels dans nos vies priv\u00e9es. J&rsquo;ai toujours beaucoup appr\u00e9ci\u00e9 nos discussions ensemble ; Peter me manquera beaucoup, un camarade et un ami d\u00e9vou\u00e9.\u00a0\u00bb<\/p>\n<p>________________<\/p>\n<p>John Pearson, un proche : \u00ab\u00a0Je connaissais Peter depuis 1997, lorsque nous \u00e9tions membres fondateurs de la Stockport Socialist Alliance. Il \u00e9tait l&rsquo;un des socialistes les plus attach\u00e9s aux principes et l&rsquo;un des camarades les plus fiables et attentionn\u00e9s que j&rsquo;ai connus. Il va beaucoup me manquer.<\/p>\n<p>_____________<\/p>\n<p>Dawn Taylor, Secr\u00e9taire de la section de Stockport, Syndicat National de l&rsquo;Education :<\/p>\n<p>\u00ab\u00a0Stockport a perdu un grand militant, et la voix de la justice sociale internationale sera moins forte sans lui\u00a0\u00bb.<\/p>\n<p>_____________<\/p>\n<p>Alison Treacher, Pr\u00e9sidente du Conseil des syndicats de Stockport\u00a0:<\/p>\n<p>\u00ab\u00a0C&rsquo;\u00e9tait un camarade tr\u00e8s bien inform\u00e9 et il connaissait tellement de choses sur l&rsquo;histoire du socialisme. Son d\u00e9c\u00e8s est une grande perte pour le mouvement.\u00a0\u00bb<\/p>\n<p>____________<\/p>\n<p>Camarades belges : \u00ab\u00a0C&rsquo;est avec une profonde tristesse que nous avons appris le d\u00e9c\u00e8s de notre camarade Peter. Nous adressons nos condol\u00e9ances \u00e0 sa famille, ses amis et ses camarades de l\u2019International Socialist League. Nous nous souvenons de lui comme d&rsquo;un camarade extr\u00eamement doux, attentionn\u00e9 et enthousiaste. Peter \u00e9tait un camarade discret et g\u00e9n\u00e9reux qui parlait avec autant de passion de son travail, de la situation politique et des parties de p\u00eache dans son \u00c9cosse natale, ce qui a fa\u00e7onn\u00e9 son incroyable accent.<\/p>\n<p>Il \u00e9tait venu en Belgique en 2018 et 2019 lors des rencontres nord-europ\u00e9ennes de la LIT, o\u00f9 nous avons discut\u00e9 de la situation politique avec des camarades de France, de Suisse, de Belgique et de Russie. Puis des camarades de la LCT l&rsquo;ont retrouv\u00e9 lors de la rencontre en Espagne sur les syndicats et le parti r\u00e9volutionnaire, o\u00f9 ce fut \u00e0 nouveau l&rsquo;occasion d&rsquo;\u00e9changer et de b\u00e9n\u00e9ficier de son exp\u00e9rience politique et de sa pratique de l&rsquo;internationalisme r\u00e9volutionnaire.<\/p>\n<p>La perte de Peter est d&rsquo;autant plus difficile qu&rsquo;elle est soudaine. Il est parti sans pr\u00e9venir, nous laissant orphelins d&rsquo;un camarade pr\u00e9cieux qui nous manque d\u00e9j\u00e0 cruellement.<\/p>\n<p>Peter, tu vivras dans nos souvenirs et dans chacune de nos luttes,<\/p>\n<p>Peter Windeler, pr\u00e9sent !<\/p>\n<p>Pour la Ligue Communiste des Travailleurs,<\/p>\n<p>Matthieu\u00a0\u00bb<\/p>\n<p>______________<\/p>\n<p>Margaret McAdam<\/p>\n<p>\u00ab\u00a0J&rsquo;ai lu le message de Sue Windeler concernant le d\u00e9c\u00e8s dans son sommeil de son mari Peter &#8211; au d\u00e9but, je n&rsquo;ai pas pu comprendre les mots, mais au fur et \u00e0 mesure qu&rsquo;ils s&rsquo;estompaient, mes pens\u00e9es, mes condol\u00e9ances et ma sympathie sont all\u00e9es vers Sue, leur fils et leurs petits-enfants, ainsi que les fr\u00e8res et s\u0153urs de Peter.<\/p>\n<p>Peter \u00e9tait une personne calme et sensible, attentionn\u00e9e et dot\u00e9e d&rsquo;un grand sens de l&rsquo;humour. C&rsquo;\u00e9tait une personne priv\u00e9e et pourtant tr\u00e8s publique dans sa politique et ses principes.<\/p>\n<p>Je pense aussi \u00e0 notre perte, il \u00e9tait notre camarade et notre confident. J&rsquo;imagine Peter maintenant, dans son costume \u00e9l\u00e9gant et sa cravate, un trotskiste de grande classe qui aurait pu \u00e9galer Trotsky lui-m\u00eame dans son style.<\/p>\n<p>Peter a consacr\u00e9 sa vie politique adulte \u00e0 la lutte pour le socialisme. Il \u00e9tait bien inform\u00e9 sur les \u00e9crits de nos ma\u00eetres historiques Marx, Engels, L\u00e9nine et Trotsky. Peter a \u00e9tudi\u00e9 de pr\u00e8s l&rsquo;histoire de la lutte des classes, reconnaissant son importance en tant qu&rsquo;outil pour comprendre, analyser et d\u00e9velopper les outils n\u00e9cessaires \u00e0 la construction d&rsquo;un programme socialiste pour le monde.<\/p>\n<p>Il \u00e9tait \u00e9galement un lecteur avide de litt\u00e9rature contemporaine et d\u00e9veloppait r\u00e9guli\u00e8rement des analyses et critiques s\u00e9rieuses des journalistes et analystes bourgeois contemporains. Peter partageait de mani\u00e8re d\u00e9sint\u00e9ress\u00e9e ses connaissances, ses id\u00e9es et ses pens\u00e9es dans ses discussions et ses \u00e9crits. Dans son dernier article, il a \u00e9crit sur la fa\u00e7on dont Covid a expos\u00e9 la d\u00e9g\u00e9n\u00e9rescence absolue du capitalisme &#8211; c&rsquo;\u00e9tait bien document\u00e9 et approfondi et Peter a clairement expos\u00e9 la nature contradictoire du capitalisme.<\/p>\n<p>Peter a travaill\u00e9 conjointement avec Martin Ralph \u00e0 \u00e9crire pour la\u00a0 publication de l\u2019International Socialist League, Socialist Voice et \u00e0 la reproduction des \u00e9crits de Bill Hunter (qui a dirig\u00e9 l\u2019ISL de 1988 \u00e0 2015).<\/p>\n<p>La crosse et la p\u00eache \u00e9taient deux des passions de Peter qui l&rsquo;ont aid\u00e9 \u00e0 rester non seulement un trotskyste tr\u00e8s intelligent, engag\u00e9 et respectueux des principes, mais aussi un trotskyste en pleine forme. Nous n&rsquo;avons pas encore appris la cause de la mort de Peter mais nous pouvons \u00eatre certains que s&rsquo;il existait une vie apr\u00e8s la mort, il serait avec tous les grands trotskystes qui l&rsquo;ont pr\u00e9c\u00e9d\u00e9, luttant pour le socialisme et organisant un match de Lacrosse et une partie de p\u00eache.<\/p>\n<p>Peter \u00e9tait tr\u00e8s respect\u00e9 et admir\u00e9 au sein de l&rsquo;internationale (Ligue internationale des Travailleurs QI) et il nous manquera \u00e0 tous profond\u00e9ment. L&rsquo;ISL sait que nous avons subi une grande perte &#8211; mais Peter sera toujours l\u00e0 &#8211; il a contribu\u00e9 \u00e0 construire notre conscience en sachant que nous construisons un monde meilleur et un avenir meilleur.<\/p>\n<p>Peter continue \u00e0 vivre &#8211; le socialisme pour toujours\u00a0\u00bb.<\/p>\n","protected":false},"excerpt":{"rendered":"<p>8 f\u00e9vrier, 2022 C&rsquo;est avec une grande tristesse et une grande fiert\u00e9 que j&rsquo;\u00e9cris la n\u00e9crologie de Peter Windeler. Nous adressons nos condol\u00e9ances \u00e0 l&rsquo;\u00e9pouse de Peter, \u00e0 son \u00a0fils, ses petits-enfants, \u00e0 ses deux s\u0153urs et \u00e0 son fr\u00e8re. Par :Martin Ralph \u2013 International Socialist League, section de la LIT-QI au Royaume Uni Ce [&hellip;]<\/p>\n","protected":false},"author":9,"featured_media":2943,"comment_status":"open","ping_status":"open","sticky":false,"template":"","format":"standard","meta":{"footnotes":"","_jetpack_memberships_contains_paid_content":false},"categories":[3546,3498,3502],"tags":[],"jetpack_sharing_enabled":true,"jetpack_featured_media_url":"https:\/\/i0.wp.com\/litci.org\/fr\/wp-content\/uploads\/2022\/02\/Peter-1.png?fit=1890%2C1081&ssl=1","_links":{"self":[{"href":"https:\/\/litci.org\/fr\/wp-json\/wp\/v2\/posts\/2942"}],"collection":[{"href":"https:\/\/litci.org\/fr\/wp-json\/wp\/v2\/posts"}],"about":[{"href":"https:\/\/litci.org\/fr\/wp-json\/wp\/v2\/types\/post"}],"author":[{"embeddable":true,"href":"https:\/\/litci.org\/fr\/wp-json\/wp\/v2\/users\/9"}],"replies":[{"embeddable":true,"href":"https:\/\/litci.org\/fr\/wp-json\/wp\/v2\/comments?post=2942"}],"version-history":[{"count":0,"href":"https:\/\/litci.org\/fr\/wp-json\/wp\/v2\/posts\/2942\/revisions"}],"wp:featuredmedia":[{"embeddable":true,"href":"https:\/\/litci.org\/fr\/wp-json\/wp\/v2\/media\/2943"}],"wp:attachment":[{"href":"https:\/\/litci.org\/fr\/wp-json\/wp\/v2\/media?parent=2942"}],"wp:term":[{"taxonomy":"category","embeddable":true,"href":"https:\/\/litci.org\/fr\/wp-json\/wp\/v2\/categories?post=2942"},{"taxonomy":"post_tag","embeddable":true,"href":"https:\/\/litci.org\/fr\/wp-json\/wp\/v2\/tags?post=2942"}],"curies":[{"name":"wp","href":"https:\/\/api.w.org\/{rel}","templated":true}]}}