{"id":2550,"date":"2021-12-11T20:24:13","date_gmt":"2021-12-11T19:24:13","guid":{"rendered":"https:\/\/litci.org\/fr\/?p=2550"},"modified":"2021-12-11T20:24:13","modified_gmt":"2021-12-11T19:24:13","slug":"uruguay-luttes-gouvernement-et-direction-revolutionnaire","status":"publish","type":"post","link":"https:\/\/litci.org\/fr\/uruguay-luttes-gouvernement-et-direction-revolutionnaire\/","title":{"rendered":"Uruguay : Luttes, gouvernement et direction r\u00e9volutionnaire"},"content":{"rendered":"<p style=\"text-align: right;\"><em>Editorial de Rebeli\u00f3n (novembre-d\u00e9cembre) N. 75 d&rsquo;Izquierda Socialista de los Trabajadores, section de la LIT-QI en Uruguay<\/em><\/p>\n<p>Une ann\u00e9e, qui a \u00e9t\u00e9 dure pour les travailleurs et les secteurs populaires, s&rsquo;ach\u00e8ve. En Uruguay, la pand\u00e9mie s&rsquo;est traduite par des d\u00e9c\u00e8s et des infections \u00e9vitables en raison de la politique de la \u00ab\u00a0nouvelle normalit\u00e9\u00a0\u00bb. Elle a \u00e9galement perturb\u00e9 la vie quotidienne des travailleurs et des travailleuses. Le confinement et l&rsquo;isolement ont provoqu\u00e9 davantage de violences \u00e0 l&rsquo;encontre des femmes dans leur maisons, l&rsquo;incertitude parmi les ouvriers informels et 100 000 personnes ont \u00e9t\u00e9 pouss\u00e9es dans la mis\u00e8re, appel\u00e9es les nouveaux pauvres. La classe ouvri\u00e8re a subi des licenciements, des r\u00e9ductions de salaire et la flexibilisation du travail, parce que les patrons, avec la b\u00e9n\u00e9diction de ce gouvernement des propri\u00e9taires de l&rsquo;Uruguay, ont profit\u00e9 du marasme pour nous ajuster.<\/p>\n<p>Dans ces conditions, les travailleurs et les secteurs populaires \u00ab\u00a0sortent\u00a0\u00bb de la pand\u00e9mie : avec plus de pauvret\u00e9, moins de travail, des salaires plus bas, des r\u00e9ductions et des augmentations des tarifs et du co\u00fbt de la vie. Ce sont les m\u00eames cons\u00e9quences, \u00e0 la mani\u00e8re et au rythme de l&rsquo;Uruguay, qui se sont produites dans le monde entier \u00e0 cause de ce syst\u00e8me capitaliste et de ses gouvernements qui font peser le poids de la crise sur nos \u00e9paules.<\/p>\n<p>Dans ce sc\u00e9nario, les travailleurs ont men\u00e9 de nombreuses et importantes luttes au cours de l&rsquo;ann\u00e9e. Dans l&rsquo;enseignement public contre les coupes et les sanctions \u00e0 l&rsquo;encontre des enseignants, dans l&rsquo;usine UPM2(1), dans les organismes publics tels que l&rsquo;ANCAP, l&rsquo;UTE ou l&rsquo;OSE, dans la p\u00eache, dans l&rsquo;industrie de la viande, avec le dur conflit des travailleurs de SOOFRICA. Et en toile de fond, la paralysie pendant plusieurs jours du port de Montevideo. Ces luttes ont fourni le cadre de la derni\u00e8re gr\u00e8ve g\u00e9n\u00e9rale en septembre, produit de la col\u00e8re massive des travailleurs.<\/p>\n<p>Il faut ajouter \u00e0 cela l&rsquo;importante lutte pour les droits de l&rsquo;homme qui, le 20 mai, \u00a0a \u00e9t\u00e9 ressentie dans tout le pays et la collecte de signatures contre la LUC, qui &#8211; assum\u00e9e et organis\u00e9e par la base &#8211; a fini par porter un premier coup au gouvernement multicolore.<\/p>\n<p>Suite \u00e0 ce coup dur, ce gouvernement anti-ouvrier, faisant des calculs pour essayer d&rsquo;\u00e9viter une d\u00e9faite au r\u00e9f\u00e9rendum, reporte maintenant les augmentations de carburant et donne un coup de pouce ou fait passer plus progressivement la contre-r\u00e9forme de la s\u00e9curit\u00e9 sociale et divers ajustements qu&rsquo;ils veulent continuer \u00e0 nous appliquer.<\/p>\n<p>C&rsquo;est la lutte, l&rsquo;organisation et l&rsquo;initiative d&rsquo;en bas qui ont mis un certain frein au gouvernement, c&rsquo;est pourquoi il n&rsquo;a pas encore avanc\u00e9 en profondeur. Cela montre deux choses importantes. La premi\u00e8re, que le gouvernement n&rsquo;est pas invincible, au contraire, il est possible de le repousser et de remporter des victoires bien qu\u2019elles soient partielles. Et deuxi\u00e8mement, il a \u00e9t\u00e9 d\u00e9montr\u00e9 que le moyen d&rsquo;y parvenir est la lutte et l&rsquo;organisation par le bas, comme l&rsquo;a d\u00e9montr\u00e9 la base. C&rsquo;est la principale le\u00e7on que nous devons retenir.<\/p>\n<p>Si la lutte contre le gouvernement n&rsquo;a pas progress\u00e9 davantage, c&rsquo;est parce que, malheureusement, la direction majoritaire du PIT-CNT n&rsquo;a pas unifi\u00e9 tous les conflits et toutes les revendications en une seule grande lutte avec un plan de lutte, mais s&rsquo;est limit\u00e9e \u00e0 quelques gr\u00e8ves isol\u00e9es. Les dirigeants du Frente Amplio n&rsquo;\u00e9taient pas non plus int\u00e9ress\u00e9s par la lutte, car ils sont plus pr\u00e9occup\u00e9s par les n\u00e9gociations parlementaires et se disputent d\u00e9j\u00e0 les postes pour les \u00e9lections de 2024. C&rsquo;est qu&rsquo;au fond, malgr\u00e9 leurs discours, ces dirigeants ne veulent pas affronter en profondeur ce gouvernement de droite, et encore moins renverser le syst\u00e8me capitaliste.<\/p>\n<p>Et s&rsquo;il y a quelque chose que la pand\u00e9mie a rendu br\u00fblant en Uruguay et sur toute la plan\u00e8te, c&rsquo;est que ce syst\u00e8me pourri, uniquement pr\u00e9occup\u00e9 par le profit de quelques milliardaires, n&rsquo;ira pas plus loin ; il ne peut pas \u00eatre r\u00e9form\u00e9, ni am\u00e9lior\u00e9.<\/p>\n<p>C&rsquo;est pourquoi les travailleurs et les secteurs populaires doivent relever le d\u00e9fi de construire une nouvelle direction politique. Une direction ouvri\u00e8re, des exploit\u00e9.es, qui ne sp\u00e9cule pas avec les calculs \u00e9lectoraux ou les postes hautement r\u00e9mun\u00e9r\u00e9s dans les minist\u00e8res et au Parlement.<\/p>\n<p>Une direction qui veut vraiment affronter le gouvernement de mani\u00e8re coh\u00e9rente, en promouvant la lutte, l&rsquo;organisation par le bas et l&rsquo;unification de toutes les luttes.<\/p>\n<p>Une direction qui ne se doit qu&rsquo;aux exploit\u00e9s et aux opprim\u00e9s, et qui propose une sortie r\u00e9volutionnaire du capitalisme : la construction du socialisme, o\u00f9 les travailleurs et les secteurs populaires gouvernement avec leurs propres organismes.<\/p>\n<p>Depuis l\u2019Izquierda Socialista de los Trabajadores et la LIT-CI, nous t\u2019invitons \u00e0 te joindre \u00e0 nous pour nous atteler \u00e0 cette t\u00e2che en construisant la direction r\u00e9volutionnaire dont nous avons besoin dans le feu des dures luttes qui ne manqueront pas de nous attendre, nous les travailleurs, sous ce gouvernement et ce capitalisme d\u00e9cadent.<\/p>\n<p>b(1) Usine de production de pate de cellulose.b<\/p>\n","protected":false},"excerpt":{"rendered":"<p>Editorial de Rebeli\u00f3n (novembre-d\u00e9cembre) N. 75 d&rsquo;Izquierda Socialista de los Trabajadores, section de la LIT-QI en Uruguay Une ann\u00e9e, qui a \u00e9t\u00e9 dure pour les travailleurs et les secteurs populaires, s&rsquo;ach\u00e8ve. En Uruguay, la pand\u00e9mie s&rsquo;est traduite par des d\u00e9c\u00e8s et des infections \u00e9vitables en raison de la politique de la \u00ab\u00a0nouvelle normalit\u00e9\u00a0\u00bb. Elle a [&hellip;]<\/p>\n","protected":false},"author":9,"featured_media":2552,"comment_status":"open","ping_status":"open","sticky":false,"template":"","format":"standard","meta":{"footnotes":"","_jetpack_memberships_contains_paid_content":false},"categories":[3523,3538],"tags":[],"jetpack_sharing_enabled":true,"jetpack_featured_media_url":"https:\/\/i0.wp.com\/litci.org\/fr\/wp-content\/uploads\/2021\/12\/banderas_IST.png?fit=960%2C720&ssl=1","_links":{"self":[{"href":"https:\/\/litci.org\/fr\/wp-json\/wp\/v2\/posts\/2550"}],"collection":[{"href":"https:\/\/litci.org\/fr\/wp-json\/wp\/v2\/posts"}],"about":[{"href":"https:\/\/litci.org\/fr\/wp-json\/wp\/v2\/types\/post"}],"author":[{"embeddable":true,"href":"https:\/\/litci.org\/fr\/wp-json\/wp\/v2\/users\/9"}],"replies":[{"embeddable":true,"href":"https:\/\/litci.org\/fr\/wp-json\/wp\/v2\/comments?post=2550"}],"version-history":[{"count":0,"href":"https:\/\/litci.org\/fr\/wp-json\/wp\/v2\/posts\/2550\/revisions"}],"wp:featuredmedia":[{"embeddable":true,"href":"https:\/\/litci.org\/fr\/wp-json\/wp\/v2\/media\/2552"}],"wp:attachment":[{"href":"https:\/\/litci.org\/fr\/wp-json\/wp\/v2\/media?parent=2550"}],"wp:term":[{"taxonomy":"category","embeddable":true,"href":"https:\/\/litci.org\/fr\/wp-json\/wp\/v2\/categories?post=2550"},{"taxonomy":"post_tag","embeddable":true,"href":"https:\/\/litci.org\/fr\/wp-json\/wp\/v2\/tags?post=2550"}],"curies":[{"name":"wp","href":"https:\/\/api.w.org\/{rel}","templated":true}]}}