{"id":2392,"date":"2021-08-29T08:12:55","date_gmt":"2021-08-29T06:12:55","guid":{"rendered":"https:\/\/litci.org\/fr\/?p=2392"},"modified":"2021-08-29T08:12:55","modified_gmt":"2021-08-29T06:12:55","slug":"perou-comment-affronter-la-droite","status":"publish","type":"post","link":"https:\/\/litci.org\/fr\/perou-comment-affronter-la-droite\/","title":{"rendered":"P\u00e9rou : Comment affronter la \u00ab\u00a0droite\u00a0\u00bb ?"},"content":{"rendered":"<p>Ce n&rsquo;est une nouvelle pour personne que les m\u00e9dias ont men\u00e9 une campagne politique colossale pour coincer et \u00e9puiser Castillo<a href=\"#_ftn1\" name=\"_ftnref1\">[1]<\/a>.<\/p>\n<p>Par V\u00edctor Montes, le 24 ao\u00fbt 2021<\/p>\n<p>Pour leur part, des secteurs de la droite politique, qui incluent le fujimorisme<a href=\"#_ftn2\" name=\"_ftnref2\">[2]<\/a>, l\u2019aprisme <a href=\"#_ftn3\" name=\"_ftnref3\">[3]<\/a>, des ex-toledistes<a href=\"#_ftn4\" name=\"_ftnref4\">[4]<\/a> \u00a0et le PPC<a href=\"#_ftn5\" name=\"_ftnref5\">[5]<\/a>, continuent de mener des mobilisations exigeant la vacance pr\u00e9sidentielle ouvrant la voie pour que des groupes de choc, tels que la soi-disant \u00ab\u00a0insurrection\u00a0\u00bb et la \u00ab\u00a0Soci\u00e9t\u00e9 des patriotes\u00a0\u00bb fasciste, apparaissent au grand jour.<\/p>\n<p>Le dernier \u00e9pisode en date a conduit \u00e0 la d\u00e9mission du ministre des affaires \u00e9trang\u00e8res, accul\u00e9 par la Marine et les m\u00e9dias en raison de ses d\u00e9clarations accusant la marine d&rsquo;avoir encourag\u00e9 des attentats terroristes contre les navires cubains sous le gouvernement Velasco.<\/p>\n<p><strong>Comment Castillo \u00ab\u00a0affronte\u00a0\u00bb cette offensive ?<\/strong><\/p>\n<p>Comme le montre la d\u00e9mission de B\u00e9jar, abandonn\u00e9 \u00e0 son sort par le conseil des ministres, le gouvernement est pr\u00eat \u00e0 c\u00e9der au \u00ab\u00a0l\u2019intimidation\u00a0\u00bb des employeurs, de leurs partis et de leurs m\u00e9dias. Son objectif : les \u00ab\u00a0rassurer\u00a0\u00bb en montrant sa bonne volont\u00e9 en \u00e9change de son maintien au gouvernement.<\/p>\n<p>C&rsquo;est pourquoi il a assur\u00e9 la pr\u00e9sence de Francke dans le MEF<a href=\"#_ftn6\" name=\"_ftnref6\">[6]<\/a>. Francke, connu pour \u00eatre issu de la \u00ab\u00a0gauche\u00a0\u00bb, est devenu le principal garant de la continuit\u00e9 du plan \u00e9conomique. C&rsquo;est pourquoi c\u2019est lui qui s\u2019est charg\u00e9 de discuter avec les milieux d&rsquo;affaires &#8211; avant la proclamation de Castillo &#8211; puis d&rsquo;assurer la continuit\u00e9 de Velarde, l&rsquo;homme fort des milieux d&rsquo;affaires au sein du BCRP <a href=\"#_ftn7\" name=\"_ftnref7\">[7]<\/a>et exigence non n\u00e9gociable des employeurs.<\/p>\n<p><strong>Les directions se sont mises au service de cette politique d'\u00a0\u00bbapaisement\u00a0\u00bb.<\/strong><\/p>\n<p>D&rsquo;autre part, la direction de la CGTP<a href=\"#_ftn8\" name=\"_ftnref8\">[8]<\/a> \u00a0et les partis de gauche qui soutiennent le gouvernement (PC-Unidad, Patria Roja, Nuevo Per\u00fa&#8230;)<a href=\"#_ftn9\" name=\"_ftnref9\">[9]<\/a>, ainsi que les secteurs li\u00e9s \u00e0 l&rsquo;ancienne CONARE-SUTEP <a href=\"#_ftn10\" name=\"_ftnref10\">[10]<\/a>, qui dirigent aujourd&rsquo;hui la FENATEP<a href=\"#_ftn11\" name=\"_ftnref11\">[11]<\/a> r\u00e9cemment reconnue, suivent cette m\u00eame ligne et \u00e9vitent de diriger la mobilisation ouvri\u00e8re et populaire. Ceci malgr\u00e9 l&rsquo;absence de solutions aux revendications des ouvriers, des enseignants et du peuple, et malgr\u00e9 le fait que le co\u00fbt de la vie augmente, frappant l&rsquo;\u00e9conomie populaire.<\/p>\n<p><strong>Les patrons en veulent plus<\/strong><\/p>\n<p>Mais cette politique s&rsquo;est d\u00e9j\u00e0 r\u00e9v\u00e9l\u00e9e absolument impuissante face aux pr\u00e9tentions des patrons. Plus ceux-ci obtiennent de Castillo, plus ils en demandent. Le d\u00e9part de B\u00e9jar d\u00e9montre en pratique que Castillo peut accepter de modifier le cabinet Bellido. Un fait qui ne fait qu&rsquo;enhardir les patrons, la droite et ses m\u00e9dias.<\/p>\n<p>L&rsquo;histoire, en revanche, montre que pour vaincre les patrons, qui d\u00e9fendent leurs int\u00e9r\u00eats \u00e0 coups de b\u00e2tons et de sermons, le gouvernement doit adopter des mesures qui affaiblissent leur pouvoir \u00e9conomique, qui est ce qui leur permet d&rsquo;imposer leur volont\u00e9 politique.<\/p>\n<p>Nous devons descendre dans la rue et exiger de Castillo qu&rsquo;il prenne des mesures contre la hausse des prix des aliments (augmentation g\u00e9n\u00e9rale et contr\u00f4le des prix), qu&rsquo;il r\u00e9cup\u00e8re nos ressources naturelles, qu&rsquo;il interdise les licenciements, les licenciements collectifs et la \u00ab\u00a0suspension parfaite\u00a0\u00bb <a href=\"#_ftn12\" name=\"_ftnref12\">[12]<\/a>, et qu&rsquo;il convoque imm\u00e9diatement une Assembl\u00e9e constituante pour r\u00e9cup\u00e9rer la souverainet\u00e9 du pays.<\/p>\n<p>Nous devons exiger de Castillo qu&rsquo;il jette hors du gouvernement les agents des patrons, \u00e0 commencer par Velarde et tous les gardiens du mod\u00e8le n\u00e9olib\u00e9ral qu&rsquo;ils ont plac\u00e9s au MEF, \u00a0Produce (Minist\u00e8re de la Production. NdT), au minist\u00e8re de l&rsquo;\u00c9nergie et des Mines, etc.<\/p>\n<p>Ce n&rsquo;est qu&rsquo;en obtenant ces revendications que nous pourrons affaiblir et vaincre la classe capitaliste, et ouvrir la voie au pouvoir de la classe ouvri\u00e8re et du peuple avec un v\u00e9ritable gouvernement de leurs organisations. En dehors de ces mesures, qui doivent \u00eatre les premi\u00e8res pour affronter les patrons et la \u00ab\u00a0droite\u00a0\u00bb, tout ce que dit le gouvernement n\u2019est que du verbiage.<\/p>\n<p><strong>LE FASCISME DOIT \u00caTRE \u00c9CRAS\u00c9<\/strong><\/p>\n<p>L&rsquo;apparition d&rsquo;organisations d&rsquo;ultra-droite qui utilisent des m\u00e9thodes violentes pour attaquer les secteurs ouvriers et populaires,impose aux travailleurs la n\u00e9cessit\u00e9 de discuter de notre auto-d\u00e9fense. Nous ne pouvons pas attendre de devenir des victimes de leurs agissements. Surtout quand le gouvernement leur permet de se d\u00e9velopper sans rien faire.<\/p>\n<p>Nous ne devons pas douter que, avant qu&rsquo;ils ne prennent de la force, ces mouvements doivent \u00eatre \u00e9cras\u00e9s. C&rsquo;est pourquoi nous devons \u00eatre pr\u00eats \u00e0 exercer notre droit de nous d\u00e9fendre contre leurs attaques. Et si n\u00e9cessaire, de les vaincre en action.<\/p>\n<p>Cependant, il est essentiel que nous exigions \u00e9galement que le gouvernement les r\u00e9prime sans piti\u00e9 : le gouvernement Castillo doit interdire \u00ab\u00a0La Insurgencia\u00a0\u00bb, \u00ab\u00a0Los Combattientes\u00a0\u00bb et la \u00ab\u00a0Sociedad Patriotas del Per\u00fa\u00a0\u00bb ! Il doit arr\u00eater et poursuivre les auteurs d&rsquo;actions violentes contre les organismes publics et les fonctionnaires en poste, ainsi que leurs dirigeants ! Nous devons nous rappeler qu\u2019on ne discute pas avec le fascisme&#8230; il doit \u00eatre combattu et \u00e9cras\u00e9 !<\/p>\n<p><a href=\"#_ftnref1\" name=\"_ftn1\">[1]<\/a> Nouveau pr\u00e9sident du P\u00e9rou, enseignant d\u2019origine paysanne, catholique\u00a0 conservateur. NdT<\/p>\n<p><a href=\"#_ftnref2\" name=\"_ftn2\">[2]<\/a>\u00a0 \u00a0Secteur en lien avec l\u2019ex-pr\u00e9sident Alberto Fujimori (1990-2000), et dont la fille Keiko Fujimori \u00e9tait candidate \u00e0 la derni\u00e8re \u00e9lection pr\u00e9sidentielle, battue de peu par Pedro Castillo. NdT<\/p>\n<p><a href=\"#_ftnref3\" name=\"_ftn3\">[3]<\/a> Vient de l\u2019APRA, Alliance populaire r\u00e9volutionnaire am\u00e9ricaine, fond\u00e9e dans les ann\u00e9es 1920. NdT<\/p>\n<p><a href=\"#_ftnref4\" name=\"_ftn4\">[4]<\/a> partisans de l\u2019ex-pr\u00e9sident Alejandro Toledo (2001-2006). NdT<\/p>\n<p><a href=\"#_ftnref5\" name=\"_ftn5\">[5]<\/a> \u00a0Parti populaire chr\u00e9tien, fond\u00e9 en 1966, suite \u00e0 des diff\u00e9rents id\u00e9ologiques avec la D\u00e9mocratie chr\u00e9tienne.\u00a0NdT<\/p>\n<p><a href=\"#_ftnref6\" name=\"_ftn6\">[6]<\/a> \u00a0Minist\u00e8re de l\u2019\u00e9conomie et finances. NdT<\/p>\n<p><a href=\"#_ftnref7\" name=\"_ftn7\">[7]<\/a> Banque Centrale de la Rpublique du P\u00e9ru. NdT<\/p>\n<p><a href=\"#_ftnref8\" name=\"_ftn8\">[8]<\/a>Conf\u00e9d\u00e9ration g\u00e9n\u00e9rale des travailleurs du P\u00e9rou, premi\u00e8re centrale syndicale du pays. NdT<\/p>\n<p><a href=\"#_ftnref9\" name=\"_ftn9\">[9]<\/a> Le Parti communiste p\u00e9ruvien, fond\u00e9 en 1928, a scissionn\u00e9 en 1964 entre pro-Moscou (PC-Unidad) et pro-chinois\u00a0(PC-Bandera Roja); Patria Roja\u00a0est issu d\u2019une rupture au sein du PC-Bandera Roja en 1970; Nuevo Per\u00fa est un mouvement politique de centre-gauche.\u00a0NdT<\/p>\n<p><a href=\"#_ftnref10\" name=\"_ftn10\">[10]<\/a>Ancien syndicat unique des travailleurs de l\u2019Education. NdT<\/p>\n<p><a href=\"#_ftnref11\" name=\"_ftn11\">[11]<\/a> \u00a0F\u00e9d\u00e9ration nationale des travailleurs de l\u2019Education. NdT<\/p>\n<p><a href=\"#_ftnref12\" name=\"_ftn12\">[12]<\/a> Suspension temporaire du contrat de travail, sans r\u00e9mun\u00e9ration. NdT<\/p>\n","protected":false},"excerpt":{"rendered":"<p>Ce n&rsquo;est une nouvelle pour personne que les m\u00e9dias ont men\u00e9 une campagne politique colossale pour coincer et \u00e9puiser Castillo[1]. Par V\u00edctor Montes, le 24 ao\u00fbt 2021 Pour leur part, des secteurs de la droite politique, qui incluent le fujimorisme[2], l\u2019aprisme [3], des ex-toledistes[4] \u00a0et le PPC[5], continuent de mener des mobilisations exigeant la vacance [&hellip;]<\/p>\n","protected":false},"author":9,"featured_media":2393,"comment_status":"open","ping_status":"open","sticky":false,"template":"","format":"standard","meta":{"footnotes":"","_jetpack_memberships_contains_paid_content":false},"categories":[3523,3533],"tags":[],"jetpack_sharing_enabled":true,"jetpack_featured_media_url":"https:\/\/i0.wp.com\/litci.org\/fr\/wp-content\/uploads\/2021\/08\/droite.jpg?fit=1200%2C679&ssl=1","_links":{"self":[{"href":"https:\/\/litci.org\/fr\/wp-json\/wp\/v2\/posts\/2392"}],"collection":[{"href":"https:\/\/litci.org\/fr\/wp-json\/wp\/v2\/posts"}],"about":[{"href":"https:\/\/litci.org\/fr\/wp-json\/wp\/v2\/types\/post"}],"author":[{"embeddable":true,"href":"https:\/\/litci.org\/fr\/wp-json\/wp\/v2\/users\/9"}],"replies":[{"embeddable":true,"href":"https:\/\/litci.org\/fr\/wp-json\/wp\/v2\/comments?post=2392"}],"version-history":[{"count":0,"href":"https:\/\/litci.org\/fr\/wp-json\/wp\/v2\/posts\/2392\/revisions"}],"wp:featuredmedia":[{"embeddable":true,"href":"https:\/\/litci.org\/fr\/wp-json\/wp\/v2\/media\/2393"}],"wp:attachment":[{"href":"https:\/\/litci.org\/fr\/wp-json\/wp\/v2\/media?parent=2392"}],"wp:term":[{"taxonomy":"category","embeddable":true,"href":"https:\/\/litci.org\/fr\/wp-json\/wp\/v2\/categories?post=2392"},{"taxonomy":"post_tag","embeddable":true,"href":"https:\/\/litci.org\/fr\/wp-json\/wp\/v2\/tags?post=2392"}],"curies":[{"name":"wp","href":"https:\/\/api.w.org\/{rel}","templated":true}]}}