{"id":2348,"date":"2021-07-01T20:55:39","date_gmt":"2021-07-01T18:55:39","guid":{"rendered":"https:\/\/litci.org\/fr\/?p=2348"},"modified":"2021-07-01T20:55:39","modified_gmt":"2021-07-01T18:55:39","slug":"tout-notre-soutien-aux-sans-papiers-en-greve-de-la-faim","status":"publish","type":"post","link":"https:\/\/litci.org\/fr\/tout-notre-soutien-aux-sans-papiers-en-greve-de-la-faim\/","title":{"rendered":"Tout notre soutien aux Sans-Papiers en gr\u00e8ve de la faim !"},"content":{"rendered":"<p style=\"text-align: right;\"><small>D\u00e9claration de la Ligue Communiste des Travailleurs<br \/>\nSection de la Ligue Internationale des Travailleurs &#8211; QI en Belgique<br \/>\n1er juillet 2021<\/small><\/p>\n<p>Depuis le 23 mai, 430 sans-papiers, victimes de la soif de profit des patrons et du gouvernement, ont d\u00fb appeler au dernier recours de la gr\u00e8ve de la faim pour faire valoir le droit \u00e0 une existence digne.<\/p>\n<p>Ils sont venus ici, fuyant la famine, la pers\u00e9cution, la mis\u00e8re extr\u00eame. Jeunes, en \u00e2ge de travailler sans avoir co\u00fbt\u00e9 un euro aux finances belges, ils sont pr\u00eats \u00e0 offrir leur force de travail. Les patrons veulent bien profiter de cette offre, mais au rabais, sans frais pour la s\u00e9curit\u00e9 sociale, sans droit au ch\u00f4mage quand on ne leur trouve pas d&#8217;emploi, et ils doivent donc \u00eatre des ill\u00e9gaux, sans papiers.<br \/>\nReste \u00e0 mener tambour battant une campagne x\u00e9nophobe pour \u00ab\u00a0justifier\u00a0\u00bb qu&rsquo;il y a deux cat\u00e9gories d&rsquo;\u00eatres humains\u00a0: ceux qui ont le droit de vivre parmi nous, et ceux qui ne l&rsquo;ont pas. Si vous mourez lors d&rsquo;un naufrage d&rsquo;une embarcation de fortune en mer M\u00e9diterran\u00e9e, la \u00ab\u00a0faute\u00a0\u00bb est attribu\u00e9e au trafiquant auquel vous avez pay\u00e9 une fortune, alors que le vrai coupable, c&rsquo;est celui qui vous emp\u00eache de prendre simplement un ticket pour un navire de ligne ou un avion.<br \/>\nActuellement, le crit\u00e8re de cet apartheid n&rsquo;est pas seulement d\u00e9fini selon la couleur de votre peau\u00a0; c&rsquo;est l&rsquo;endroit sur la plan\u00e8te o\u00f9 vous \u00eates n\u00e9, et les parents dont vous \u00eates n\u00e9s. Et tous les partis actuellement repr\u00e9sent\u00e9s au Parlement, sans exception, s&rsquo;inscrivent dans cette logique. La solution n&rsquo;est pas d&rsquo;exiger \u00ab\u00a0des crit\u00e8res clairs\u00a0\u00bb pour la r\u00e9gularisation, fix\u00e9s dans les lois de la bourgeoisie. Le seul \u00ab\u00a0crit\u00e8re\u00a0\u00bb acceptable c&rsquo;est qu&rsquo;il n&rsquo;y en ait pas. Non \u00e0 l&rsquo;apartheid\u00a0! Il ne s&rsquo;agit pas de faire le tri dans ce 1,2\u00a0% de la population belge sans papiers, Il faut les r\u00e9gulariser tous.<br \/>\nPour les patrons, il s&rsquo;agit de diviser notre classe pour faciliter l&rsquo;exploitation, la logique capitaliste. L&rsquo;int\u00e9r\u00eat des travailleurs, c&rsquo;est mettre fin \u00e0 ce marchandage de forain pour baisser le \u00ab\u00a0co\u00fbt\u00a0\u00bb du travail. La solution viendra de l&rsquo;organisation des travailleurs, pour couper court \u00e0 la logique capitaliste. Nos syndicats doivent organiser les travailleurs et les travailleuses pour demander la r\u00e9gularisation de tous leurs camarades de classe en gr\u00e8ve de la faim.<\/p>\n<p><strong>R\u00e9gularisation imm\u00e9diate des gr\u00e9vistes de la faim\u00a0!<\/strong><br \/>\n<strong>R\u00e9gularisation de tous les sans-papiers\u00a0!<\/strong><br \/>\n<strong>Native ou \u00e9trang\u00e8re, la m\u00eame classe ouvri\u00e8re\u00a0!<\/strong><\/p>\n","protected":false},"excerpt":{"rendered":"<p>D\u00e9claration de la Ligue Communiste des Travailleurs Section de la Ligue Internationale des Travailleurs &#8211; QI en Belgique 1er juillet 2021 Depuis le 23 mai, 430 sans-papiers, victimes de la soif de profit des patrons et du gouvernement, ont d\u00fb appeler au dernier recours de la gr\u00e8ve de la faim pour faire valoir le droit [&hellip;]<\/p>\n","protected":false},"author":9,"featured_media":2349,"comment_status":"open","ping_status":"open","sticky":false,"template":"","format":"standard","meta":{"footnotes":"","_jetpack_memberships_contains_paid_content":false},"categories":[3491,3498,3528,3496],"tags":[],"jetpack_sharing_enabled":true,"jetpack_featured_media_url":"https:\/\/i0.wp.com\/litci.org\/fr\/wp-content\/uploads\/2021\/07\/SP_grevefaim.jpg?fit=1193%2C743&ssl=1","_links":{"self":[{"href":"https:\/\/litci.org\/fr\/wp-json\/wp\/v2\/posts\/2348"}],"collection":[{"href":"https:\/\/litci.org\/fr\/wp-json\/wp\/v2\/posts"}],"about":[{"href":"https:\/\/litci.org\/fr\/wp-json\/wp\/v2\/types\/post"}],"author":[{"embeddable":true,"href":"https:\/\/litci.org\/fr\/wp-json\/wp\/v2\/users\/9"}],"replies":[{"embeddable":true,"href":"https:\/\/litci.org\/fr\/wp-json\/wp\/v2\/comments?post=2348"}],"version-history":[{"count":0,"href":"https:\/\/litci.org\/fr\/wp-json\/wp\/v2\/posts\/2348\/revisions"}],"wp:featuredmedia":[{"embeddable":true,"href":"https:\/\/litci.org\/fr\/wp-json\/wp\/v2\/media\/2349"}],"wp:attachment":[{"href":"https:\/\/litci.org\/fr\/wp-json\/wp\/v2\/media?parent=2348"}],"wp:term":[{"taxonomy":"category","embeddable":true,"href":"https:\/\/litci.org\/fr\/wp-json\/wp\/v2\/categories?post=2348"},{"taxonomy":"post_tag","embeddable":true,"href":"https:\/\/litci.org\/fr\/wp-json\/wp\/v2\/tags?post=2348"}],"curies":[{"name":"wp","href":"https:\/\/api.w.org\/{rel}","templated":true}]}}