{"id":2318,"date":"2021-05-27T20:28:40","date_gmt":"2021-05-27T18:28:40","guid":{"rendered":"https:\/\/litci.org\/fr\/?p=2318"},"modified":"2021-05-27T20:28:40","modified_gmt":"2021-05-27T18:28:40","slug":"vive-la-journee-de-lutte-du-29-mai-unifions-nos-luttes-vers-une-greve-generale-europeenne","status":"publish","type":"post","link":"https:\/\/litci.org\/fr\/vive-la-journee-de-lutte-du-29-mai-unifions-nos-luttes-vers-une-greve-generale-europeenne\/","title":{"rendered":"Vive la journ\u00e9e de lutte du 29 mai !  Unifions nos luttes vers une gr\u00e8ve g\u00e9n\u00e9rale europ\u00e9enne !"},"content":{"rendered":"<p style=\"text-align: right;\"><em>D\u00e9claration commune de la Ligue Communiste des Travailleurs et de la International Socialist League, sections de la LIT-QI en Belgique et au Royaume-Uni<\/em><\/p>\n<p>Si la pand\u00e9mie a bien d\u00e9montr\u00e9 une chose, c\u2019est bien l\u2019incapacit\u00e9 totale du syst\u00e8me capitaliste \u00e0 faire face \u00e0 une pand\u00e9mie qu\u2019il a lui-m\u00eame engendr\u00e9e. \u00a0Une pand\u00e9mie qui s\u2019ajoute \u00e0 une profonde crise \u00e9conomique et qui l\u2019aggrave dramatiquement.<\/p>\n<p>La pand\u00e9mie de Covid est utilis\u00e9e pour promouvoir les int\u00e9r\u00eats des conglom\u00e9rats internationaux de la sant\u00e9 des \u00c9tats-Unis, de l\u2019Union europ\u00e9enne et du Royaume-Uni. Ces entreprises jouent un r\u00f4le croissant dans les syst\u00e8mes de sant\u00e9 publique. Leur crit\u00e8re de r\u00e9ussite ne r\u00e9side pas dans la fourniture de soins de sant\u00e9, mais dans les affaires et le profit. Dans le monde entier, les syst\u00e8mes de soins d\u00e9truits par des ann\u00e9es de politiques n\u00e9olib\u00e9rales se sont retrouv\u00e9s \u00e0 bout de ressources, mat\u00e9rielles et humaines. Seulement pour le secteur infirmier, il manque en Grande-Bretagne plus de 40.000\u00a0 personnes, 5.000 en Belgique et 100.000 en France ! \u00a0Les salaires sont bas, les \u00a0heures de travail s\u2019allongent et les conditions de travail sont fortement d\u00e9grad\u00e9es. Aujourd&rsquo;hui, le syst\u00e8me de sant\u00e9 publique est menac\u00e9 de destruction par l&rsquo;ouverture des services de sant\u00e9 aux multinationales.<\/p>\n<p>Loin d\u2019am\u00e9liorer la situation, la bourgeoisie n\u2019a pas combattu la pand\u00e9mie, au contraire elle a laiss\u00e9 les \u00e9conomies fonctionner pour maximiser ses b\u00e9n\u00e9fices dans certains secteurs et pour les maintenir dans d\u2019autres. Tous les jours, des centaines de milliers de travailleurs allaient travailler sans protection ad\u00e9quate.\u00a0 Cela s\u2019est sold\u00e9 par des centaines de milliers de morts, on peut bien parler d\u2019une politique criminelle des gouvernements capitalistes.\u00a0 Soulignons que ces politiques ont \u00e9t\u00e9 soutenues unanimement par les hautes directions syndicales, qui jouent comme d\u2019habitude leur r\u00f4le d\u2019alli\u00e9s des patrons au sein de la classe des travailleurs.<\/p>\n<p>Et cette gestion capitaliste continue avec le vaccin, massivement subsidi\u00e9 par les autorit\u00e9s publiques, donc par nous, les travailleurs. Les entreprises pharmaceutiques refusent de casser leur brevet et se livrent une guerre commerciale cr\u00e9ant des p\u00e9nuries, des \u00a0retards de livraison et surtout ne permettent pas au plus grand nombre de se faire vacciner rapidement. Au rythme actuel, l\u2019immunisation de 70% de la population mondiale est pr\u00e9vue, selon l\u2019OMS, seulement en avril 2022! Bref, ils se font du fric sur notre dos.<\/p>\n<p>Face \u00e0 la situation catastrophique pour l\u2019ensemble de notre classe, \u00e0 commencer par les secteurs les plus pr\u00e9caires et opprim\u00e9s, des mouvements de soignants ind\u00e9pendants des bureaucraties traitres voient le jour et avancent dans la coordination de leur lutte. Aujourd\u2019hui est donc un jour important, non seulement pour le secteur des soins de sant\u00e9, mais pour l\u2019ensemble des travailleuses\u00a0 et travailleurs, car nous vivons une mobilisation internationale d\u2019une ampleur sans pr\u00e9c\u00e9dent\u00a0!<\/p>\n<p>Comme de nombreuses initiatives de la base nous l\u2019on d\u00e9montr\u00e9, seule l\u2019action directe de notre classe \u00a0avec nos propres m\u00e9thodes de lutte est capable d\u2019assurer notre s\u00e9curit\u00e9 et de d\u00e9fendre nos droits et nos conditions de vie. \u00a0\u00a0En effet, au contraire de la bourgeoisie, nous avons tout int\u00e9r\u00eat \u00e0 arr\u00eater l\u2019\u00e9conomie pour limiter la transmission du virus, garantir des quarantaines strictes, quand c\u2019est n\u00e9cessaire, avec 100 % du salaire garanti par l\u2019Etat, faire sauter les brevets, r\u00e9organiser la production pour r\u00e9pondre aux besoins urgents, etc.<\/p>\n<p>Le syst\u00e8me capitaliste nuit gravement \u00e0 notre sant\u00e9 et \u00e0 nos conditions de vie. Avan\u00e7ons ensemble et organisons-nous pour y mettre fin et construire une soci\u00e9t\u00e9 socialiste, o\u00f9 chacun aura ce dont il a besoin pour vivre dans de bonnes conditions.<\/p>\n<p>Pour cela, nous devons avancer dans la coordination de nos luttes et avancer vers l\u2019organisation d\u2019une gr\u00e8ve g\u00e9n\u00e9rale europ\u00e9enne. Seule notre propre organisation sera capable d\u2019arracher le pouvoir \u00e0 cette poign\u00e9e d\u2019exploiteurs ultra-riche repr\u00e9sent\u00e9s par les gouvernements et l\u2019Union Europ\u00e9enne.<\/p>\n<p><strong>\u00a0<\/strong><\/p>\n<p><strong>Lev\u00e9e des brevets sur les vaccins maintenant\u00a0! <\/strong><\/p>\n<p><strong>Nationalisation du\u00a0 secteur pharmaceutique\u00a0sous contr\u00f4le des travailleurs\u00a0!<\/strong><\/p>\n<p><strong>Stop \u00e0 la privatisation des syst\u00e8mes de soins de sant\u00e9\u00a0! Refinancement massif, engagement de personnel et augmentation des salaires\u00a0!<\/strong><\/p>\n<p><strong>Pour un syst\u00e8me de soins de sant\u00e9 public, gratuit et accessible \u00e0 tous\u00a0!<\/strong><\/p>\n<p><strong>Avan\u00e7ons vers la coordination de nos luttes, <\/strong><\/p>\n<p><strong>construisons une gr\u00e8ve g\u00e9n\u00e9rale europ\u00e9enne\u00a0!<\/strong><\/p>\n<p><strong>A bas l\u2019Union europ\u00e9enne\u00a0! Pour une Europe des travailleurs\u00a0!<\/strong><\/p>\n","protected":false},"excerpt":{"rendered":"<p>D\u00e9claration commune de la Ligue Communiste des Travailleurs et de la International Socialist League, sections de la LIT-QI en Belgique et au Royaume-Uni Si la pand\u00e9mie a bien d\u00e9montr\u00e9 une chose, c\u2019est bien l\u2019incapacit\u00e9 totale du syst\u00e8me capitaliste \u00e0 faire face \u00e0 une pand\u00e9mie qu\u2019il a lui-m\u00eame engendr\u00e9e. \u00a0Une pand\u00e9mie qui s\u2019ajoute \u00e0 une profonde [&hellip;]<\/p>\n","protected":false},"author":9,"featured_media":2319,"comment_status":"open","ping_status":"open","sticky":false,"template":"","format":"standard","meta":{"footnotes":"","_jetpack_memberships_contains_paid_content":false},"categories":[3491,3498,3502],"tags":[],"jetpack_sharing_enabled":true,"jetpack_featured_media_url":"https:\/\/i0.wp.com\/litci.org\/fr\/wp-content\/uploads\/2021\/05\/demo_13_09-scaled-1.jpg?fit=2560%2C1920&ssl=1","_links":{"self":[{"href":"https:\/\/litci.org\/fr\/wp-json\/wp\/v2\/posts\/2318"}],"collection":[{"href":"https:\/\/litci.org\/fr\/wp-json\/wp\/v2\/posts"}],"about":[{"href":"https:\/\/litci.org\/fr\/wp-json\/wp\/v2\/types\/post"}],"author":[{"embeddable":true,"href":"https:\/\/litci.org\/fr\/wp-json\/wp\/v2\/users\/9"}],"replies":[{"embeddable":true,"href":"https:\/\/litci.org\/fr\/wp-json\/wp\/v2\/comments?post=2318"}],"version-history":[{"count":0,"href":"https:\/\/litci.org\/fr\/wp-json\/wp\/v2\/posts\/2318\/revisions"}],"wp:featuredmedia":[{"embeddable":true,"href":"https:\/\/litci.org\/fr\/wp-json\/wp\/v2\/media\/2319"}],"wp:attachment":[{"href":"https:\/\/litci.org\/fr\/wp-json\/wp\/v2\/media?parent=2318"}],"wp:term":[{"taxonomy":"category","embeddable":true,"href":"https:\/\/litci.org\/fr\/wp-json\/wp\/v2\/categories?post=2318"},{"taxonomy":"post_tag","embeddable":true,"href":"https:\/\/litci.org\/fr\/wp-json\/wp\/v2\/tags?post=2318"}],"curies":[{"name":"wp","href":"https:\/\/api.w.org\/{rel}","templated":true}]}}