{"id":2286,"date":"2021-05-08T13:45:35","date_gmt":"2021-05-08T11:45:35","guid":{"rendered":"https:\/\/litci.org\/fr\/?p=2286"},"modified":"2021-05-08T13:45:35","modified_gmt":"2021-05-08T11:45:35","slug":"formation-trotsky-sa-vie-son-oeuvre-et-son-combat","status":"publish","type":"post","link":"https:\/\/litci.org\/fr\/formation-trotsky-sa-vie-son-oeuvre-et-son-combat\/","title":{"rendered":"Formation: Trotsky\u00a0sa vie, son oeuvre et son combat"},"content":{"rendered":"<p>Nous vous invitons\u00a0\u00e0 d\u00e9couvrir\u00a0une s\u00e9rie de vid\u00e9os\u00a0r\u00e9alis\u00e9e par nos camarades\u00a0du PSTU\u00a0(section de la LIT-QI\u00a0au Br\u00e9sil), sous-titr\u00e9es\u00a0en fran\u00e7ais par\u00a0des camarades de\u00a0Lutte Ouvri\u00e8re en\u00a0France, dont voici la pr\u00e9sentation : \u00ab <em>Ces\u00a0derni\u00e8res ann\u00e9es,\u00a0Trotsky est redevenu\u00a0\u00e0 la mode. Il est\u00a0devenu le sujet d&rsquo;une s\u00e9rie sur Netflix et\u00a0est souvent cit\u00e9 dans la presse. Mais qui\u00a0\u00e9tait L\u00e9on Trotsky de toute fa\u00e7on ? Pour\u00a0clarifier cela, en s\u00e9parant ce qui est vrai\u00a0et faux sur sa vie, nous avons cr\u00e9\u00e9 une\u00a0s\u00e9rie sur notre cha\u00eene : \u00ab\u00a0Trotsky, sa vie,\u00a0son oeuvre et son combat\u00a0\u00bb, pr\u00e9sent\u00e9e par\u00a0le journaliste Bernardo Cerdeira. Vous\u00a0pourrez y d\u00e9couvrir l&rsquo;histoire du r\u00e9volutionnaire\u00a0russe, ses id\u00e9es et son militantisme\u00a0politique,\u00a0ainsi que son combat\u00a0pour la r\u00e9volution\u00a0socialiste. <\/em>\u00bb<\/p>\n<p><strong><a href=\"https:\/\/www.youtube.com\/playlist?list=PLfaK29sNcZodpiyxCsUkiEO8MoDGXJs0n\" target=\"_blank\" rel=\"noopener\" data-cke-saved-href=\"https:\/\/www.youtube.com\/playlist?list=PLfaK29sNcZodpiyxCsUkiEO8MoDGXJs0n\">Lien vers les vid\u00e9os.<\/a><\/strong><\/p>\n","protected":false},"excerpt":{"rendered":"<p>Nous vous invitons\u00a0\u00e0 d\u00e9couvrir\u00a0une s\u00e9rie de vid\u00e9os\u00a0r\u00e9alis\u00e9e par nos camarades\u00a0du PSTU\u00a0(section de la LIT-QI\u00a0au Br\u00e9sil), sous-titr\u00e9es\u00a0en fran\u00e7ais par\u00a0des camarades de\u00a0Lutte Ouvri\u00e8re en\u00a0France, dont voici la pr\u00e9sentation : \u00ab Ces\u00a0derni\u00e8res ann\u00e9es,\u00a0Trotsky est redevenu\u00a0\u00e0 la mode. Il est\u00a0devenu le sujet d&rsquo;une s\u00e9rie sur Netflix et\u00a0est souvent cit\u00e9 dans la presse. Mais qui\u00a0\u00e9tait L\u00e9on Trotsky de toute fa\u00e7on [&hellip;]<\/p>\n","protected":false},"author":9,"featured_media":2287,"comment_status":"open","ping_status":"open","sticky":false,"template":"","format":"standard","meta":{"footnotes":"","_jetpack_memberships_contains_paid_content":false},"categories":[3506,3514,3508],"tags":[],"jetpack_sharing_enabled":true,"jetpack_featured_media_url":"https:\/\/i0.wp.com\/litci.org\/fr\/wp-content\/uploads\/2021\/05\/seriePSTUTrotsky.jpg?fit=1102%2C624&ssl=1","_links":{"self":[{"href":"https:\/\/litci.org\/fr\/wp-json\/wp\/v2\/posts\/2286"}],"collection":[{"href":"https:\/\/litci.org\/fr\/wp-json\/wp\/v2\/posts"}],"about":[{"href":"https:\/\/litci.org\/fr\/wp-json\/wp\/v2\/types\/post"}],"author":[{"embeddable":true,"href":"https:\/\/litci.org\/fr\/wp-json\/wp\/v2\/users\/9"}],"replies":[{"embeddable":true,"href":"https:\/\/litci.org\/fr\/wp-json\/wp\/v2\/comments?post=2286"}],"version-history":[{"count":0,"href":"https:\/\/litci.org\/fr\/wp-json\/wp\/v2\/posts\/2286\/revisions"}],"wp:featuredmedia":[{"embeddable":true,"href":"https:\/\/litci.org\/fr\/wp-json\/wp\/v2\/media\/2287"}],"wp:attachment":[{"href":"https:\/\/litci.org\/fr\/wp-json\/wp\/v2\/media?parent=2286"}],"wp:term":[{"taxonomy":"category","embeddable":true,"href":"https:\/\/litci.org\/fr\/wp-json\/wp\/v2\/categories?post=2286"},{"taxonomy":"post_tag","embeddable":true,"href":"https:\/\/litci.org\/fr\/wp-json\/wp\/v2\/tags?post=2286"}],"curies":[{"name":"wp","href":"https:\/\/api.w.org\/{rel}","templated":true}]}}