{"id":1982,"date":"2020-05-19T19:14:04","date_gmt":"2020-05-19T19:14:04","guid":{"rendered":"https:\/\/litci.org\/fr\/?p=1982"},"modified":"2020-05-19T19:14:04","modified_gmt":"2020-05-19T19:14:04","slug":"documentaire-sur-la-revolution-russe-pain-paix-et-terre-1917-2017","status":"publish","type":"post","link":"https:\/\/litci.org\/fr\/documentaire-sur-la-revolution-russe-pain-paix-et-terre-1917-2017\/","title":{"rendered":"\u00a0Documentaire sur la R\u00e9volution russe: \u00ab\u00a0Pain, Paix et Terre (1917-2017)\u00a0\u00bb"},"content":{"rendered":"<div class=\"span9\">\n<div class=\"item-page\">\n<div>\n<h3>\u00a0Pain, Paix et Terre (1917-2017)<\/h3>\n<p>Documentaire dans lequel 8 leaders ouvriers, paysans, de luttes sociales et dirigeants r\u00e9volutionnaires sont interview\u00e9s sur leurs lieux de combat. Ces hommes et ces femmes discutent du sens que la R\u00e9volution russe a pour eux.<\/p>\n<p>Le documentaire, tourn\u00e9 au Br\u00e9sil, en Argentine, en Espagne et en Russie (Moscou et Saint-P\u00e9tersbourg) montre toute l\u2019actualit\u00e9 des le\u00e7ons de la R\u00e9volution d&rsquo;Octobre pour les activistes d&rsquo;aujourd&rsquo;hui.<\/p>\n<p><a href=\"https:\/\/vimeo.com\/414443858\">Lien vers le documentaire<\/a>. N&rsquo;oubliez pas d&rsquo;activer les sous-titres en fran\u00e7ais.<\/p>\n<p><img decoding=\"async\" src=\"https:\/\/i0.wp.com\/lct-cwb.be\/images\/stories\/autres\/trailer2.JPG?w=696\" alt=\"trailer2.JPG\" data-recalc-dims=\"1\" \/><\/p>\n<\/div>\n<\/div>\n<\/div>\n<div class=\"span3\">\n<div class=\"custombox2 title1\">\n<div>\n<h1><span class=\"fa fa-newspaper-o\"> <img decoding=\"async\" loading=\"lazy\" class=\"alignnone size-medium wp-image-2651\" src=\"https:\/\/i0.wp.com\/litci.org\/fr\/wp-content\/uploads\/2020\/05\/trailer2.jpg?resize=300%2C168\" alt=\"\" width=\"300\" height=\"168\" srcset=\"https:\/\/i0.wp.com\/litci.org\/fr\/wp-content\/uploads\/2020\/05\/trailer2.jpg?resize=300%2C168&amp;ssl=1 300w, https:\/\/i0.wp.com\/litci.org\/fr\/wp-content\/uploads\/2020\/05\/trailer2.jpg?resize=768%2C431&amp;ssl=1 768w, https:\/\/i0.wp.com\/litci.org\/fr\/wp-content\/uploads\/2020\/05\/trailer2.jpg?resize=150%2C84&amp;ssl=1 150w, https:\/\/i0.wp.com\/litci.org\/fr\/wp-content\/uploads\/2020\/05\/trailer2.jpg?resize=696%2C391&amp;ssl=1 696w, https:\/\/i0.wp.com\/litci.org\/fr\/wp-content\/uploads\/2020\/05\/trailer2.jpg?w=853&amp;ssl=1 853w\" sizes=\"(max-width: 300px) 100vw, 300px\" data-recalc-dims=\"1\" \/><\/span><big><big><\/big><\/big><\/h1>\n<\/div>\n<\/div>\n<\/div>\n","protected":false},"excerpt":{"rendered":"<p>\u00a0Pain, Paix et Terre (1917-2017) Documentaire dans lequel 8 leaders ouvriers, paysans, de luttes sociales et dirigeants r\u00e9volutionnaires sont interview\u00e9s sur leurs lieux de combat. Ces hommes et ces femmes discutent du sens que la R\u00e9volution russe a pour eux. Le documentaire, tourn\u00e9 au Br\u00e9sil, en Argentine, en Espagne et en Russie (Moscou et Saint-P\u00e9tersbourg) [&hellip;]<\/p>\n","protected":false},"author":8,"featured_media":1983,"comment_status":"open","ping_status":"open","sticky":false,"template":"","format":"standard","meta":{"footnotes":"","_jetpack_memberships_contains_paid_content":false},"categories":[3514,3515],"tags":[],"jetpack_sharing_enabled":true,"jetpack_featured_media_url":"https:\/\/i0.wp.com\/litci.org\/fr\/wp-content\/uploads\/2020\/05\/bannerFR.png?fit=960%2C355&ssl=1","_links":{"self":[{"href":"https:\/\/litci.org\/fr\/wp-json\/wp\/v2\/posts\/1982"}],"collection":[{"href":"https:\/\/litci.org\/fr\/wp-json\/wp\/v2\/posts"}],"about":[{"href":"https:\/\/litci.org\/fr\/wp-json\/wp\/v2\/types\/post"}],"author":[{"embeddable":true,"href":"https:\/\/litci.org\/fr\/wp-json\/wp\/v2\/users\/8"}],"replies":[{"embeddable":true,"href":"https:\/\/litci.org\/fr\/wp-json\/wp\/v2\/comments?post=1982"}],"version-history":[{"count":0,"href":"https:\/\/litci.org\/fr\/wp-json\/wp\/v2\/posts\/1982\/revisions"}],"wp:featuredmedia":[{"embeddable":true,"href":"https:\/\/litci.org\/fr\/wp-json\/wp\/v2\/media\/1983"}],"wp:attachment":[{"href":"https:\/\/litci.org\/fr\/wp-json\/wp\/v2\/media?parent=1982"}],"wp:term":[{"taxonomy":"category","embeddable":true,"href":"https:\/\/litci.org\/fr\/wp-json\/wp\/v2\/categories?post=1982"},{"taxonomy":"post_tag","embeddable":true,"href":"https:\/\/litci.org\/fr\/wp-json\/wp\/v2\/tags?post=1982"}],"curies":[{"name":"wp","href":"https:\/\/api.w.org\/{rel}","templated":true}]}}