{"id":198,"date":"2009-12-11T00:00:00","date_gmt":"2009-12-11T00:00:00","guid":{"rendered":"http:\/\/litci.org\/fr\/2009\/12\/11\/209\/"},"modified":"2009-12-11T00:00:00","modified_gmt":"2009-12-11T00:00:00","slug":"209","status":"publish","type":"post","link":"https:\/\/litci.org\/fr\/209\/","title":{"rendered":"Stop \u00e0 la violence contre la femme !"},"content":{"rendered":"<p class=\"MsoNormal\" style=\"text-align: center; margin: 0cm 0cm 0pt;\" align=\"center\"><b><span lang=\"FR\" style=\"font-family: Georgia; font-size: 10pt;\">A bas le capitalisme qui la provoque !<\/span><\/b><\/p>\n<p class=\"MsoNormal\" style=\"text-align: justify; margin: 0cm 0cm 0pt;\"><span lang=\"IT\" style=\"font-family: Georgia; font-size: 10pt;\">\u00a0<\/span><\/p>\n<p class=\"MsoNormal\" style=\"text-align: justify; margin: 0cm 0cm 0pt;\"><span lang=\"FR\" style=\"font-family: Georgia; font-size: 10pt;\">Le 25 novembre a \u00e9t\u00e9 d\u00e9clar\u00e9 Journ\u00e9e Internationale contre la Violence envers la Femme, lors de la premi\u00e8re Rencontre F\u00e9ministe d&rsquo;Am\u00e9rique latine et des Cara\u00efbes \u00e0 Bogota (Colombie) en juillet 1981.<\/span><\/p>\n<p class=\"MsoNormal\" style=\"text-align: justify; margin: 0cm 0cm 0pt;\"><span lang=\"FR\" style=\"font-family: Georgia; font-size: 10pt;\">\u00a0<\/span><\/p>\n<p class=\"MsoNormal\" style=\"text-align: justify; margin: 0cm 0cm 0pt;\"><span lang=\"FR\" style=\"font-family: Georgia; font-size: 10pt;\">Ce jour a \u00e9t\u00e9 choisi en honneur aux sours Mirabal (Patria, Minerva et Mar\u00eda Teresa), trois militantes politiques assassin\u00e9es le 25 novembre 1960 par la police secr\u00e8te du dictateur Rapha\u00ebl Trujillo en R\u00e9publique Dominicaine.<\/span><\/p>\n<p class=\"MsoNormal\" style=\"text-align: justify; margin: 0cm 0cm 0pt;\"><span lang=\"FR\" style=\"font-family: Georgia; font-size: 10pt;\">\u00a0<\/span><\/p>\n<p class=\"MsoNormal\" style=\"text-align: justify; margin: 0cm 0cm 0pt;\"><span lang=\"FR\" style=\"font-family: Georgia; font-size: 10pt;\">Ce 25 novembre, il y aura certainement des communiqu\u00e9s de l&rsquo;ONU et des diff\u00e9rents gouvernements par le monde en solidarit\u00e9 avec les femmes et se manifestant contre la violence envers elles.<\/span><\/p>\n<p>&nbsp;<\/p>\n<p><span lang=\"FR\" style=\"font-family: Georgia; font-size: 10pt;\">Mais ils ne diront rien sur les aspects les plus profonds qui se cachent derri\u00e8re cette violence, \u00e0 commencer par le fait que la majorit\u00e9 des 1,5 milliards de personnes qui vivent avec un dollar ou moins par jour, sont des femmes.<\/span><\/p>\n<p class=\"MsoNormal\" style=\"text-align: justify; margin: 0cm 0cm 0pt;\"><span lang=\"FR\" style=\"font-family: Georgia; font-size: 10pt;\">\u00a0<\/span><\/p>\n<p class=\"MsoNormal\" style=\"text-align: justify; margin: 0cm 0cm 0pt;\"><span lang=\"FR\" style=\"font-family: Georgia; font-size: 10pt;\">Personne ne peut nier que la situation de l&rsquo;ensemble de la classe ouvri\u00e8re se trouve \u00e0 des niveaux impressionnants de pauvret\u00e9, qui se manifestent m\u00eame dans les pays imp\u00e9rialistes. Nous voyons ainsi les 40 millions de pauvres des Etats-Unis, les 17,5 millions de ch\u00f4meurs dans l&rsquo;Union Europ\u00e9enne de m\u00eame que les pays en guerre avec des milliers de morts et de d\u00e9plac\u00e9s de leurs terres.<\/span><\/p>\n<p class=\"MsoNormal\" style=\"text-align: justify; margin: 0cm 0cm 0pt;\"><span lang=\"FR\" style=\"font-family: Georgia; font-size: 10pt;\">\u00a0<\/span><\/p>\n<p class=\"MsoNormal\" style=\"text-align: justify; margin: 0cm 0cm 0pt;\"><span lang=\"FR\" style=\"font-family: Georgia; font-size: 10pt;\">L&rsquo;imp\u00e9rialisme pille les ressources naturelles d&rsquo;Am\u00e9rique latine, d&rsquo;Afrique, d&rsquo;Asie, envahit des pays comme l&rsquo;Iraq, l&rsquo;Afghanistan, Ha\u00efti, et n\u00e9gocie avec des putschistes comme au Honduras. En m\u00eame temps, dans les m\u00e9tropoles imp\u00e9rialistes, il r\u00e9duit les droits des travailleurs et les droits sociaux de l&rsquo;ensemble de la classe ouvri\u00e8re.<\/span><\/p>\n<p class=\"MsoNormal\" style=\"text-align: justify; margin: 0cm 0cm 0pt;\"><span lang=\"FR\" style=\"font-family: Georgia; font-size: 10pt;\">\u00a0<\/span><\/p>\n<p class=\"MsoNormal\" style=\"text-align: justify; margin: 0cm 0cm 0pt;\"><span lang=\"FR\" style=\"font-family: Georgia; font-size: 10pt;\">La crise capitaliste mondiale continue \u00e0 \u00ab\u00a0\u00e9vacuer\u00a0\u00bb les marginaux dans les rues des grandes villes du monde, et parmi eux, les femmes et les enfants qui en d\u00e9pendent occupent la plus grande proportion.<\/span><\/p>\n<p class=\"MsoNormal\" style=\"text-align: justify; margin: 0cm 0cm 0pt;\"><span lang=\"ES-TRAD\" style=\"font-family: Georgia; font-size: 10pt;\">\u00a0<\/span><\/p>\n<p class=\"MsoNormal\" style=\"text-align: justify; margin: 0cm 0cm 0pt;\"><b><span lang=\"FR\" style=\"font-family: Georgia; font-size: 10pt;\">La violence domestique<\/span><\/b><\/p>\n<p class=\"MsoNormal\" style=\"text-align: justify; margin: 0cm 0cm 0pt;\"><b><span lang=\"ES-TRAD\" style=\"font-family: Georgia; font-size: 10pt;\">\u00a0<\/span><\/b><\/p>\n<p class=\"MsoNormal\" style=\"text-align: justify; margin: 0cm 0cm 0pt;\"><span lang=\"FR\" style=\"font-family: Georgia; font-size: 10pt;\">Quand on parle de la violence contre la femme, ce qu&rsquo;on d\u00e9nonce en premier lieu est la violence domestique qui, comme le montrent les statistiques de diff\u00e9rents pays du monde, s&rsquo;accro\u00eet jour apr\u00e8s jour.<\/span><\/p>\n<p class=\"MsoNormal\" style=\"text-align: justify; margin: 0cm 0cm 0pt;\"><span lang=\"FR\" style=\"font-family: Georgia; font-size: 10pt;\">\u00a0<\/span><\/p>\n<p class=\"MsoNormal\" style=\"text-align: justify; margin: 0cm 0cm 0pt;\"><span lang=\"FR\" style=\"font-family: Georgia; font-size: 10pt;\">Selon une \u00e9tude de la Banque Mondiale, un jour ouvrable sur cinq perdu par les femmes pour des raisons de sant\u00e9 est le r\u00e9sultat de probl\u00e8mes en rapport avec la violence domestique. Au Canada, un rapport r\u00e9v\u00e8le que ce type de violence co\u00fbte 1,6 milliards de dollars US par an, y compris l&rsquo;aide m\u00e9dicale des victimes. Aux Etats-Unis, diverses \u00e9tudes ont d\u00e9termin\u00e9 des pertes annuelles entre 10 milliards et 67 milliards pour les m\u00eames raisons. En Europe, une femme sur quatre a \u00e9t\u00e9 victime de mauvais traitements et une sur dix d&rsquo;agressions sexuelles. Au Chili, une \u00e9tude r\u00e9cente a r\u00e9v\u00e9l\u00e9 que presque 60\u00a0% des femmes qui vivent en <span style=\"color: black;\">couple souffrent un certain type de violence domestique, et plus de 10\u00a0% d&rsquo;agression physique grave. En Colombie, plus de 20\u00a0% des femmes ont \u00e9t\u00e9 victimes d&rsquo;abus physique, 10\u00a0% ont souffert d&rsquo;abus sexuel, et 34\u00a0% d&rsquo;abus psychologique. En \u00c9quateur, 60\u00a0% des habitantes des quartiers pauvres de Quito ont \u00e9t\u00e9 frapp\u00e9e par leur conjoint. En Argentine, 37\u00a0% des femmes frapp\u00e9es par leur conjoint ont support\u00e9 des abus de ce type depuis 20 ans ou plus. Au Nicaragua, 33\u00a0% des femmes entre 16 et 49 ans sont victimes de violence physique grave (coups, jets d&rsquo;objets, utilisation d&rsquo;instruments coupants ou pointus, br\u00fblures, coups violents)<\/span><\/span><a title=\"\" href=\"#_ftn1\" name=\"_ftnref1\"><span class=\"Caractredenotedebasdepage\"><u><span lang=\"ES-TRAD\" style=\"font-family: Georgia; color: black; font-size: 10pt;\"><span class=\"Caractredenotedebasdepage\"><u><span lang=\"ES-TRAD\" style=\"font-family: Georgia; color: black; font-size: 10pt;\">[1]<\/span><\/u><\/span><\/span><\/u><\/span><\/a><\/p>\n<p class=\"MsoNormal\" style=\"text-align: justify; margin: 0cm 0cm 0pt;\"><span lang=\"FR\" style=\"font-family: Georgia; font-size: 10pt;\">\u00a0<\/span><\/p>\n<p class=\"MsoNormal\" style=\"text-align: justify; margin: 0cm 0cm 0pt;\"><span lang=\"FR\" style=\"font-family: Georgia; font-size: 10pt;\">Partout dans le monde, de plus en plus de femmes trouvent la mort entre les mains de leur conjoint ou ancien conjoint, souvent apr\u00e8s des viols. Et derri\u00e8re chacun de ces cas aberrants se cache une responsabilisation sociale g\u00e9n\u00e9ralis\u00e9e de la victime\u00a0: \u00ab\u00a0<i>Qu&rsquo;est-ce qu&rsquo;aura bien pu faire cette femme pour provoquer cela&#8230; Si elle avait quitt\u00e9 la maison, elle aurait pu l&rsquo;\u00e9viter&#8230; Si elle avait mieux choisi son compagnon&#8230;<\/i>\u00a0\u00bb.<\/span><\/p>\n<p class=\"MsoNormal\" style=\"text-align: justify; margin: 0cm 0cm 0pt;\"><span lang=\"FR\" style=\"font-family: Georgia; font-size: 10pt;\">\u00a0<\/span><\/p>\n<p class=\"MsoNormal\" style=\"text-align: justify; margin: 0cm 0cm 0pt;\"><span lang=\"FR\" style=\"font-family: Georgia; font-size: 10pt;\">Ce qui est peu mentionn\u00e9, ce sont les causes \u00e9conomiques et sociales qui provoquent la destruction des relations humaines, c&rsquo;est la culture machiste produite par cette soci\u00e9t\u00e9 patriarcale, o\u00f9 la violence est signe de virilit\u00e9 et o\u00f9 le \u00ab\u00a0non\u00a0\u00bb de la femme ne p\u00e8se pas lourd.<\/span><\/p>\n<p class=\"MsoNormal\" style=\"text-align: justify; margin: 0cm 0cm 0pt;\"><span lang=\"FR\" style=\"font-family: Georgia; font-size: 10pt;\">\u00a0<\/span><\/p>\n<p class=\"MsoNormal\" style=\"text-align: justify; margin: 0cm 0cm 0pt;\"><b><span lang=\"FR\" style=\"font-family: Georgia; font-size: 10pt;\">La violence sur le lieu travail<\/span><\/b><\/p>\n<p class=\"MsoNormal\" style=\"text-align: justify; margin: 0cm 0cm 0pt;\"><b><span lang=\"IT\" style=\"font-family: Georgia; font-size: 10pt;\">\u00a0<\/span><\/b><\/p>\n<p class=\"MsoNormal\" style=\"text-align: justify; margin: 0cm 0cm 0pt;\"><span lang=\"FR\" style=\"font-family: Georgia; font-size: 10pt;\">Il n&rsquo;y a pas que la violence \u00e0 l&rsquo;int\u00e9rieur de la famille qui frappe la femme. Il y a aussi la politique des gouvernements et des chefs d&rsquo;entreprise, de soumettre les travailleurs, et sp\u00e9cialement les femmes, \u00e0 des journ\u00e9es de travail ext\u00e9nuantes, de leur nier tout type de s\u00e9curit\u00e9 sociale, de ne pas reconna\u00eetre les maladies professionnelles et de faire en sorte qu&rsquo;on travaille dans ces conditions sous le chantage des licenciements. Suite \u00e0 ces journ\u00e9es de travail, des centaines des milliers des femmes acqui\u00e8rent une tendinite, un syndrome du canal carpien et d&rsquo;autres maladies qui les laissent avec les mains invalides. La pension d&rsquo;invalidit\u00e9 a pratiquement disparu des l\u00e9gislations. Et les quelques \u00e9l\u00e9ments protectionnistes qui existent encore, comme l&rsquo;interdiction de licenciement pendant la grossesse, sont ignor\u00e9s par les patrons, alors que la Justice garde les yeux ferm\u00e9s ou, dans le meilleur des cas, r\u00e9sout le probl\u00e8me avec le paiement d&rsquo;une indemnisation.<\/span><\/p>\n<p class=\"MsoNormal\" style=\"text-align: justify; margin: 0cm 0cm 0pt;\"><span lang=\"FR\" style=\"font-family: Georgia; font-size: 10pt;\">\u00a0<\/span><\/p>\n<p class=\"MsoNormal\" style=\"text-align: justify; margin: 0cm 0cm 0pt;\"><b><span lang=\"FR\" style=\"font-family: Georgia; font-size: 10pt;\">Le syst\u00e8me capitaliste est le v\u00e9ritable responsable.<\/span><\/b><\/p>\n<p class=\"MsoNormal\" style=\"text-align: justify; margin: 0cm 0cm 0pt;\"><b><span lang=\"FR\" style=\"font-family: Georgia; font-size: 10pt;\">\u00a0<\/span><\/b><\/p>\n<p class=\"MsoNormal\" style=\"text-align: justify; margin: 0cm 0cm 0pt;\"><span lang=\"FR\" style=\"font-family: Georgia; font-size: 10pt;\">Tout comme la destruction progressive des services publics surcharge les t\u00e2ches de la femme travailleuse et pauvre, en renfor\u00e7ant les cha\u00eenes de l&rsquo;esclavage domestique, le ch\u00f4mage massif non seulement frappe les conditions de vie de la famille ouvri\u00e8re, mais apporte avec lui la d\u00e9t\u00e9rioration des relations humaines. On perd les perspectives de futur. Vient alors l&rsquo;\u00e9vasion par l&rsquo;alcool, par la drogue. Tout cela aboutit \u00e0 une plus grande violence dans la soci\u00e9t\u00e9 et dans la famille ouvri\u00e8re. Les femmes et les enfants sont les principales victimes. Les cas de femmes frapp\u00e9es, d&rsquo;enfants abus\u00e9s, de femmes viol\u00e9es, augmentent avec l&rsquo;augmentation du ch\u00f4mage. Le harc\u00e8lement sexuel sur le lieu du travail augmente aussi, par la peur des femmes de le d\u00e9noncer face au danger de perdre ce qui est probablement la seule source de revenu de la famille.<\/span><\/p>\n<p class=\"MsoNormal\" style=\"text-align: justify; margin: 0cm 0cm 0pt;\"><span lang=\"FR\" style=\"font-family: Georgia; font-size: 10pt;\">\u00a0<\/span><\/p>\n<p class=\"MsoNormal\" style=\"text-align: justify; margin: 0cm 0cm 0pt;\"><span lang=\"FR\" style=\"font-family: Georgia; font-size: 10pt;\">Par l&rsquo;aggravation des conditions de vie, le manque d&rsquo;\u00e9ducation sexuelle et la difficult\u00e9 d&rsquo;acc\u00e9der aux m\u00e9thodes de contraception, davantage de femmes travailleuses et pauvres seront oblig\u00e9es de recourir aux avortements clandestins (ou aux m\u00e9thodes brutales des avortements faits \u00e0 la maison) face \u00e0 des grossesses non souhait\u00e9es ou face \u00e0 l&rsquo;impossibilit\u00e9 de donner une vie digne \u00e0 leurs enfants. Ceci est une des violences les plus terribles exerc\u00e9e quotidiennement sur la femme. Entre-temps, les cliniques clandestines continuent \u00e0 ramasser des fortunes gr\u00e2ce \u00e0 la l\u00e9gislation r\u00e9pressive qui emp\u00eache que l&rsquo;avortement soit effectu\u00e9 dans les h\u00f4pitaux de mani\u00e8re gratuite et dans les meilleures conditions m\u00e9dicales. Ces cliniques sont d\u00e9j\u00e0 la deuxi\u00e8me plus grande affaire, apr\u00e8s le trafic de drogues, dans une grande partie des pays coloniaux et semis-coloniaux. L&rsquo;Eglise catholique, qui avec sa politique hypocrite de \u00ab\u00a0d\u00e9fendre la vie\u00a0\u00bb envoie des millions de femmes travailleuses et pauvres \u00e0 la mort ou \u00e0 la mutilation, est sp\u00e9cialement coupable de cela. Les gouvernements sont \u00e9galement responsables, quand ils d\u00e9truisent d&rsquo;abord, avec leurs plans, les conditions de vie de la femme travailleuse et qu&rsquo;ensuite, en capitulant aux pressions de l&rsquo;Eglise et aux int\u00e9r\u00eats des propri\u00e9taires des cliniques clandestines, ils refusent la d\u00e9p\u00e9nalisation de l&rsquo;avortement.<\/span><\/p>\n<p class=\"MsoNormal\" style=\"text-align: justify; margin: 0cm 0cm 0pt;\"><span lang=\"FR\" style=\"font-family: Georgia; font-size: 10pt;\">\u00a0<\/span><\/p>\n<p class=\"MsoNormal\" style=\"text-align: justify; margin: 0cm 0cm 0pt;\"><span lang=\"FR\" style=\"font-family: Georgia; font-size: 10pt;\">Celles qui souffrent le plus de cette situation terrible sont les travailleuses les plus pauvres et marginalis\u00e9es, les Noires, les immigrantes, et parmi eux, les plus jeunes. Elles sont toutes totalement rel\u00e9gu\u00e9es et oubli\u00e9es, m\u00eame par ceux qui disent qu&rsquo;ils \u00ab\u00a0gouvernent pour tous\u00a0\u00bb, comme les Lula et autres Chavez, ou dans des pays o\u00f9 il y a des femmes \u00e0 la t\u00eate du gouvernement ou \u00e0 des postes clef, comme en Argentine, au Chili, et aux Etats-Unis d&rsquo;Obama et de Hilary Clinton. Ce dernier cas est symbolique, puisque les repr\u00e9sentants de deux secteurs opprim\u00e9s, un Noir et une femme, augmentent les guerres et multiplient les bases militaires en Am\u00e9rique latine avec des accords, comme ceux sign\u00e9s en Colombie, o\u00f9 les soldats yankees ont une totale impunit\u00e9 pour tout, y compris le viol de femmes.<\/span><\/p>\n<p class=\"MsoNormal\" style=\"text-align: justify; margin: 0cm 0cm 0pt;\"><span lang=\"FR\" style=\"font-family: Georgia; font-size: 10pt;\">\u00a0<\/span><\/p>\n<p class=\"MsoNormal\" style=\"text-align: justify; margin: 0cm 0cm 0pt;\"><b><span lang=\"FR\" style=\"font-family: Georgia; font-size: 10pt;\">Ils n&rsquo;y a pas d&rsquo;issue dans le capitalisme<\/span><\/b><\/p>\n<p class=\"MsoNormal\" style=\"text-align: justify; margin: 0cm 0cm 0pt;\"><b><span lang=\"IT\" style=\"font-family: Georgia; font-size: 10pt;\">\u00a0<\/span><\/b><\/p>\n<p class=\"MsoNormal\" style=\"text-align: justify; margin: 0cm 0cm 0pt;\"><span lang=\"FR\" style=\"font-family: Georgia; font-size: 10pt;\">Bien que toutes les actions qui puissent \u00eatre men\u00e9es pour faire face \u00e0 la violence contre les femmes soient importantes, nous ne pourrons pas d\u00e9finitivement y mettre un terme, tant que survivra ce syst\u00e8me pervers, o\u00f9 quelques-uns tirent b\u00e9n\u00e9fice du travail et de la souffrance de la majorit\u00e9 de la population.<\/span><\/p>\n<p class=\"MsoNormal\" style=\"text-align: justify; margin: 0cm 0cm 0pt;\"><span lang=\"FR\" style=\"font-family: Georgia; font-size: 10pt;\">\u00a0<\/span><\/p>\n<p class=\"MsoNormal\" style=\"text-align: justify; margin: 0cm 0cm 0pt;\"><span lang=\"FR\" style=\"font-family: Georgia; font-size: 10pt;\">Femmes travailleuses et pauvres, paysannes, immigrantes, ch\u00f4meuses, nous devons envisager, avec l&rsquo;ensemble de la classe ouvri\u00e8re, la lutte pour nos droits. Nous devons former, dans nos syndicats et quartiers, des commissions sp\u00e9ciales pour faire des recherches et d\u00e9noncer le harc\u00e8lement. Nous devons \u00e9galement constituer des groupes d&rsquo;autod\u00e9fense pour nous prot\u00e9ger des attaques. Nous devons d\u00e9velopper des activit\u00e9s pour faire progresser la conscience sur ces probl\u00e8mes, nous devons exiger de l&rsquo;Etat des maisons d&rsquo;accueil pour les femmes frapp\u00e9es et des am\u00e9liorations dans la l\u00e9gislation du travail. Mais nous devons \u00eatre conscientes que cela n&rsquo;est pas suffisant. Nous devons d\u00e9velopper en m\u00eame temps le combat contre les racines du mal. C&rsquo;est-\u00e0-dire, la lutte pour la destruction de cette soci\u00e9t\u00e9 injuste et discriminatoire, afin de la remplacer par une autre, solidaire et \u00e9galitaire, la soci\u00e9t\u00e9 socialiste, une soci\u00e9t\u00e9 o\u00f9 il n&rsquo;existe pas d&rsquo;exploitation ni d&rsquo;oppression et o\u00f9 peuvent se d\u00e9velopper pleinement des relations v\u00e9ritablement humaines.<\/span><\/p>\n<p class=\"MsoNormal\" style=\"text-align: justify; margin: 0cm 0cm 0pt;\"><span lang=\"FR\" style=\"font-family: Georgia; font-size: 10pt;\">\u00a0<\/span><\/p>\n<p class=\"MsoNormal\" style=\"text-align: justify; margin: 0cm 0cm 0pt;\"><b><span lang=\"FR\" style=\"font-family: Georgia; font-size: 10pt;\">Secr\u00e9tariat International de la Femme<\/span><\/b><\/p>\n<p class=\"MsoNormal\" style=\"text-align: justify; margin: 0cm 0cm 0pt;\"><b><span lang=\"FR\" style=\"font-family: Georgia; font-size: 10pt;\">Ligue Internationale de Travailleurs &#8211; IV Internationale<\/span><\/b><\/p>\n<p class=\"MsoNormal\" style=\"text-align: justify; margin: 0cm 0cm 0pt;\"><span lang=\"FR\" style=\"font-family: Georgia; font-size: 10pt;\">Le 25 novembre 2009<\/span><\/p>\n<div>\n<p>&nbsp;<\/p>\n<hr align=\"left\" size=\"1\" width=\"33%\" \/>\n<div id=\"ftn1\">\n<p class=\"MsoFootnoteText\" style=\"margin: 0cm 0cm 0pt;\"><a title=\"\" href=\"#_ftnref1\" name=\"_ftn1\"><span class=\"Caractredenotedebasdepage\"><span lang=\"ES\"><span class=\"Caractredenotedebasdepage\"><span lang=\"ES\" style=\"font-family: 'Times New Roman'; font-size: 10pt;\">[1]<\/span><\/span><\/span><\/span><\/a><span style=\"font-size: small;\"><span lang=\"FR\"> Donn\u00e9es de RIMA (<\/span><span lang=\"ES-TRAD\">Red Informativa de la Mujer <\/span><span lang=\"FR\">&#8211; r\u00e9seau informatif de la femme) <\/span><\/span><\/p>\n<\/div>\n<\/div>\n","protected":false},"excerpt":{"rendered":"<p>A bas le capitalisme qui la provoque ! \u00a0 Le 25 novembre a \u00e9t\u00e9 d\u00e9clar\u00e9 Journ\u00e9e Internationale contre la Violence envers la Femme, lors de la premi\u00e8re Rencontre F\u00e9ministe d&rsquo;Am\u00e9rique latine et des Cara\u00efbes \u00e0 Bogota (Colombie) en juillet 1981. \u00a0 Ce jour a \u00e9t\u00e9 choisi en honneur aux sours Mirabal (Patria, Minerva et Mar\u00eda [&hellip;]<\/p>\n","protected":false},"author":1,"featured_media":2727,"comment_status":"open","ping_status":"open","sticky":false,"template":"","format":"standard","meta":{"footnotes":"","_jetpack_memberships_contains_paid_content":false},"categories":[3507],"tags":[],"jetpack_sharing_enabled":true,"jetpack_featured_media_url":"https:\/\/i0.wp.com\/litci.org\/fr\/wp-content\/uploads\/2009\/12\/marcha_mulher_negra.jpg?fit=571%2C380&ssl=1","_links":{"self":[{"href":"https:\/\/litci.org\/fr\/wp-json\/wp\/v2\/posts\/198"}],"collection":[{"href":"https:\/\/litci.org\/fr\/wp-json\/wp\/v2\/posts"}],"about":[{"href":"https:\/\/litci.org\/fr\/wp-json\/wp\/v2\/types\/post"}],"author":[{"embeddable":true,"href":"https:\/\/litci.org\/fr\/wp-json\/wp\/v2\/users\/1"}],"replies":[{"embeddable":true,"href":"https:\/\/litci.org\/fr\/wp-json\/wp\/v2\/comments?post=198"}],"version-history":[{"count":0,"href":"https:\/\/litci.org\/fr\/wp-json\/wp\/v2\/posts\/198\/revisions"}],"wp:featuredmedia":[{"embeddable":true,"href":"https:\/\/litci.org\/fr\/wp-json\/wp\/v2\/media\/2727"}],"wp:attachment":[{"href":"https:\/\/litci.org\/fr\/wp-json\/wp\/v2\/media?parent=198"}],"wp:term":[{"taxonomy":"category","embeddable":true,"href":"https:\/\/litci.org\/fr\/wp-json\/wp\/v2\/categories?post=198"},{"taxonomy":"post_tag","embeddable":true,"href":"https:\/\/litci.org\/fr\/wp-json\/wp\/v2\/tags?post=198"}],"curies":[{"name":"wp","href":"https:\/\/api.w.org\/{rel}","templated":true}]}}