{"id":1916,"date":"2020-03-10T08:31:55","date_gmt":"2020-03-10T08:31:55","guid":{"rendered":"https:\/\/litci.org\/fr\/?p=1916"},"modified":"2020-03-10T08:31:55","modified_gmt":"2020-03-10T08:31:55","slug":"stop-aux-persecutions-contre-maria-rivera-et-tous-les-activistes-politiques","status":"publish","type":"post","link":"https:\/\/litci.org\/fr\/stop-aux-persecutions-contre-maria-rivera-et-tous-les-activistes-politiques\/","title":{"rendered":"Stop aux pers\u00e9cutions contre Maria Rivera et tous les activistes politiques"},"content":{"rendered":"<p>Mar\u00eda Rivera, dirigeante du Mouvement International des Travailleurs (MIT), la section Chilienne de la LIT-QI et avocate des droits humains, a re\u00e7u \u00e0 plusieurs reprises des menaces de mort. Elle s&rsquo;est consacr\u00e9e \u00e0 la d\u00e9fense de militants dans les diff\u00e9rentes luttes sociales qui ont eu lieu au Chili au cours des deux derni\u00e8res d\u00e9cennies : la lutte des \u00e9tudiants en 2006 et en 2011 (la R\u00e9volution des pingouins) ; le mouvement Occupy ; la lutte des endett\u00e9s r\u00e9sidentiels ; celle des gr\u00e9vistes du mouvement ouvrier et syndical. En outre, elle a \u00e9t\u00e9 plaignante contre la police et les Troupes d&rsquo;\u00e9lite qui ont appliqu\u00e9 la torture. Dans la r\u00e9volution en cours, elle d\u00e9fend plusieurs prisonniers accus\u00e9s d&rsquo;y avoir particip\u00e9 en premi\u00e8re ligne, ainsi que des jeunes accus\u00e9s de divers crimes, mais qui sont en fait emprisonn\u00e9s \u00e0 cause de leur lutte pour une soci\u00e9t\u00e9 plus juste et plus \u00e9galitaire. Mar\u00eda est \u00e9galement plaignante contre le pr\u00e9sident Sebasti\u00e1n Pi\u00f1era, pour crimes contre l&rsquo;humanit\u00e9.<\/p>\n<p><strong>Stop aux pers\u00e9cutions contre Maria Rivera et tous les activistes politiques\u00a0!<\/strong><br \/>\n<strong>Libert\u00e9 pour tous les prisonniers politiques\u00a0!<\/strong><\/p>\n","protected":false},"excerpt":{"rendered":"<p>Mar\u00eda Rivera, dirigeante du Mouvement International des Travailleurs (MIT), la section Chilienne de la LIT-QI et avocate des droits humains, a re\u00e7u \u00e0 plusieurs reprises des menaces de mort. Elle s&rsquo;est consacr\u00e9e \u00e0 la d\u00e9fense de militants dans les diff\u00e9rentes luttes sociales qui ont eu lieu au Chili au cours des deux derni\u00e8res d\u00e9cennies : [&hellip;]<\/p>\n","protected":false},"author":8,"featured_media":1917,"comment_status":"open","ping_status":"open","sticky":false,"template":"","format":"standard","meta":{"footnotes":"","_jetpack_memberships_contains_paid_content":false},"categories":[3513],"tags":[],"jetpack_sharing_enabled":true,"jetpack_featured_media_url":"https:\/\/i0.wp.com\/litci.org\/fr\/wp-content\/uploads\/2020\/03\/Maria.jpg?fit=696%2C465&ssl=1","_links":{"self":[{"href":"https:\/\/litci.org\/fr\/wp-json\/wp\/v2\/posts\/1916"}],"collection":[{"href":"https:\/\/litci.org\/fr\/wp-json\/wp\/v2\/posts"}],"about":[{"href":"https:\/\/litci.org\/fr\/wp-json\/wp\/v2\/types\/post"}],"author":[{"embeddable":true,"href":"https:\/\/litci.org\/fr\/wp-json\/wp\/v2\/users\/8"}],"replies":[{"embeddable":true,"href":"https:\/\/litci.org\/fr\/wp-json\/wp\/v2\/comments?post=1916"}],"version-history":[{"count":0,"href":"https:\/\/litci.org\/fr\/wp-json\/wp\/v2\/posts\/1916\/revisions"}],"wp:featuredmedia":[{"embeddable":true,"href":"https:\/\/litci.org\/fr\/wp-json\/wp\/v2\/media\/1917"}],"wp:attachment":[{"href":"https:\/\/litci.org\/fr\/wp-json\/wp\/v2\/media?parent=1916"}],"wp:term":[{"taxonomy":"category","embeddable":true,"href":"https:\/\/litci.org\/fr\/wp-json\/wp\/v2\/categories?post=1916"},{"taxonomy":"post_tag","embeddable":true,"href":"https:\/\/litci.org\/fr\/wp-json\/wp\/v2\/tags?post=1916"}],"curies":[{"name":"wp","href":"https:\/\/api.w.org\/{rel}","templated":true}]}}