{"id":1500,"date":"2018-10-23T15:37:57","date_gmt":"2018-10-23T15:37:57","guid":{"rendered":"https:\/\/litci.org\/fr\/?p=1500"},"modified":"2018-10-23T15:37:57","modified_gmt":"2018-10-23T15:37:57","slug":"lorsquun-dirigeant-populaire-est-attaque-ce-nest-pas-une-personne-qui-est-attaquee-mais-lensemble-des-organisations","status":"publish","type":"post","link":"https:\/\/litci.org\/fr\/lorsquun-dirigeant-populaire-est-attaque-ce-nest-pas-une-personne-qui-est-attaquee-mais-lensemble-des-organisations\/","title":{"rendered":"\u00ab\u00a0Lorsqu&rsquo;un dirigeant populaire est attaqu\u00e9, ce n&rsquo;est pas une personne qui est attaqu\u00e9e, mais l&rsquo;ensemble des organisations.\u00a0\u00bb"},"content":{"rendered":"<p><em>Nous reproduisons ici l&rsquo;article de\u00a0<span style=\"text-align: right;\">Sebasti\u00e1n Moyano du 20.10.2018 paru sur le site de la Conf\u00e9d\u00e9ration des Travailleurs d&rsquo;Argentine autonome de la r\u00e9gion de Buenos Aires. <a href=\"http:\/\/ctabuenosaires.org.ar\/2018\/10\/20\/cuando-se-ataca-a-un-dirigente-popular-no-se-ataca-a-una-persona-sino-al-conjunto-de-las-organizaciones\/\">(lien vers l&rsquo;article original en espagnol)<\/a><\/span><\/em><\/p>\n<p>Une Journ\u00e9e a eu lieu pour la lib\u00e9ration du dirigeant du syndicat du p\u00e9trole de Chubut, inculp\u00e9 apr\u00e8s la manifestation massive organis\u00e9e contre la r\u00e9forme des retraites le 18 d\u00e9cembre 2017. L&rsquo;acquittement des travailleurs du p\u00e9trole de Las Heras et la fin de la pers\u00e9cution contre <b>Sebasti\u00e1n Romero, Oscar De Isasi, Francisco Banegas, Alejandro Villarrue<\/b>l et l&rsquo;ensemble des organisations des travailleurs et des combattants populaires \u00e9taient \u00e9galement exig\u00e9s \u00e0 cette occasion. L&rsquo;activit\u00e9 s&rsquo;est d\u00e9roul\u00e9e dans la Tente que les ouvriers du chantier naval de Rio Santiago ont dress\u00e9e sur la Place San Mart\u00edn.<\/p>\n<p>Daniel Ruiz a \u00e9t\u00e9 arr\u00eat\u00e9 le 12 septembre alors qu&rsquo;il rentrait d&rsquo;une mobilisation en faveur des travailleurs du chantier naval de Rio Santiago. C&rsquo;est l&rsquo;un des militants que le juge <b>Sergio Torres<\/b> a identifi\u00e9s dans \u00ab\u00a0un groupe d&rsquo;individus\u00a0\u00bb qui aurait \u00ab\u00a0profit\u00e9\u00a0\u00bb de la protestation et aurait jet\u00e9 des pierres pour se d\u00e9fendre contre des balles de la police, sur la base de preuves et de t\u00e9moignages fournis par des personnes en uniforme, et de travaux de renseignement.<\/p>\n<p>Mauricio Ruiz, fr\u00e8re de Daniel et militant du Parti Socialiste des Travailleurs Unifi\u00e9 (PSTU), y a dit\u00a0:<\/p>\n<p>\u00ab\u00a0<i>Les forces r\u00e9pressives ont les mains ensanglant\u00e9es avec les cas de Santiago Maldonado et de Rafael Nahuel, comme des cas les plus embl\u00e9matiques. Et l&rsquo;objectif poursuivi par Macri, via la ministre Bullrich, est de discipliner ceux qui osent remettre en question ce statu quo que le macrisme veut imposer, afin que nous supportions sans nous plaindre l\u2019ajustement et la diminution des salaires. Et il y a en outre une question de revanchisme\u00a0: si vous \u00eates contre eux, ils feront tout ce qui est n\u00e9cessaire pour vous d\u00e9truire.\u00a0\u00bb<\/i> Mauricio prend comme exemple Moyano \u00ab\u00a0<i>qui, au d\u00e9but de l&rsquo;administration, n&rsquo;a pas montr\u00e9 d&rsquo;opposition, mais quand il a commenc\u00e9 \u00e0 remettre en question les politiques d&rsquo;ajustement, ils ont commenc\u00e9 \u00e0 chercher une cause pour le mettre en prison. C&rsquo;est clairement une politique de chantage\u00a0: si vous n&rsquo;\u00eates pas avec moi, je vais vous emprisonner. Dans le cas de mon fr\u00e8re, il y a un chantage par le gouvernement pour faire compara\u00eetre Sebasti\u00e1n Romero, qui est pers\u00e9cut\u00e9<\/i>.\u00a0\u00bb<\/p>\n<p>Et Mauricio Ruiz continue\u00a0: \u00ab\u00a0<i>le gouvernement cherche \u00e0 intervenir \u00e0 travers les m\u00e9dias, qui sont devenus non seulement des porte-parole, mais \u00e9galement des constructeurs d&rsquo;une r\u00e9alit\u00e9 que de nombreux secteurs de la population ont malheureusement pris comme la leur. Ce qu\u2019il essaie de faire, c\u2019est de pouvoir enlever aux travailleurs la capacit\u00e9 de s\u2019organiser. C&rsquo;est pourquoi la premi\u00e8re chose qu&rsquo;ils cherchent \u00e0 faire est d&#8217;emprisonner les dirigeants syndicaux, les dirigeants sociaux. Et s\u2019ils ne peuvent pas trouver une cause, ils l\u2019inventent, comme c\u2019est le cas avec Colo De Isasi et Pancho Banegas<\/i>.<i> Ils cherchent \u00e0 cr\u00e9er l\u2019id\u00e9e que les syndicalistes ne travaillent pas, qu\u2019ils vivent du syndicat. Il est n\u00e9cessaire de comprendre que l\u2019attaque contre les dirigeants syndicaux est en r\u00e9alit\u00e9 une attaque contre l\u2019organisation syndicale. Et dans le cas des mouvements sociaux, la situation est pire, car l&rsquo;attaque cherche \u00e0 emp\u00eacher les pauvres des quartiers de s\u2019organiser. C&rsquo;est ce qui s&rsquo;est pass\u00e9 avec Milagro Sala\u00a0: ils cherchent \u00e0 installer l&rsquo;id\u00e9e que nous, les pauvres, nous ne pouvons pas construire nos propres maisons ou g\u00e9rer nos propres vies. Lorsqu&rsquo;un dirigeant populaire est attaqu\u00e9, ce n&rsquo;est pas une personne qui est attaqu\u00e9e, mais l&rsquo;ensemble des organisations<\/i>.\u00a0\u00bb<\/p>\n<p>De tout ce qui pourrait arriver en prison \u00e0 Daniel Ru\u00edz, sa famille rend responsable la ministre Bullrich, \u00ab\u00a0<i>ainsi que le pr\u00e9sident Macri, qui soutient ce type de pratiques qui consistent \u00e0 m\u00e9conna\u00eetre les droits de ceux qui luttent pour de meilleures conditions de vie.\u00a0\u00bb<\/i><\/p>\n","protected":false},"excerpt":{"rendered":"<p>Nous reproduisons ici l&rsquo;article de\u00a0Sebasti\u00e1n Moyano du 20.10.2018 paru sur le site de la Conf\u00e9d\u00e9ration des Travailleurs d&rsquo;Argentine autonome de la r\u00e9gion de Buenos Aires. (lien vers l&rsquo;article original en espagnol) Une Journ\u00e9e a eu lieu pour la lib\u00e9ration du dirigeant du syndicat du p\u00e9trole de Chubut, inculp\u00e9 apr\u00e8s la manifestation massive organis\u00e9e contre la [&hellip;]<\/p>\n","protected":false},"author":1,"featured_media":1501,"comment_status":"open","ping_status":"open","sticky":false,"template":"","format":"standard","meta":{"footnotes":"","_jetpack_memberships_contains_paid_content":false},"categories":[3510,3493],"tags":[],"jetpack_sharing_enabled":true,"jetpack_featured_media_url":"https:\/\/i0.wp.com\/litci.org\/fr\/wp-content\/uploads\/2018\/10\/activiteARG.jpeg?fit=1024%2C768&ssl=1","_links":{"self":[{"href":"https:\/\/litci.org\/fr\/wp-json\/wp\/v2\/posts\/1500"}],"collection":[{"href":"https:\/\/litci.org\/fr\/wp-json\/wp\/v2\/posts"}],"about":[{"href":"https:\/\/litci.org\/fr\/wp-json\/wp\/v2\/types\/post"}],"author":[{"embeddable":true,"href":"https:\/\/litci.org\/fr\/wp-json\/wp\/v2\/users\/1"}],"replies":[{"embeddable":true,"href":"https:\/\/litci.org\/fr\/wp-json\/wp\/v2\/comments?post=1500"}],"version-history":[{"count":0,"href":"https:\/\/litci.org\/fr\/wp-json\/wp\/v2\/posts\/1500\/revisions"}],"wp:featuredmedia":[{"embeddable":true,"href":"https:\/\/litci.org\/fr\/wp-json\/wp\/v2\/media\/1501"}],"wp:attachment":[{"href":"https:\/\/litci.org\/fr\/wp-json\/wp\/v2\/media?parent=1500"}],"wp:term":[{"taxonomy":"category","embeddable":true,"href":"https:\/\/litci.org\/fr\/wp-json\/wp\/v2\/categories?post=1500"},{"taxonomy":"post_tag","embeddable":true,"href":"https:\/\/litci.org\/fr\/wp-json\/wp\/v2\/tags?post=1500"}],"curies":[{"name":"wp","href":"https:\/\/api.w.org\/{rel}","templated":true}]}}