{"id":1464,"date":"2018-09-28T10:59:18","date_gmt":"2018-09-28T10:59:18","guid":{"rendered":"https:\/\/litci.org\/fr\/?p=1464"},"modified":"2018-09-28T10:59:18","modified_gmt":"2018-09-28T10:59:18","slug":"campagne-pour-la-liberation-de-daniel-ruiz-contre-la-repression-en-argentine","status":"publish","type":"post","link":"https:\/\/litci.org\/fr\/campagne-pour-la-liberation-de-daniel-ruiz-contre-la-repression-en-argentine\/","title":{"rendered":"Campagne pour la lib\u00e9ration de Daniel Ruiz ! Contre la r\u00e9pression en Argentine !"},"content":{"rendered":"<div class=\"_2cuy _3dgx _2vxa\"><a href=\"https:\/\/www.youtube.com\/watch?v=p7X0ICcLUOQ\" target=\"_blank\" rel=\"noopener nofollow\" data-lynx-mode=\"async\" data-lynx-uri=\"https:\/\/l.facebook.com\/l.php?u=https%3A%2F%2Fwww.youtube.com%2Fwatch%3Fv%3Dp7X0ICcLUOQ&amp;h=AT02uOzy-w6HfNy9tffdtw_ybZucCU7gMJJEfCHBoHCHRkO9lddNMmxWB0XWiXhbCNVA4NEwwiRtO3YQO-35Of2EuxOFthZhxqJwuwKgK7aFiqL2nENikBvweC-EVyEWqwmOjDZBtahi7pemOWPzl6aw1lrUAj81o3Y\">Voir la vid\u00e9o de la campagne internationale<\/a><\/div>\n<div><\/div>\n<div class=\"_2cuy _3dgx _2vxa\">Daniel Ruiz, dirigeant bien connu du syndicat des p\u00e9troliers \u00e0 Chubut en Argentine et dirigeant du Parti Socialiste des Travailleurs Unifi\u00e9s, section de la LIT en Argentine a \u00e9t\u00e9 arr\u00eat\u00e9 arbitrairement ce 12\/09. Cet outrage fait partie de la pers\u00e9cution de Sebasti\u00e1n Romero, dirigeant syndical de General Motors pour avoir d\u00e9fendu les retrait\u00e9s lors de la journ\u00e9e de mobilisation massive r\u00e9prim\u00e9e brutalement ce 18 d\u00e9cembre 2017. Une fois de plus, le gouvernement Macri poursuit et arr\u00eate ceux qui combattent aux c\u00f4t\u00e9s des travailleurs et du peuple. Le jour de son arrestation, le camarade Daniel accompagnait la lutte h\u00e9ro\u00efque des ouvriers du chantier naval de Rio Santiago dans la mobilisation et les actions men\u00e9es contre l&rsquo;ajustement du gouvernement. Il a aussi particip\u00e9 activement \u00e0 l\u2019organisation des manifestations qui auront lieu contre la r\u00e9union du G20 \u00e0 Buenos Aires d\u00e9but d\u00e9cembre 2018.<\/div>\n<div class=\"_2cuy _3dgx _2vxa\">C\u2019est cette justice des patrons qui d\u00e9tient aujourd\u2019hui notre camarade Daniel Ruiz. Ils ont fouill\u00e9 son domicile, et \u00e0 partir de ce moment-l\u00e0, il a \u00e9t\u00e9 d\u00e9tenu et maintenu au secret dans la Division des Menaces et des Intimidations publiques, dans la Capitale f\u00e9d\u00e9rale. Daniel Ruiz est d\u00e9tenu pour sa lutte infatigable contre l\u2019application des r\u00e9formes du travail et des pensions.<\/div>\n<div class=\"_2cuy _3dgx _2vxa\">Nous rejetons fermement sa d\u00e9tention et exigeons sa lib\u00e9ration imm\u00e9diate. Nous appelons toutes les organisations syndicales, politiques et des droits de l\u2019homme \u00e0 se joindre \u00e0 la campagne internationale pour sa lib\u00e9ration.<\/div>\n<div><\/div>\n<div class=\"_2cuy _3dgx _2vxa\"><strong><span class=\"_4yxo\">A bas la r\u00e9pression !<\/span><\/strong><\/div>\n<div class=\"_2cuy _3dgx _2vxa\"><strong><span class=\"_4yxo\">Pour la fin des pers\u00e9cutions politiques aux activistes<\/span> <span class=\"_4yxo\">syndicaux et combattants en Argentine, en particulier le camarade Sebastian Romero !<\/span><\/strong><\/div>\n<div class=\"_2cuy _3dgx _2vxa\"><strong><span class=\"_4yxo\">Pour la lib\u00e9ration imm\u00e9diate du camarade Daniel Ruiz !<\/span><\/strong><\/div>\n<div><\/div>\n<h4 class=\"_2cuy _3dgx _2vxa\"><span style=\"text-decoration: underline;\"><strong>Mod\u00e8le de motion:\u00a0<\/strong><\/span><\/h4>\n<p lang=\"fr-BE\"><em>\u00c0 la Cour f\u00e9d\u00e9rale n \u00b0 12, au juge f\u00e9d\u00e9ral Sergio Torres:<\/em><\/p>\n<p lang=\"fr-BE\"><em>En tant que&#8230;&#8230;&#8230;&#8230;&#8230;&#8230;&#8230;&#8230;&#8230;., nous nous adressons \u00e0 vous pour exiger la lib\u00e9ration imm\u00e9diate de Daniel Ruiz, dirigeant du syndicat des p\u00e9troliers, dirigeant politique du PSTU et membre du R\u00e9seau syndical international.<\/em><\/p>\n<p lang=\"fr-BE\"><em>Daniel Ruiz a \u00e9t\u00e9 arr\u00eat\u00e9 le 12 septembre dernier sur ordre de cette cour, en revenant d&rsquo;une mobilisation en faveur des travailleurs du chantier naval R\u00edo Santiago. Deux jours plus tard, le juge Sergio Torres a rejet\u00e9 la demande de lib\u00e9ration demand\u00e9e par ses avocats et Daniel Ruiz a \u00e9t\u00e9 transf\u00e9r\u00e9 \u00e0 la prison de Marcos Paz.<\/em><\/p>\n<p lang=\"fr-BE\"><em>Son arrestation est li\u00e9e \u00e0 sa participation \u00e0 la marche massive du 18 d\u00e9cembre contre la r\u00e9forme des retraites. Cette Cour suit une hypoth\u00e8se du Bureau du Procureur, selon laquelle Daniel aurait pu \u00eatre impliqu\u00e9 dans des \u00e9v\u00e9nements plus graves, entravant le fonctionnement normal du Congr\u00e8s.<\/em><\/p>\n<p lang=\"fr-BE\"><em>Il s&rsquo;agit d&rsquo;une d\u00e9tention arbitraire, fond\u00e9e sur des hypoth\u00e8ses, contraire au droit de se manifester, ce qui convertit le fait de se manifester en crime.<\/em><\/p>\n<p lang=\"fr-BE\"><em>Le rejet de sa demande de lib\u00e9ration invoque des raisons avec un manque similaire de justification, telles que le fait que sa libert\u00e9 pourrait entraver la recherche de Sebasti\u00e1n Romero, \u00e9tant donn\u00e9 que les deux appartiennent au m\u00eame parti politique. Cette conjecture conf\u00e8re \u00e0 l&rsquo;arrestation de Daniel le caract\u00e8re de pers\u00e9cution politique, tout comme la pers\u00e9cution dont est victime S\u00e9bastien, pour les m\u00eames \u00e9v\u00e9nements du 18 d\u00e9cembre.<\/em><\/p>\n<p lang=\"fr-BE\"><em>Nous consid\u00e9rons l&rsquo;arrestation de Daniel Ruiz comme une grave violation des droits d\u00e9mocratiques fondamentaux, tels que le fait de d\u00e9fendre des id\u00e9es contraires \u00e0 celles du gouvernement et de ne pas \u00eatre pers\u00e9cut\u00e9e pour cela, de manifester, de se r\u00e9unir syndicalement et politiquement\u00a0; cette arrestation est contraire \u00e0 la pr\u00e9somption d&rsquo;innocence face \u00e0 une accusation et jusqu&rsquo;\u00e0 preuve de culpabilit\u00e9.<\/em><\/p>\n<p lang=\"fr-BE\"><em>En vertu de ces abus, nous demandons la lib\u00e9ration imm\u00e9diate de Daniel Ruiz, tout comme nous demandons celle de tous les prisonniers pour \u00eatre engag\u00e9s dans la lutte, et la cessation de la pers\u00e9cution de combattants comme Sebasti\u00e1n Romero.<\/em><\/p>\n<p lang=\"fr-BE\"><em>(\u00e0 envoyer \u00e0 l&#8217;email: jncrimcorrfed12@pjn.gov.ar<\/em><\/p>\n<p lang=\"fr-BE\"><em>avec copie \u00e0 libertadadanielruiz@gmail.com et \u00e0 litci@terra.com.br)\u00a0<\/em><\/p>\n<figure class=\"_2cuy _4nuy _2vxa\">\n<div class=\"_h2x\"><strong style=\"font-family: 'Open Sans', arial, sans-serif; font-size: 19px;\"><span class=\"_4yxo _4yxr\">La compagne de solidarit\u00e9 parcourt le m<a href=\"https:\/\/i0.wp.com\/litci.org\/fr\/wp-content\/uploads\/2018\/09\/Solidarite-ALR-1.jpeg\"><img decoding=\"async\" loading=\"lazy\" class=\"size-medium wp-image-1479 alignleft\" src=\"https:\/\/i0.wp.com\/litci.org\/fr\/wp-content\/uploads\/2018\/09\/Solidarite-ALR-1.jpeg?resize=300%2C146\" alt=\"\" width=\"300\" height=\"146\" srcset=\"https:\/\/i0.wp.com\/litci.org\/fr\/wp-content\/uploads\/2018\/09\/Solidarite-ALR-1.jpeg?resize=300%2C146&amp;ssl=1 300w, https:\/\/i0.wp.com\/litci.org\/fr\/wp-content\/uploads\/2018\/09\/Solidarite-ALR-1.jpeg?resize=768%2C372&amp;ssl=1 768w, https:\/\/i0.wp.com\/litci.org\/fr\/wp-content\/uploads\/2018\/09\/Solidarite-ALR-1.jpeg?resize=1024%2C497&amp;ssl=1 1024w, https:\/\/i0.wp.com\/litci.org\/fr\/wp-content\/uploads\/2018\/09\/Solidarite-ALR-1.jpeg?resize=1536%2C745&amp;ssl=1 1536w, https:\/\/i0.wp.com\/litci.org\/fr\/wp-content\/uploads\/2018\/09\/Solidarite-ALR-1.jpeg?resize=150%2C73&amp;ssl=1 150w, https:\/\/i0.wp.com\/litci.org\/fr\/wp-content\/uploads\/2018\/09\/Solidarite-ALR-1.jpeg?resize=696%2C338&amp;ssl=1 696w, https:\/\/i0.wp.com\/litci.org\/fr\/wp-content\/uploads\/2018\/09\/Solidarite-ALR-1.jpeg?resize=1068%2C518&amp;ssl=1 1068w, https:\/\/i0.wp.com\/litci.org\/fr\/wp-content\/uploads\/2018\/09\/Solidarite-ALR-1.jpeg?w=1600&amp;ssl=1 1600w, https:\/\/i0.wp.com\/litci.org\/fr\/wp-content\/uploads\/2018\/09\/Solidarite-ALR-1.jpeg?w=1392 1392w\" sizes=\"(max-width: 300px) 100vw, 300px\" data-recalc-dims=\"1\" \/><\/a>onde<\/span><\/strong><\/div>\n<\/figure>\n<div><\/div>\n<div class=\"_2cuy _3dgx _2vxa\"><span class=\"_4yxp\">Il y \u00e0 d\u00e9j\u00e0 des organisations syndicales et politiques ainsi que des personnalit\u00e9s de<\/span> <span class=\"_4yxp\"><span class=\"_4yxp\">13 pays qui se sont d\u00e9j\u00e0 pris position pour la lib\u00e9ration du camarade. Chez nous, l\u2019assembl\u00e9e des d\u00e9l\u00e9gu\u00e9 de la CGSP-ALR Bruxelles s\u2019est prononc\u00e9 pour sa lib\u00e9ration, des travailleurs de l&rsquo;usine Vache Bleue \u00e0 Nivelles, la d\u00e9l\u00e9gation du SETCa du Centre d\u2019Action La\u00efque ( C.A.L), la d\u00e9l\u00e9gation de Molenbeek-Saint-Jean , de Saint-Josse et de Saint Gilles de la CGSP-ALR Bruxelles, des travailleurs du nettoyage d&rsquo;ISS \u00e0 l&rsquo;Universit\u00e9 Libre de Bruxelles, la Ligue Communiste des Travailleurs (LCT),\u00a0 le Parti Socialiste de Lutte (PSL\/LSP),\u00a0 \u00a0la CGSP-ALR de Bruxelles, Comit\u00e9 Unit\u00e9, Organisation Socialiste Internationaliste (OSI)<br \/>\n<\/span><\/span><\/div>\n<div><\/div>\n<div class=\"_2cuy _3dgx _2vxa\"><strong><span class=\"_4yxo\">Angleterre<\/span> <\/strong>: Conf\u00e9rence des Syndicats (TUC) de Liverpool <strong><span class=\"_4yxo\">Br\u00e9sil<\/span> <\/strong>:CSP-CONLUTAS, Centrale Sindicale et Popular (motion avec signature de 50 syndicats) FENAMETRO, F\u00e9d\u00e9ration nationale des conducteur de m\u00e9tro.FENTECT- F\u00e9d\u00e9ration nationale des travailleurs des postes, t\u00e9l\u00e9graphes et soci\u00e9t\u00e9s similaires- Union des p\u00e9troliers de Par\u00e1, Amazonas Maranh\u00e3o et Amap\u00e1 &#8211; Syndicat des m\u00e9tallurgistes de San Jos\u00e9 Dos Campos. Syndicat des m\u00e9tallurgistes d&rsquo;Itajuba et de la Regi\u00f3n Minas Gerais &#8211; SINSEF-SP Syndicat des travailleurs du service public f\u00e9d\u00e9ral de l&rsquo;\u00c9tat de S\u00e3o Paulo \u2013 Syndicat deschimistes Vinhedo \u2013Syndicat des chauffeurs de m\u00e9tro, San Pablo, Br\u00e9sil. SINTECT \/ SC Syndicat des travailleurs du secteur postal, t\u00e9l\u00e9graphique et autres entreprises de Santa Catarina &#8211; Syndicat &#8211; PASSO FUNDO &#8211; RS &#8211; BRESIL Sind-Rede \/ BH Lutte populaire administrative <span class=\"_4yxo\"><strong>Etat espagnol<\/strong> <strong>:<\/strong><\/span> Conf\u00e9d\u00e9ration G\u00e9n\u00e9rale du Travail &#8211; Co. Bas (Syndicat de Commissions de Base) \u2013 Courrant Rouge &#8211; <span class=\"_4yxo\"><strong>Colombie:<\/strong>-Parti Socialiste de Travailleurs &#8211; <\/span> Jos\u00e9 Antonio Forero Mayorga, Pr\u00e9sident de l\u2019Organisation colombienne des pension\u00e9s &#8211; Sindicat de l\u2019Industrie de l\u2019Alimentation, Cartagena. &#8211; Jes\u00fas Horacio S\u00e1nchez Ram\u00edrez, Instructeur Grade 20 \u2013 SENA. Centre pour le d\u00e9veloppement Technologique, la construction et l\u2019industrie <span class=\"_4yxo\"><strong>Uruguay<\/strong> <\/span><strong>:<\/strong> Gauche Socialiste des Travailleurs \u2013 Parti des Travailleurs <strong><span class=\"_4yxo\">Mexique<\/span> :<\/strong> Commission de l&rsquo;Association des retrait\u00e9s et retrait\u00e9s de la d\u00e9l\u00e9gation 23 du Syndicat d\u00e9mocratique des travailleurs de l&rsquo;\u00e9ducation SDTEV, de l&rsquo;Etat de Veracru &#8211; Ra\u00fal Puentes D\u00edas de Torre\u00f3n <span class=\"_4yxo\"><strong>Paraguay :<\/strong><\/span> Conf\u00e9d\u00e9ration de la Classe des Travailleur \u2013 Parti des Travailleurs <strong><span class=\"_4yxo\">Italie<\/span>\u00a0<\/strong>: Parti d\u2019alternative Communiste <strong><span class=\"_4yxo\">Chili<\/span><\/strong> <strong>:<\/strong> Mouvement International des Travailleurs <strong><span class=\"_4yxo\">Belgiqu<\/span><span class=\"_4yxo\">e<\/span>:<\/strong>\u00a0<span class=\"_4yxp\">l\u2019assembl\u00e9e des d\u00e9l\u00e9gu\u00e9 de la CGSP-ALR Bruxelles s\u2019est prononc\u00e9 pour sa lib\u00e9ration, des travailleurs de l&rsquo;usine Vache Bleue \u00e0 Nivelles, la d\u00e9l\u00e9gation du SETCa du Centre d\u2019Action La\u00efque ( C.A.L), la d\u00e9l\u00e9gation de Molenbeek-Saint-Jean , de Saint-Josse et de Saint Gilles de la CGSP-ALR Bruxelles, des travailleurs du nettoyage d&rsquo;ISS \u00e0 l&rsquo;Universit\u00e9 Libre de Bruxelles, la Ligue Communiste des Travailleurs (LCT),\u00a0 le Parti Socialiste de Lutte (PSL\/LSP),\u00a0 \u00a0la CGSP-ALR de Bruxelles, Comit\u00e9 Unit\u00e9, Organisation Socialiste Internationaliste (OSI)<\/span><span class=\"_4yxp\">\u00a0<\/span><span class=\"_4yxo\"><strong>Portugal : <\/strong><\/span>En Lutte <strong><span class=\"_4yxo\">Costa Rica :<\/span><\/strong> Syndicat des travailleurs du secteur priv\u00e9 SITRASEP \u2013 Parti des Travailleurs <span class=\"_4yxo\">Salvador :<\/span> PCT <strong><span class=\"_4yxo\">Per\u00fa<\/span><\/strong> : Syndicat Unitaire des Travailleurs CELIMA &#8211; SA SITRAFAPESA yndicat des travailleurs d&rsquo;Eternit, SA.<\/div>\n","protected":false},"excerpt":{"rendered":"<p>Voir la vid\u00e9o de la campagne internationale Daniel Ruiz, dirigeant bien connu du syndicat des p\u00e9troliers \u00e0 Chubut en Argentine et dirigeant du Parti Socialiste des Travailleurs Unifi\u00e9s, section de la LIT en Argentine a \u00e9t\u00e9 arr\u00eat\u00e9 arbitrairement ce 12\/09. Cet outrage fait partie de la pers\u00e9cution de Sebasti\u00e1n Romero, dirigeant syndical de General Motors [&hellip;]<\/p>\n","protected":false},"author":1,"featured_media":1441,"comment_status":"open","ping_status":"open","sticky":false,"template":"","format":"standard","meta":{"footnotes":"","_jetpack_memberships_contains_paid_content":false},"categories":[3510,3501],"tags":[],"jetpack_sharing_enabled":true,"jetpack_featured_media_url":"https:\/\/i0.wp.com\/litci.org\/fr\/wp-content\/uploads\/2018\/09\/dani-01.jpeg?fit=2022%2C1348&ssl=1","_links":{"self":[{"href":"https:\/\/litci.org\/fr\/wp-json\/wp\/v2\/posts\/1464"}],"collection":[{"href":"https:\/\/litci.org\/fr\/wp-json\/wp\/v2\/posts"}],"about":[{"href":"https:\/\/litci.org\/fr\/wp-json\/wp\/v2\/types\/post"}],"author":[{"embeddable":true,"href":"https:\/\/litci.org\/fr\/wp-json\/wp\/v2\/users\/1"}],"replies":[{"embeddable":true,"href":"https:\/\/litci.org\/fr\/wp-json\/wp\/v2\/comments?post=1464"}],"version-history":[{"count":0,"href":"https:\/\/litci.org\/fr\/wp-json\/wp\/v2\/posts\/1464\/revisions"}],"wp:featuredmedia":[{"embeddable":true,"href":"https:\/\/litci.org\/fr\/wp-json\/wp\/v2\/media\/1441"}],"wp:attachment":[{"href":"https:\/\/litci.org\/fr\/wp-json\/wp\/v2\/media?parent=1464"}],"wp:term":[{"taxonomy":"category","embeddable":true,"href":"https:\/\/litci.org\/fr\/wp-json\/wp\/v2\/categories?post=1464"},{"taxonomy":"post_tag","embeddable":true,"href":"https:\/\/litci.org\/fr\/wp-json\/wp\/v2\/tags?post=1464"}],"curies":[{"name":"wp","href":"https:\/\/api.w.org\/{rel}","templated":true}]}}