{"id":81863,"date":"2026-09-03T12:44:26","date_gmt":"2026-09-03T12:44:26","guid":{"rendered":"https:\/\/litci.org\/es\/?p=81863"},"modified":"2026-09-03T12:44:51","modified_gmt":"2026-09-03T12:44:51","slug":"respuesta-al-manifiesto-hay-que-tomar-partido-de-crt-y-cr-iv","status":"publish","type":"post","link":"https:\/\/litci.org\/es\/respuesta-al-manifiesto-hay-que-tomar-partido-de-crt-y-cr-iv\/","title":{"rendered":"Respuesta al manifiesto \u00abHay que tomar partido\u00bb de CRT y \u00abCR-IV\u00bb"},"content":{"rendered":"\n<h2 class=\"wp-block-heading\"><strong>Presentaci\u00f3n<\/strong><\/h2>\n\n\n\n<p>Ha llegado a nuestras manos el manifiesto \u201c<strong><em>Hay que tomar partido<\/em><\/strong>\u201d lanzado por un comit\u00e9 conjunto entre CRT y la autodenominada CR-IV. El manifiesto se propone impulsar un proceso constituyente para la fundaci\u00f3n de una nueva organizaci\u00f3n socialista revolucionaria en el Estado espa\u00f1ol, aunque en verdad hace tiempo que ambas fuerzas son ya una \u00fanica organizaci\u00f3n: la CRT. En nombre de lo que es la integraci\u00f3n efectiva de \u201cCR-IV\u201d a la CRT hablan de impulsar un&nbsp;<em>\u201cproceso<\/em>&nbsp;<em>constituyente<\/em>\u201d.<\/p>\n\n\n\n<p>Corriente Roja y la LIT-CI nos consideramos un instrumento al servicio de la construcci\u00f3n del partido revolucionario y de la hist\u00f3rica tarea de la construcci\u00f3n de direcci\u00f3n revolucionaria internacional. As\u00ed, aspiramos a construirnos en el movimiento obrero para contribuir a la victoria de nuestra clase sobre el capitalismo y a acabar con toda opresi\u00f3n y explotaci\u00f3n. Somos plenamente conscientes que tales objetivos exigen un debate honesto y leal con el resto de la izquierda revolucionaria para avanzar en com\u00fan en estas tareas.<\/p>\n\n\n\n<p>Pensamos, no obstante, que el manifiesto \u201cHay que tomar partido\u201d est\u00e1 muy lejos de contribuir al debate honesto y leal, en primer lugar, porque las tesis que nos imputan en \u00e9l son, ante todo, una construcci\u00f3n arbitraria que no se corresponde con la realidad. Por nuestra parte, nos vemos en la obligaci\u00f3n de dar una respuesta. Entendemos que es necesario se\u00f1alar algunas cuestiones b\u00e1sicas de m\u00e9todo, programa y estrategia que interesan, por su importancia, a todos los y las interesadas en quienes nos proponemos construir una fuerza n\u00edtidamente socialista y revolucionaria. Entre estas cuestiones vamos a referirnos al problema de las nacionalidades oprimidas y las tareas democr\u00e1ticas, a la incapacidad de la CRT\/CRP de reconocer&nbsp;<a href=\"https:\/\/litci.org\/es\/el-regimen-de-putin-y-la-consolidacion-de-un-nuevo-estado-imperialista-en-rusia\/\" target=\"_blank\" rel=\"noreferrer noopener\">la agresi\u00f3n imperialista de Rusia contra Ucrania<\/a><a href=\"https:\/\/www.corrienteroja.net\/respuesta-al-manifiesto-hay-que-tomar-partido-de-crt-y-cr-iv\/#_ftn1\" target=\"_blank\" rel=\"noopener\">[1]<\/a>&nbsp;y tambi\u00e9n a la pol\u00edtica del PTS argentino, el partido-madre de la CRP, que el manifiesto coloca como la gran referencia mundial de los\/las revolucionarios\/as.<\/p>\n\n\n\n<h2 class=\"wp-block-heading\"><strong>I. Una incomprensi\u00f3n profunda de la lucha de las nacionalidades oprimidas por su liberaci\u00f3n y del combate por las consignas democr\u00e1ticas<\/strong><\/h2>\n\n\n\n<p>Como sabemos, la cuesti\u00f3n de las nacionalidades oprimidas ha estado en el centro de los problemas del r\u00e9gimen pol\u00edtico espa\u00f1ol a lo largo de la historia moderna y lo sigue estando, con altos y bajos, en el r\u00e9gimen surgido de la Transici\u00f3n. El&nbsp;<em>proc\u00e9s,<\/em>&nbsp;como se dio en llamar al per\u00edodo de movilizaciones multitudinarias en defensa de la Rep\u00fablica catalana que se inici\u00f3 en 2013 y tuvo su culminaci\u00f3n en el refer\u00e9ndum del 1 de octubre de 2017, es prueba de ello. No es extra\u00f1o que a\u00fan est\u00e9 pendiente de aplicarse la Ley de Amnist\u00eda.<\/p>\n\n\n\n<p><a href=\"https:\/\/www.corrienteroja.net\/un-sector-de-la-antigua-direccion-rompe-con-corriente-roja-para-ir-a-la-crt-claves-para-entender-la-ruptura\/\" target=\"_blank\" rel=\"noreferrer noopener\">Como referimos en anteriores elaboraciones<\/a>,<a href=\"https:\/\/www.corrienteroja.net\/respuesta-al-manifiesto-hay-que-tomar-partido-de-crt-y-cr-iv\/#_ftn2\" target=\"_blank\" rel=\"noopener\">[2]<\/a>&nbsp;la CRT y su corriente internacional (la Fracci\u00f3n Trotskista (FT), recientemente renombrada como CRP) padecen una profunda incomprensi\u00f3n sobre c\u00f3mo abordar el problema de las nacionalidades oprimidas. Lejos de esforzarse por entender la din\u00e1mica viva de los procesos de lucha contra la opresi\u00f3n nacional, defiende un doctrinarismo que desprecia las consignas democr\u00e1ticas y que aplica a toda circunstancia y lugar. Como si las consignas democr\u00e1ticas no formaran parte del programa de transici\u00f3n para la revoluci\u00f3n socialista. De tal forma, cuando llegan momentos decisivos como el&nbsp;<em>proc\u00e9s<\/em>&nbsp;catal\u00e1n, quedan convertidos en una fuerza exterior, ajena a la movilizaci\u00f3n popular.<\/p>\n\n\n\n<p>Llama tambi\u00e9n la atenci\u00f3n que una organizaci\u00f3n como la CRT y su corriente internacional, que se presentan como faros del marxismo revolucionario y \u00fanicos trotskistas del mundo, que acostumbran a sentenciar los debates con citas, hayan \u201colvidado\u201d esta vez toda referencia a las pol\u00edticas adoptadas por Trotsky y la Oposici\u00f3n de Izquierda Internacional en los tumultuosos a\u00f1os 30 del siglo pasado en el Estado espa\u00f1ol. Un per\u00edodo en el que la lucha contra la monarqu\u00eda y el problema nacional catal\u00e1n ocuparon el primer plano de la lucha de clases hasta el estallido de la guerra civil.<\/p>\n\n\n\n<p>Los problemas de la corriente internacional de la CRT no se limitan, por lo dem\u00e1s, a la cuesti\u00f3n nacional, sino que abarcan la lucha general por las consignas democr\u00e1ticas y la batalla de pueblos oprimidos, como Palestina y Ucrania, por su liberaci\u00f3n nacional.<\/p>\n\n\n\n<p>Antes de comenzar la pol\u00e9mica nos parece necesario denunciar, de nuevo, los m\u00e9todos usados por la CRT que, en su manifiesto conjunto, ataca a Corriente Roja por defender la tesis de que Galicia es una&nbsp;<em>colonia<\/em>&nbsp;espa\u00f1ola. La verdad, sin embargo, es que jam\u00e1s hemos defendido esta tesis y que la CRT y sus nuevos socios lo saben perfectamente. Es, literalmente, una mentira cuya necesidad se nos escapa.<\/p>\n\n\n\n<h3 class=\"wp-block-heading\"><strong>II.1. La lucha por la Rep\u00fablica Catalana<\/strong><\/h3>\n\n\n\n<p>Entrando ya en la pol\u00e9mica, CRT comienza, como es su costumbre,&nbsp;<a href=\"https:\/\/litci.org\/es\/moreno-y-el-morenismo-un-debate-con-el-mrt-y-la-fraccion-trotskista\/?utm_source=copylink&amp;utm_medium=browser\" target=\"_blank\" rel=\"noreferrer noopener\">con la letan\u00eda de que Corriente Roja y la LIT defendemos una \u201c<em>pol\u00edtica seudoetapista<\/em>\u201d<\/a><a href=\"https:\/\/www.corrienteroja.net\/respuesta-al-manifiesto-hay-que-tomar-partido-de-crt-y-cr-iv\/#_ftn3\" target=\"_blank\" rel=\"noopener\">[3]<\/a>&nbsp;de \u201c<em>revoluci\u00f3n democr\u00e1tica<\/em>\u201d que \u201c<em>desliga las demandas democr\u00e1ticas de la perspectiva del poder obrero<\/em>\u201d. &nbsp;<\/p>\n\n\n\n<p>Prosiguen diciendo que, dado que \u201c<em>la rep\u00fablica catalana solo ser\u00e1 posible si es conquistada por medio de una gran lucha social encabezada por la clase trabajadora [\u2026]&nbsp; solo ser\u00e1 posible como una rep\u00fablica socialista [\u2026]\u201d<\/em>. En cambio -contin\u00faan \u2013 defender, como hizo Corriente Roja<a href=\"https:\/\/www.corrienteroja.net\/respuesta-al-manifiesto-hay-que-tomar-partido-de-crt-y-cr-iv\/#_ftn4\" target=\"_blank\" rel=\"noopener\">[4]<\/a>,\u201c<em>la consigna de Rep\u00fablica catalana (\u2026) \u201cacaba condenando a un partido revolucionario a sumarse al furg\u00f3n de cola de la pol\u00edtica nacionalista burguesa y peque\u00f1oburguesa\u201d.<\/em><\/p>\n\n\n\n<p>En verdad, CRT ni siquiera reconoce que el&nbsp;<em>proc\u00e9s<\/em>&nbsp;fuese una movilizaci\u00f3n popular por la independencia catalana y, de manera pudorosa, solo hablan de \u201c<em>un movimiento democr\u00e1tico por el derecho a la autodeterminaci\u00f3n<\/em>\u201d.<\/p>\n\n\n\n<p>Un art\u00edculo de Guillermo Ferrari<a href=\"https:\/\/www.corrienteroja.net\/respuesta-al-manifiesto-hay-que-tomar-partido-de-crt-y-cr-iv\/#_ftn5\" target=\"_blank\" rel=\"noopener\">[5]<\/a>&nbsp;de 14\/10\/13, escrito cuando el&nbsp;<em>proc\u00e9s<\/em>&nbsp;ya hab\u00eda comenzado y la CRT a\u00fan se llamaba \u201c<em>Clase contra Clase<\/em>\u201d, sintetiza a la perfecci\u00f3n sus posiciones. En \u00e9l rechaza, de entrada, la consigna de Rep\u00fablica Catalana porque \u201c<em>no define si es una rep\u00fablica capitalista o socialista<\/em>\u201d. Asimismo, porque \u201c<em>decanta la relaci\u00f3n entre Catalunya y el resto del Estado espa\u00f1ol desde una forma determinada<\/em>\u201d, cuando lo que hac\u00eda falta era una \u201c<em>Asamblea Constituyente Revolucionaria<\/em>\u201d -surgida de su imaginaci\u00f3n- \u201c<em>donde todas las nacionalidades puedan discutir y resolver sobre la cuesti\u00f3n nacional y todos los problemas<\/em>\u201d.<a href=\"https:\/\/www.corrienteroja.net\/respuesta-al-manifiesto-hay-que-tomar-partido-de-crt-y-cr-iv\/#_ftn6\" target=\"_blank\" rel=\"noopener\">[6]<\/a><\/p>\n\n\n\n<p>Frente a las acusaciones de CRT, vamos a reproducir aqu\u00ed una parte fundamental de las tesis que defendi\u00f3 Corriente Roja<a href=\"https:\/\/www.corrienteroja.net\/respuesta-al-manifiesto-hay-que-tomar-partido-de-crt-y-cr-iv\/#_ftn7\" target=\"_blank\" rel=\"noopener\">[7]<\/a>:<\/p>\n\n\n\n<p><em>\u201c1\/El conflicto catal\u00e1n se ha convertido en el elemento m\u00e1s avanzado de la crisis del r\u00e9gimen mon\u00e1rquico en descomposici\u00f3n. La gran movilizaci\u00f3n por su soberan\u00eda nacional ha hecho de Catalu\u00f1a el principal basti\u00f3n de la lucha contra el r\u00e9gimen y, por ello mismo, la avanzada del proceso de la revoluci\u00f3n espa\u00f1ola. El curso del conflicto y sus resultados son decisivos para la clase obrera y los pueblos del Estado espa\u00f1ol.<\/em><\/p>\n\n\n\n<p><em>2\/El conflicto catal\u00e1n muestra a las claras que no es posible ejercer el derecho democr\u00e1tico a la autodeterminaci\u00f3n sin romper con la legalidad del r\u00e9gimen mon\u00e1rquico. La prohibici\u00f3n de la consulta ha mostrado que un refer\u00e9ndum de autodeterminaci\u00f3n s\u00f3lo es posible si Catalunya asume la plena soberan\u00eda nacional.<\/em><\/p>\n\n\n\n<p><em>3\/Esta realidad pol\u00edtica obliga a plantear con toda claridad que la proclamaci\u00f3n de la Rep\u00fablica catalana independiente es la condici\u00f3n y el instrumento para asegurar la autodeterminaci\u00f3n.<\/em><\/p>\n\n\n\n<p><em>4\/La batalla por los derechos nacionales, por la soberan\u00eda, por la Rep\u00fablica catalana, ha de ser ante todo una reivindicaci\u00f3n de la clase trabajadora, que debe convertirse en la campeona de esta lucha democr\u00e1tica. El movimiento obrero no puede permanecer ajeno a esta lucha ni limitarse a desempe\u00f1ar el papel de acompa\u00f1ante a disposici\u00f3n de Mas o, llegado el caso, de Junqueras.<\/em><\/p>\n\n\n\n<p><em>7\/Luchamos por una Rep\u00fablica catalana \u201csocial y soberana\u201d. Soberana no s\u00f3lo de Madrid sino de Bruselas y Berl\u00edn, que asegure las necesidades b\u00e1sicas de la clase trabajadora y de la peque\u00f1a burgues\u00eda empobrecida ((prohibici\u00f3n de desahucios; revertir los recortes y privatizaciones; derechos laborales y pol\u00edticos; derogaci\u00f3n de la reforma laboral; prisi\u00f3n para corruptos y corruptores e incautaci\u00f3n de lo robado; suspensi\u00f3n del pago de la Deuda y Auditor\u00eda; toma de control de los bancos catalanes -La Caixa y Sabadell- y de las empresas estrat\u00e9gicas; incautaci\u00f3n de las empresas que amenacen con la deslocalizaci\u00f3n si se declara la independencia\u2026) y que ponga en marcha un proceso constituyente para un cambio radical, que d\u00e9 la palabra al pueblo trabajador organizado desde abajo. La lucha por medidas como \u00e9stas da a la consigna de Rep\u00fablica catalana un car\u00e1cter transicional hacia la conquista del poder por la clase trabajadora. (\u2026)<\/em><\/p>\n\n\n\n<p><em>8\/La lucha por la Rep\u00fablica catalana no es una lucha \u201cindependentista\u201d sino el principal punto de apoyo para acabar con el r\u00e9gimen mon\u00e1rquico y la mejor base para batallar por una libre uni\u00f3n de pueblos libres o, como lo expresaban nuestros precursores en la lucha, la libre uni\u00f3n o confederaci\u00f3n de rep\u00fablicas ib\u00e9ricas. Para nosotros, esta uni\u00f3n libre es indesligable de la lucha por una Europa de los trabajadores y los pueblos. No hay \u201csocialismo en un solo pa\u00eds\u201d sino que tiene dimensi\u00f3n europea y mundial. La Rep\u00fablica catalana, la uni\u00f3n libre de rep\u00fablicas y la Europa de los trabajadores y de los pueblos es una combinaci\u00f3n de consignas que forman un todo indisociable.\u201d<\/em><\/p>\n\n\n\n<p>En Corriente Roja pensamos que estas tesis se vinculan con la tradici\u00f3n del marxismo revolucionario en el Estado espa\u00f1ol y, en particular, con las posiciones que tomaron Le\u00f3n Trotsky y la Oposici\u00f3n de Izquierda en 1934, cuando estall\u00f3 el conflicto frontal entre Catalu\u00f1a y el gobierno central en torno a la&nbsp;<em>Ley de Contratos de Cultivo.<\/em>&nbsp;Un conflicto queconflu\u00eda y se integraba como una pieza central en el choque general del movimiento obrero del conjunto del Estado contra el gobierno reaccionario de Madrid.<\/p>\n\n\n\n<p>En una carta, enormemente cr\u00edtica, de Trotsky<a href=\"https:\/\/www.corrienteroja.net\/respuesta-al-manifiesto-hay-que-tomar-partido-de-crt-y-cr-iv\/#_ftn8\" target=\"_blank\" rel=\"noopener\">[8]<\/a>&nbsp;a los dirigentes de la Izquierda Comunista Espa\u00f1ola (ICE), les plante\u00f3 la urgencia de un giro radical:&nbsp;&nbsp;<\/p>\n\n\n\n<p><em>\u00abCatalu\u00f1a puede convertirse en el eje de la revoluci\u00f3n espa\u00f1ola. La conquista de la direcci\u00f3n en Catalu\u00f1a debe ser el centro de nuestra pol\u00edtica en Espa\u00f1a.\u201d (\u2026) \u201c<\/em><em>El proletariado ha de demostrar en los hechos a las masas catalanas que tiene un inter\u00e9s sagrado por la defensa de la independencia catalana. Es aqu\u00ed donde residir\u00e1 el paso decisivo hacia la conquista de la direcci\u00f3n en la lucha de todas las capas sociales de la ciudad y del campo prestas a la defensa.\u00bb<\/em><em><\/em><\/p>\n\n\n\n<p>Del mismo modo, entre otras cuestiones clave, como la del armamento popular, Trotsky les dec\u00eda que \u00ab<em>dada la extrema divisi\u00f3n del proletariado catal\u00e1n<a href=\"https:\/\/www.corrienteroja.net\/respuesta-al-manifiesto-hay-que-tomar-partido-de-crt-y-cr-iv\/#_ftn9\" target=\"_blank\" rel=\"noopener\"><sup><strong><sup>[9]<\/sup><\/strong><\/sup><\/a>, que no le permite establecer su hegemon\u00eda en Catalu\u00f1a<\/em>,&nbsp;<em>no puede, en la situaci\u00f3n actual, proclamar por s\u00ed solo la independencia de Catalu\u00f1a. Pero puede y debe llamar a la proclamaci\u00f3n con todas sus fuerzas y exigirla al gobierno peque\u00f1oburgu\u00e9s de ERC.<\/em>\u00ab<\/p>\n\n\n\n<p>Por supuesto, la batalla por la proclamaci\u00f3n de la Rep\u00fablica catalana no alej\u00f3 a Trotsky y a la Oposici\u00f3n de Izquierda de la v\u00eda revolucionaria. Como escribi\u00f3 Alfonso Leonetti en nombre del SI de la LCI (Oposici\u00f3n de Izquierda) en una carta anexa a la de Trotsky:<\/p>\n\n\n\n<p><em>\u00abEvidentemente, nosotros, marxistas, no somos \u201cseparatistas\u201d; pero no somos tampoco \u201cdem\u00f3cratas\u201d. A pesar de esto, luchando por la \u201cdemocracia\u201d pensamos llegar al socialismo y al poder proletario. La misma cosa con la cuesti\u00f3n nacional.<\/em><\/p>\n\n\n\n<p><em>Luchando por la independencia catalana, por la Rep\u00fablica catalana, en suma, la clase obrera no pierde de vista ni un instante que su tarea es luchar por una libre rep\u00fablica catalana obrera y campesina dentro de una libre rep\u00fablica obrera y campesina de Espa\u00f1a.\u00bb<\/em><\/p>\n\n\n\n<h3 class=\"wp-block-heading\"><strong>II.2. La oposici\u00f3n de la CRT a la consigna Rep\u00fablica<\/strong><\/h3>\n\n\n\n<p>La misma l\u00ednea de oposici\u00f3n a la consigna de Rep\u00fablica Catalana se repite con la consigna de Rep\u00fablica a escala del Estado espa\u00f1ol. Guillermo Ferrari, en el art\u00edculo citado, es quiz\u00e1s quien mejor expresa la postura que mantiene CRT. Es as\u00ed cuando nos criticaba, por ejemplo, apoyar iniciativas de refer\u00e9ndum contra la Monarqu\u00eda que entonces se estaban llevando a cabo en distintos lugares. Nos dec\u00eda, en una muestra de doctrinarismo dif\u00edcil de igualar, que ped\u00edamos \u201c<em>(\u00bfa qui\u00e9n?) un Refer\u00e9ndum para que la gente vote si quiere la Monarqu\u00eda o una Rep\u00fablica (no importa si es burguesa). Y la revoluci\u00f3n socialista queda para un futuro indefinido<\/em>.\u201d<\/p>\n\n\n\n<p>En otra parte de su art\u00edculo escrib\u00eda que su organizaci\u00f3n \u201c<em>no luchamos por la III Rep\u00fablica, sino que luchamos por una Rep\u00fablica Obrera que acabe la explotaci\u00f3n del hombre por el hombre y todas las opresiones<\/em>\u201d.<\/p>\n\n\n\n<p>Sin embargo, esta metodolog\u00eda, muy poco tiene que ver con la tradici\u00f3n marxista, cuyo programa combina la batalla por las reivindicaciones democr\u00e1ticas, transicionales y socialistas en la lucha por la revoluci\u00f3n mundial.<\/p>\n\n\n\n<p>Dirigentes como Le\u00f3n Trotsky aplicaron esta tradici\u00f3n en la Espa\u00f1a de principios de los a\u00f1os 30 del siglo pasado, en plena lucha contra la monarqu\u00eda. En una carta a los camaradas espa\u00f1oles de junio de 1930, les escribi\u00f3 llam\u00e1ndolos a ponerse al frente de la lucha por las reivindicaciones democr\u00e1ticas:<\/p>\n\n\n\n<p>\u201c<em>No comprenderlo ser\u00eda cometer la mayor falta sectaria. Poniendo por delante las consignas democr\u00e1ticas, el proletariado no quiere con ello decir que Espa\u00f1a va hacia la revoluci\u00f3n burguesa. S\u00f3lo podr\u00edan plantear as\u00ed la cuesti\u00f3n fr\u00edos pedantes atiborrados de f\u00f3rmulas rutinarias<\/em>.\u201d<a href=\"https:\/\/www.corrienteroja.net\/respuesta-al-manifiesto-hay-que-tomar-partido-de-crt-y-cr-iv\/#_ftn10\" target=\"_blank\" rel=\"noopener\"><sup>[10]<\/sup><\/a>.<\/p>\n\n\n\n<p>Y siete meses m\u00e1s tarde, a\u00f1ad\u00eda:<\/p>\n\n\n\n<p>&nbsp;\u201c<em>Cuanto m\u00e1s valerosa, decidida e implacablemente luche la vanguardia proletaria por las consignas democr\u00e1ticas, m\u00e1s pronto ganar\u00e1 a las masas y privar\u00e1 de base a los republicanos burgueses y a los socialistas reformistas; de un modo m\u00e1s seguro los mejores elementos vendr\u00e1n a nuestro lado y m\u00e1s r\u00e1pidamente la rep\u00fablica democr\u00e1tica se identificar\u00e1 en la conciencia de las masas con la rep\u00fablica obrera<\/em>.\u201d<a href=\"https:\/\/www.corrienteroja.net\/respuesta-al-manifiesto-hay-que-tomar-partido-de-crt-y-cr-iv\/#_ftn11\" target=\"_blank\" rel=\"noopener\"><sup>[11]<\/sup><\/a><\/p>\n\n\n\n<p>Es curioso, por otra parte, que mientras maldice la lucha por la Rep\u00fablica, la CRT no aplique la misma maldici\u00f3n a la consigna de \u201c<em>una c\u00e1mara \u00fanica que fusione los poderes ejecutivo y legislativo y que sea electa por sufragio universal<\/em>\u201d&nbsp;<a href=\"https:\/\/crtweb.org\/por-que-luchamos\/\" target=\"_blank\" rel=\"noreferrer noopener\">que defiende en su programa<\/a><a href=\"https:\/\/www.corrienteroja.net\/respuesta-al-manifiesto-hay-que-tomar-partido-de-crt-y-cr-iv\/#_ftn12\" target=\"_blank\" rel=\"noopener\">[12]<\/a>.<\/p>\n\n\n\n<h3 class=\"wp-block-heading\"><strong>II.3. Un programa de transici\u00f3n esquem\u00e1tico y abstencionista.<\/strong><\/h3>\n\n\n\n<p><a href=\"https:\/\/litci.org\/es\/el-programa-y-la-revolucion-una-polemicas-con-la-ft\/\" target=\"_blank\" rel=\"noreferrer noopener\">Los errores program\u00e1ticos que hemos visto tienen graves consecuencias sobre la lucha de clases por su postura abstencionista impl\u00edcita<\/a><a href=\"https:\/\/www.corrienteroja.net\/respuesta-al-manifiesto-hay-que-tomar-partido-de-crt-y-cr-iv\/#_ftn13\" target=\"_blank\" rel=\"noopener\">[13]<\/a>.&nbsp; Con esta l\u00f3gica, en 2017, tres d\u00edas antes del refer\u00e9ndum del 1 de octubre \u2013 que solo se garantiz\u00f3 en base a una enorme movilizaci\u00f3n popular que garantiz\u00f3 la apertura de los colegios a pesar de la enorme represi\u00f3n \u2013 la CRT defendi\u00f3:&nbsp;<em>\u201cNo llamamos a votar S\u00ed porque ni somos independentistas ni compartimos el proyecto de rep\u00fablica y proceso constituyente que propone Junts pel S\u00ed y la CUP. Tampoco somos defensores del No, en tanto es percibido como el mantenimiento del estado de cosas actual. Nos posicionamos en el voto blanco o nulo\u201d<a href=\"https:\/\/www.corrienteroja.net\/respuesta-al-manifiesto-hay-que-tomar-partido-de-crt-y-cr-iv\/#_ftn14\" target=\"_blank\" rel=\"noopener\"><sup><strong><sup>[14]<\/sup><\/strong><\/sup><\/a>. &nbsp;<\/em><\/p>\n\n\n\n<p>En comparaci\u00f3n, Corriente Roja nos posicionamos desde el 5 de septiembre en defensa de una \u201c<em>Rep\u00fablica catalana social y soberana\u201d y \u201cPor la libre uni\u00f3n con el resto de pueblos del Estado\u201d.<\/em>&nbsp;As\u00ed,\u201c<em>Llamamos a votar S\u00ed porque no ha podido quedar m\u00e1s claro que no hay posibilidad de ejercer el derecho a decidir sin la ruptura con el r\u00e9gimen mon\u00e1rquico del 78, inseparablemente&nbsp;ligado a la herencia del franquismo (\u2026)<\/em>&nbsp;<em>Nuestro S\u00ed es un llamamiento a luchar para no pagar una Deuda que es ileg\u00edtima y para aplicar los recursos econ\u00f3micos a un plan de emergencia social\u201d.<a href=\"https:\/\/www.corrienteroja.net\/respuesta-al-manifiesto-hay-que-tomar-partido-de-crt-y-cr-iv\/#_ftn15\" target=\"_blank\" rel=\"noopener\"><strong>[15]<\/strong><\/a><\/em><\/p>\n\n\n\n<p>El llamamiento al voto nulo era la condena a cualquier posibilidad real de abrir un proceso revolucionario de ruptura con el R\u00e9gimen del 78, enemigo del pueblo trabajador de todo el Estado espa\u00f1ol.<\/p>\n\n\n\n<p>El llamamiento a votar \u201cs\u00ed\u201d en el refer\u00e9ndum de 2017 era el llamamiento a la lucha de los\/las trabajadores\/as de todo el Estado por una uni\u00f3n libre de rep\u00fablicas, sin la losa de la monarqu\u00eda y las instituciones herederas del franquismo. El llamamiento al voto nulo, en cambio, era la condena a cualquier posibilidad real de abrir un proceso revolucionario de ruptura con el R\u00e9gimen del 78, enemigo del pueblo trabajador de todo el Estado espa\u00f1ol. En el r\u00e9gimen del Estado Espa\u00f1ol es imposible un refer\u00e9ndum libre y sin represi\u00f3n, la proclamaci\u00f3n de la Rep\u00fablica Catalana era imprescindible para poder ejercerlo y decidir libremente la forma de uni\u00f3n con los pueblos del resto del Estado y para aplicar un programa de emergencia social.<\/p>\n\n\n\n<p>Sin embargo la CRT, en nombre del \u201csocialismo\u201d y del \u201ccamino revolucionario\u201d sistem\u00e1ticamente opone la lucha por la republica a la lucha por la asamblea constituyente. En primer lugar, deber\u00edan explicar qu\u00e9 tiene de \u201csocialista\u201d la asamblea constituyente por sufragio universal, que en numerosos pa\u00edses ha sido realizada para aprobar constituciones burguesas. En segundo lugar, \u00bfqu\u00e9 tipo de asamblea constituyente ser\u00eda libre, si se realiza mientras se mantiene el Rey como jefe del estado y del ej\u00e9rcito? La posici\u00f3n de la CRT condena a la abstracci\u00f3n tanto la \u201crep\u00fablica socialista\u201d como la asamblea constituyente.<\/p>\n\n\n\n<p>Desde Corriente Roja nos esforzamos por combinar ambas reivindicaciones, lo cual no supone ning\u00fan tipo etapismo o \u201cseudo-etapismo\u201d sino tener en cuenta las ense\u00f1anzas que nos de las revoluci\u00f3n espa\u00f1ola. Recordemos que esta empez\u00f3 en el contexto de la salida de Alfonso XII y la proclamaci\u00f3n de la II Rep\u00fablica (\u00bfla CRT se habr\u00eda opuesto en 1931 a su proclamaci\u00f3n en nombre del socialismo?). Entonces se realiz\u00f3 una asamblea constituyente, s\u00ed, pero que dio lugar a una constituci\u00f3n era burguesa que no resolvi\u00f3 las necesidades de la clase trabajadora.<\/p>\n\n\n\n<p>Por otro lado, la proclamaci\u00f3n de la Rep\u00fablica catalana por ERC en 1934 hubiera supuesto un avance frente a la reacci\u00f3n de la que era reflejo el gobierno de la CEDA. Por su parte, el proceso revolucionario continu\u00f3 desarroll\u00e1ndose y la cuesti\u00f3n del poder obrero (y no la asamblea constituyente) se coloc\u00f3 de forma directa durante la guerra civil al calor del surgimiento de organismos de doble poder (comit\u00e9s de expropiaci\u00f3n, milicias antifacistas, juntas revolucionarias).<\/p>\n\n\n\n<p>Este es el mayor ejemplo de c\u00f3mo funcionan los procesos vivos de la lucha de clases. La negativa de la CRT de defender la rep\u00fablica, a la vez que enarbola permanente la asamblea constituyente, es un error que demuestra su &nbsp;incomprensi\u00f3n ante los procesos vivos de la lucha de clases.<\/p>\n\n\n\n<p>Finalmente, no podemos sino se\u00f1alar los bandazos en los posicionamientos de la CRT ya que ellos mismos acabaron por defender la rep\u00fablica catalana el 29 de octubre, un mes despu\u00e9s del refer\u00e9ndum y justo despu\u00e9s de la aplicaci\u00f3n del 155, que acababa con la autonom\u00eda. As\u00ed defendieron \u201cresistencia para defender la rep\u00fablica catalana y luchar contra la Corona y el R\u00e9gimen en todo el Estado\u201d. \u00bfSi es \u201ca toro pasao\u201d entonces no es etapismo?<a href=\"https:\/\/www.corrienteroja.net\/respuesta-al-manifiesto-hay-que-tomar-partido-de-crt-y-cr-iv\/#_ftn16\" target=\"_blank\" rel=\"noopener\">[16]<\/a><\/p>\n\n\n\n<p>Su esquematismo en el programa, tambi\u00e9n en el caso palestino, como veremos a continuaci\u00f3n, les acaba obligando a corregir emp\u00edricamente, mal y tarde, los errores program\u00e1ticos a los que les lleva su base te\u00f3rica.<\/p>\n\n\n\n<h3 class=\"wp-block-heading\"><strong>II.3<\/strong>.&nbsp;<strong>Palestina libre del r\u00edo al mar<\/strong><\/h3>\n\n\n\n<p>Forma parte del mismo enfoque metodol\u00f3gico de la corriente internacional a la que pertenece la CRT su oposici\u00f3n hist\u00f3rica directa a la consigna de una&nbsp;<em>\u201cPalestina libre desde el r\u00edo al mar\u201d.<\/em>&nbsp;Para ellos, respaldar esa consigna equival\u00eda a defender una \u201c<em>etapa democr\u00e1tica<\/em>\u201d y renunciar al car\u00e1cter socialista de la revoluci\u00f3n palestina, justo cuando esa reivindicaci\u00f3n era, y sigue siendo, el eje del programa para la revoluci\u00f3n socialista en Palestina y toda la regi\u00f3n. Actualmente, tras las hist\u00f3ricas movilizaciones en solidaridad con el pueblo palestino, han pasado a asumir la consigna, pero sin dar ninguna explicaci\u00f3n ni ofrecer autocr\u00edtica alguna.<\/p>\n\n\n\n<p>Hay otros aspectos de su posici\u00f3n ante Palestina que tambi\u00e9n merecen atenci\u00f3n y que se recogen en el art\u00edculo que indicamos&nbsp;<a href=\"https:\/\/litci.org\/es\/la-fraccion-trotskista-y-su-postura-en-la-guerra-de-gaza\/?utm_source=copylink&amp;utm_medium=browser\" target=\"_blank\" rel=\"noreferrer noopener\">a pie de p\u00e1gina<\/a><a href=\"https:\/\/www.corrienteroja.net\/respuesta-al-manifiesto-hay-que-tomar-partido-de-crt-y-cr-iv\/#_ftn17\" target=\"_blank\" rel=\"noopener\"><em><strong>[17]<\/strong><\/em><\/a>:&nbsp;<a href=\"https:\/\/www.laizquierdadiario.com\/Apoyar-la-resistencia-palestina-significa-apoyar-la-estrategia-y-los-metodos-de-Hamas\" target=\"_blank\" rel=\"noreferrer noopener\">desde el tipo de cr\u00edtica que hacen a Ham\u00e1s<\/a><a href=\"https:\/\/www.corrienteroja.net\/respuesta-al-manifiesto-hay-que-tomar-partido-de-crt-y-cr-iv\/#_ftn18\" target=\"_blank\" rel=\"noopener\">[18]<\/a>, sus recelos poco disimulados ante la lucha armada palestina y, muy en particular,&nbsp;<a href=\"https:\/\/www.revolutionpermanente.fr\/Lutte-ouvriere-le-NPA-C-et-la-lutte-pour-l-auto-determination-de-la-Palestine\" target=\"_blank\" rel=\"noreferrer noopener\">su tesis de que la confraternizaci\u00f3n de los palestinos con los trabajadores y la juventud jud\u00edo-israel\u00eds<\/a><a href=\"https:\/\/www.corrienteroja.net\/respuesta-al-manifiesto-hay-que-tomar-partido-de-crt-y-cr-iv\/#_ftn19\" target=\"_blank\" rel=\"noopener\">[19]<\/a>&nbsp;(colonos usurpadores de tierras palestinas y, a t\u00edtulo de tal, apoyadores en su inmensa mayor\u00eda del genocidio y la limpieza \u00e9tnica) es \u201c<em>la sola posibilidad de emancipaci\u00f3n para ambos pueblo<\/em>s\u201d.<\/p>\n\n\n\n<h3 class=\"wp-block-heading\"><strong>II.4. Ucrania<\/strong>&nbsp;<strong>enfrenta una agresi\u00f3n imperialista de Rusia<\/strong><\/h3>\n\n\n\n<p>Debido a nuestra defensa del pueblo ucraniano frente a la agresi\u00f3n imperialista rusa, CRT y asociados nos acusan de \u201c<em>capitular<\/em>\u201d ante el imperialismo norteamericano y defender \u201c<em>posiciones campistas pro-OTAN<\/em>\u201d. En contraposici\u00f3n, ellos dicen \u201c<em>rechazar por igual la invasi\u00f3n reaccionaria del r\u00e9gimen de Putin y el rol de la OTAN, que utiliza al pueblo ucraniano como pe\u00f3n de su disputa con Rusia\u201d.<\/em>&nbsp;Es decir, que estar\u00edamos ante una&nbsp;<em>guerra interimperialista<\/em>&nbsp;y que, por tanto, debemos estar contra ambas partes, aunque, sorprendentemente,&nbsp;<a href=\"https:\/\/www.izquierdadiario.es\/Es-Rusia-imperialista\" target=\"_blank\" rel=\"noreferrer noopener\">la CRT no caracterice a Rusia como potencia imperialista.<\/a><a href=\"https:\/\/www.corrienteroja.net\/respuesta-al-manifiesto-hay-que-tomar-partido-de-crt-y-cr-iv\/#_ftn20\" target=\"_blank\" rel=\"noopener\">[20]<\/a><\/p>\n\n\n\n<p>Por supuesto, la intervenci\u00f3n indirecta de los imperialismos norteamericano y europeo, as\u00ed como la naturaleza burguesa y proimperialista del gobierno Zelensky no pueden ser relativizados en absoluto. Por el contrario, deben tenerse muy en cuenta para definir la pol\u00edtica. Pero no modifican el hecho sustancial: que estamos ante una guerra de liberaci\u00f3n nacional de Ucrania frente a una salvaje agresi\u00f3n imperialista rusa. Por eso hemos hecho campa\u00f1as en apoyo al sindicato minero-metal\u00fargico ucraniano de Krivy Rhig, con afiliados en el frente, o a favor de la inclusi\u00f3n en los intercambios de prisioneros de Denys Matsola y Vlad Zhuravlev, dos luchadores clasistas apresados por los rusos en Mariupol.<\/p>\n\n\n\n<p>Pensamos que solo es posible desenmascarar las intrigas y planes de la OTAN as\u00ed combatir al gobierno proimperialista, corrupto y olig\u00e1rquico de Zelensky, cada vez m\u00e1s cuestionado por la poblaci\u00f3n, luchando desde las trincheras ucranianas<\/p>\n\n\n\n<p>Solo si el mando efectivo de la guerra pasara a manos norteamericanas, lo que implicar\u00eda el control tecnol\u00f3gico y operativo, apoyado en tropas sobre el terreno, cambiar\u00eda el car\u00e1cter de la guerra y, en lugar de una guerra de liberaci\u00f3n nacional, estar\u00edamos ante una guerra interimperialista. Pero esto no se ha dado.<\/p>\n\n\n\n<h2 class=\"wp-block-heading\"><strong>III. El ejemplo del PTS argentino<\/strong><\/h2>\n\n\n\n<p>La CRT y sus asociados dan un relieve muy especial al ejemplo del PTS de Argentina, a quien presentan como la gran \u201c<em>referencia estrat\u00e9gica<\/em>\u201d para ellos y para los revolucionarios del mundo. En su manifiesto, apoyan el giro dado por el PTS a partir de los altos \u00edndices de simpat\u00eda alcanzados por su diputada Myrian Bregman y las encuestas electorales. No es \u00e9ste el lugar para analizar con detalle todos los aspectos de este giro, pero s\u00ed para se\u00f1alar algunos elementos relevantes.<\/p>\n\n\n\n<h3 class=\"wp-block-heading\"><strong>III.1<\/strong>&nbsp;<strong>El FITU:<\/strong>&nbsp;<strong>unidad en las elecciones, fragmentaci\u00f3n en las luchas<\/strong><strong><\/strong><\/h3>\n\n\n\n<p>El PTS considera que el FITU (<em>Frente de Izquierda y de Trabajadores \u2013 Unidad<\/em>) ha llegado a su l\u00edmite, al menos en su forma actual. Hasta aqu\u00ed, es una opini\u00f3n que hasta podemos compartir, aunque pensamos que son necesarias algunas explicaciones.<\/p>\n\n\n\n<p>Inicialmente constituido como FIT, su creaci\u00f3n fue una medida defensiva de tres organizaciones argentinas que se reivindican trotskistas (PTS, PO e IS<a href=\"https:\/\/www.corrienteroja.net\/respuesta-al-manifiesto-hay-que-tomar-partido-de-crt-y-cr-iv\/#_ftn21\" target=\"_blank\" rel=\"noopener\">[21]<\/a>) que, ante las restricciones para participar en las elecciones, resolvieron constituir un frente electoral. Una t\u00e1ctica, aunque limitada, correcta y v\u00e1lida.<\/p>\n\n\n\n<p>El FIT, a partir de su desempe\u00f1o electoral, despert\u00f3 simpat\u00eda e incluso entusiasmo en los sectores de vanguardia que le votaban y hac\u00edan campa\u00f1a por \u00e9l. Su auge fue en 2015, cuando alcanz\u00f3 1,3 millones de votos.<\/p>\n\n\n\n<p>La expectativa de los sectores que votaban, hac\u00edan campa\u00f1a y apoyaban al FITU era que \u00e9ste se convirtiera en el instrumento pol\u00edtico de la vanguardia luchadora que lo sosten\u00eda. Esa expectativa, sin embargo, jam\u00e1s se concret\u00f3. Los partidos del FITU no estaban de acuerdo con ella. Jam\u00e1s se propusieron, durante los 15 a\u00f1os de existencia del FIT, superar la etapa de mera unidad electoral.<\/p>\n\n\n\n<p>Nunca crearon instancias democr\u00e1ticas de participaci\u00f3n de las bases de los partidos del FITU y, menos a\u00fan, de los miles de activistas que simpatizaban. Nunca fueron capaces de actuar de forma unitaria en las luchas y en la disputa por la direcci\u00f3n de los organismos del movimiento. Era \u201ccada uno por su lado\u201d, como reconocen ahora el PTS y su m\u00e1ximo dirigente, Albamonte: unidad en las elecciones, fragmentaci\u00f3n y autofagia en las luchas.<\/p>\n\n\n\n<h3 class=\"wp-block-heading\"><strong>III.2 Construir un partido de la nueva clase trabajadora, s\u00ed, pero \u00bfcon qu\u00e9 metodolog\u00eda?<\/strong><strong><\/strong><\/h3>\n\n\n\n<p>Ante las limitaciones del FIT y las grandes oportunidades que se abren en Argentina, el PTS resolvi\u00f3 llamar a la construcci\u00f3n de un&nbsp;<em>partido de la nueva clase trabajadora<\/em>. Es decir, un partido que exprese sus intereses, aunque sean los m\u00e1s b\u00e1sicos, que la organice con independencia de clase y luche por un gobierno de los trabajadores. Un partido de masas o que aglutine ampliamente a la vanguardia.<\/p>\n\n\n\n<p>Estamos plenamente de acuerdo en la construcci\u00f3n de ese partido. Es una tarea que puede cumplir un rol importante en el avance de la conciencia y la organizaci\u00f3n en Argentina, donde la mayor\u00eda de los\/las trabajadores\/as siempre ha estado representada pol\u00edticamente por el peronismo, una corriente burguesa en degeneraci\u00f3n avanzada.<\/p>\n\n\n\n<p>Sin embargo, discrepamos profundamente de la forma en que el PTS est\u00e1 impulsando el movimiento por el nuevo partido. En primer lugar, porque se apropian de un patrimonio com\u00fan a todo el FITU, presentando la figura de Myrian Bregman y otros referentes como algo exclusivamente suyo. Dejan fuera de sus planes no solo a las dem\u00e1s organizaciones del FITU, sino tambi\u00e9n y especialmente a los activistas que hicieron campa\u00f1a y votaron por estas y otras figuras del FITU y tambi\u00e9n buena parte de los nuevos activistas en ruptura con el peronismo. Llaman a la construcci\u00f3n de comit\u00e9s por el nuevo partido exigiendo de antemano la adhesi\u00f3n a condiciones que excluyen potencialmente a quienes quieran participar desde su propia comprensi\u00f3n de esta necesidad. Es un llamado poco o nada unitario.<\/p>\n\n\n\n<p>Esta forma de tratar a aliados y socios y a la propia vanguardia amplia es una caracter\u00edstica del PTS y su corriente internacional, que hemos sufrido en nuestras carnes y que coloca siempre su autoconstrucci\u00f3n por encima de los intereses y necesidades del movimiento de la clase trabajadora.<\/p>\n\n\n\n<p>Lo decimos con preocupaci\u00f3n y como alerta. Coincidimos profundamente en la necesidad y posibilidad de tener como pol\u00edtica en este momento la construcci\u00f3n de un instrumento pol\u00edtico independiente de los trabajadores argentinos, aunque de inicio no alcance el programa hist\u00f3rico de nuestra clase, es decir, la lucha por la revoluci\u00f3n socialista y la dictadura revolucionaria del proletariado. Pero nos tememos que la metodolog\u00eda del PTS les lleve a preocuparse por su propio crecimiento y peque\u00f1os logros, por encima del objetivo mayor, y termine por dejar pasar esta oportunidad hist\u00f3rica, generando, una vez m\u00e1s, frustraci\u00f3n en amplios sectores de activistas con expectativas en esta experiencia.<\/p>\n\n\n\n<h3 class=\"wp-block-heading\"><strong>III.3 \u00bfQu\u00e9 programa para tomar el poder?<\/strong><\/h3>\n\n\n\n<p>Un aspecto que nos parece fundamental en el llamamiento al partido de la nueva clase trabajadora es el esbozo de programa que le propone el PTS.<\/p>\n\n\n\n<p>Albamonte y el PTS plantean el debate a partir de la hip\u00f3tesis de un gobierno de Myrian Bregman en base a una victoria electoral (lo que es, sin duda, improbable, aunque no se puede descartar) y se preguntan qu\u00e9 hacer en tal situaci\u00f3n. Su respuesta es convocar una Asamblea Constituyente, remitir a \u00e9sta la aplicaci\u00f3n de las medidas de transformaci\u00f3n y comprometerse a gobernar en sus l\u00edmites.<\/p>\n\n\n\n<p>Myriam Bregman es muy clara a este respecto en su entrevista con O\u2019Donnell y Tenembaum<a href=\"https:\/\/www.corrienteroja.net\/respuesta-al-manifiesto-hay-que-tomar-partido-de-crt-y-cr-iv\/#_ftn22\" target=\"_blank\" rel=\"noopener\">[22]<\/a>: \u201c<em>Yo no le voy a imponer nada a nadie. Yo creo que lo que hay que hacer inmediatamente para transformar de ra\u00edz y porque si el proceso es a trav\u00e9s del voto y la gente conf\u00eda en ese mecanismo, es llevar eso hasta el final y hacer una Asamblea Constituyente, que sea libre, que sea soberana, y que trate todos los problemas del pa\u00eds.\u201d<\/em><\/p>\n\n\n\n<p>Un gobierno de Myriam Bregman, por tanto, renunciar\u00eda, de entrada, a toda medida revolucionaria o que pueda cuestionar ir m\u00e1s all\u00e1 del r\u00e9gimen y del sistema (as\u00ed como tambi\u00e9n a impulsar un proceso masivo de autoorganizaci\u00f3n democr\u00e1tica del movimiento). Y har\u00eda depender su aplicaci\u00f3n de la obtenci\u00f3n de una mayor\u00eda absoluta en la Asamblea Constituyente que convocar\u00eda, donde, c\u00f3mo no, plantear\u00eda medidas radicales de transformaci\u00f3n.<\/p>\n\n\n\n<p>La consigna de la Asamblea Constituyente, entonces, en lugar de servir para impulsar la acci\u00f3n revolucionaria del movimiento, actuar\u00eda para retenerlo y paralizarlo. De otro lado, la historia nos ense\u00f1a que, bajo el dominio de la burgues\u00eda y el imperialismo, decididos a utilizar todos los medios a su alcance, es suicida apostar a una mayor\u00eda absoluta revolucionaria en la Asamblea Constituyente. \u00bfQu\u00e9 har\u00eda un gobierno de Myriam Bregman ante una mayor\u00eda burguesa?<\/p>\n\n\n\n<p>Otra cuesti\u00f3n que nos llama verdaderamente la atenci\u00f3n es que tanto en el manifiesto del PTS como en las entrevistas de Albamonte y Myriam Bregman, no se haga menci\u00f3n al problema de los militares y la polic\u00eda y a la manera de enfrentarlos, en un pa\u00eds donde est\u00e1 vivo el recuerdo del golpe militar del 76 y el r\u00e9gimen de terror que le sigui\u00f3. Y cuando es necesario contar con que cualquier cuestionamiento serio del orden social lo van a enfrentar con las armas y el terror.<\/p>\n\n\n\n<h3 class=\"wp-block-heading\"><strong>III.4 La lucha contra la corrupci\u00f3n y el caso de Cristina K<\/strong><\/h3>\n\n\n\n<p>Por \u00faltimo, hay un tema que no podemos dejar de citar: la defensa del PTS a Cristina K. En el manifiesto presentado por el PTS hay un apartado contra la corrupci\u00f3n, las intromisiones del poder judicial en el legislativo, etc. Todo correcto, hasta que se dice textualmente que est\u00e1n en contra de la condena de Cristina K porque eso ser\u00eda proscripci\u00f3n. Se colocan al lado de ella.<\/p>\n\n\n\n<p>Pero a estas alturas del partido no hay quien crea que Cristina K no sea corrupta. La propia Myriam Bregman, en la entrevista mencionada, lo reconoce: \u201c<em>que hubo corrupci\u00f3n no lo cuestiona ni Cristina<\/em>\u201d.&nbsp;<\/p>\n\n\n\n<p>Los argumentos esgrimidos, tales como que la justicia fue selectiva o que solo se puede condenar a Cristina si se juzga a los dem\u00e1s, as\u00ed como las mil variantes posibles de este argumento, van todos contra la lucha contra la corrupci\u00f3n.<\/p>\n\n\n\n<p>Incuestionablemente, la justicia burguesa es selectiva, cuando no, como en este caso, abiertamente corrupta. Sucede lo mismo en el Estado espa\u00f1ol con el PSOE, donde los jueces incluso trabajan con informaciones facilitadas por Trump. \u00bfSaldr\u00e1 la CRT en defensa de Zapatero?<\/p>\n\n\n\n<p>El argumento no se sostiene, porque llevado hasta el final necesitar\u00edamos tribunales proletarios para juzgar a todos los burgueses y corruptos, lo que solo es posible despu\u00e9s de una revoluci\u00f3n socialista. Hasta entonces \u00bfharemos pronunciamientos generales contra la corrupci\u00f3n mientras nos colocamos al lado de un grupo de corruptos frente a los otros?<\/p>\n\n\n\n<h2 class=\"wp-block-heading\"><strong>IV. Extrema deslealtad y m\u00e9todos fraccionales<\/strong><\/h2>\n\n\n\n<p>No podemos concluir esta respuesta sin destacar una de las cuestiones que afecta a las relaciones m\u00e1s b\u00e1sicas entre organizaciones y militantes: nos referimos a laextrema deslealtad y a los m\u00e9todos fraccionalistas de la CRT, de su corriente internacional (<em>Corriente Revoluci\u00f3n Permanente-CRP<\/em>), as\u00ed como de sus nuevos adherentes de CR-IV.<\/p>\n\n\n\n<p>El debate precongresual que tuvimos hace unos meses en Corriente Roja estuvo marcado a fuego por la disputa fraccional de un grupo minoritario dirigido por un viejo dirigente, hoy asociado a la CRT, que no pod\u00eda aceptar que sus posiciones ya no eran mayoritarias. Hasta el punto de que, ante la evidencia, se neg\u00f3 a participar en el Congreso Extraordinario que convocamos para, precisamente, atender a estos debates. Finalmente rompi\u00f3 con la organizaci\u00f3n tres semanas antes de dicho Congreso, llev\u00e1ndose cerca del 10% de la militancia (y no casi la mitad, como afirman mentirosamente). No tuvo, sin embargo, el menor rubor de continuar el trabajo fraccional, ahora desde fuera de la organizaci\u00f3n, usurpando, en confabulaci\u00f3n con la CRT, el nombre de Corriente Roja.<\/p>\n\n\n\n<p>El problema principal de la CRT y de su corriente internacional es que han naturalizado estos m\u00e9todos, a partir de considerar que ellos son los \u00fanicos revolucionarios en el mundo y que todas las dem\u00e1s organizaciones que se reivindican revolucionarias son un obst\u00e1culo a eliminar para construir un partido y una internacional revolucionaria.<\/p>\n\n\n\n<p>Por supuesto, adornan este comportamiento con la proclamaci\u00f3n c\u00ednica de que est\u00e1n&nbsp;<em>\u201ccontra toda autoproclamaci\u00f3n sectaria\u201d<\/em>&nbsp;y reivindicando&nbsp;<em>\u201cun marco de fraternidad revolucionaria y de lazos de camarader\u00eda forjados en el combate com\u00fan<\/em>\u201d. Mientras tanto, su manifiesto llama \u201c<em>a las compa\u00f1eras y los compa\u00f1eros de otras organizaciones de la extrema izquierda\u201d<\/em>&nbsp;a romper con sus partidos y a&nbsp;<em>\u201csumarse al proceso constituyente\u201d.<\/em><\/p>\n\n\n\n<p>Por nuestra parte, no podemos normalizar la actitud fraccional de CR-IV contra nuestra organizaci\u00f3n a la que hace meses que la CRT alimenta y da cobertura pol\u00edtica. Nos parece que la dif\u00edcil tarea de contribuir a la reconstrucci\u00f3n de una IV Internacional digna de tal nombre exige el respeto entre organizaciones revolucionarias para poder establecer un marco de debate honesto, paciente y fraternal sin el cual va a ser muy dif\u00edcil avanzar en la discusi\u00f3n y comprensi\u00f3n de los hechos m\u00e1s significativos de la lucha de clase al mismo tiempo que participamos en ella.<\/p>\n\n\n\n<p>En base a estas consideraciones, volvemos a emplazar a los\/las camaradas de CR-IV a rectificar y a adoptar una denominaci\u00f3n que no los vincule a la organizaci\u00f3n con la que rompieron, pues ello solo contribuye a generar confusi\u00f3n, algo contraproducente para el fortalecimiento del movimiento obrero y popular. No todo vale en la construcci\u00f3n de una organizaci\u00f3n revolucionaria, por m\u00e1s necesidad y urgencia que exista por construirla.<\/p>\n\n\n\n<h2 class=\"wp-block-heading\"><strong>A modo de conclusi\u00f3n<\/strong><\/h2>\n\n\n\n<p>Coincidimos plenamente con los\/las compa\u00f1eros\/as en la necesidad de recomponer y fortalecer una verdadera izquierda revolucionaria en el Estado espa\u00f1ol e internacionalmente, esto es, la construcci\u00f3n de una organizaci\u00f3n que intervenga activamente de las luchas de la clase trabajadora y la juventud con una perspectiva obrera y socialista, que enfrente el imperialismo, tenga la cara que tenga, y que impulse resueltamente la organizaci\u00f3n independiente de la clase obrera en su hist\u00f3rica lucha por la transformaci\u00f3n socialista de la sociedad. Para que este proceso no sea una suerte de \u201cllamamiento vac\u00edo\u201d es imprescindible pelear para impulsar los espacios de frente \u00fanico como espacios de unidad de la clase obrera para luchar por sus intereses, en los que conviven trabajadores de distintas tendencias pol\u00edticas o sin ninguna en particular.<\/p>\n\n\n\n<p>Por nuestra parte, estamos abiertos\/as al di\u00e1logo y a la discusi\u00f3n fraternal con todas aquellas personas y organizaciones que crean firmemente en la necesidad de emprender esta tarea y, de existir un proceso real de debate para tales fines nos sumaremos sin dudarlo para contribuir, en la medida de nuestras posibilidades, a la construcci\u00f3n de una izquierda revolucionaria m\u00e1s fuerte y s\u00f3lida en el Estado espa\u00f1ol.<\/p>\n\n\n\n<hr class=\"wp-block-separator has-alpha-channel-opacity\"\/>\n\n\n\n<p><a href=\"https:\/\/www.corrienteroja.net\/respuesta-al-manifiesto-hay-que-tomar-partido-de-crt-y-cr-iv\/#_ftnref1\" target=\"_blank\" rel=\"noopener\">[1]<\/a>&nbsp;La consolidaci\u00f3n de un nuevo estado imperialista en Rusia, disponible&nbsp;<a href=\"https:\/\/litci.org\/es\/el-regimen-de-putin-y-la-consolidacion-de-un-nuevo-estado-imperialista-en-rusia\/\" target=\"_blank\" rel=\"noreferrer noopener\">aqu\u00ed<\/a><\/p>\n\n\n\n<p><a href=\"https:\/\/www.corrienteroja.net\/respuesta-al-manifiesto-hay-que-tomar-partido-de-crt-y-cr-iv\/#_ftnref2\" target=\"_blank\" rel=\"noopener\">[2]<\/a>&nbsp;Claves para entender la ruptura, disponible&nbsp;<a href=\"https:\/\/www.corrienteroja.net\/un-sector-de-la-antigua-direccion-rompe-con-corriente-roja-para-ir-a-la-crt-claves-para-entender-la-ruptura\/\" target=\"_blank\" rel=\"noreferrer noopener\">aqu\u00ed<\/a><\/p>\n\n\n\n<p><a href=\"https:\/\/www.corrienteroja.net\/respuesta-al-manifiesto-hay-que-tomar-partido-de-crt-y-cr-iv\/#_ftnref3\" target=\"_blank\" rel=\"noopener\">[3]<\/a>&nbsp;Un debate con el MRT (partido hermano de la CRT en Brasil), disponible&nbsp;<a href=\"https:\/\/litci.org\/es\/moreno-y-el-morenismo-un-debate-con-el-mrt-y-la-fraccion-trotskista\/?utm_source=copylink&amp;utm_medium=browser\" target=\"_blank\" rel=\"noreferrer noopener\">aqu\u00ed<\/a><\/p>\n\n\n\n<p><a href=\"https:\/\/www.corrienteroja.net\/respuesta-al-manifiesto-hay-que-tomar-partido-de-crt-y-cr-iv\/#_ftnref4\" target=\"_blank\" rel=\"noopener\">[4]<\/a>&nbsp;Y tambi\u00e9n la organizaci\u00f3n Lluita Internacionalista<\/p>\n\n\n\n<p><a href=\"https:\/\/www.corrienteroja.net\/respuesta-al-manifiesto-hay-que-tomar-partido-de-crt-y-cr-iv\/#_ftnref5\" target=\"_blank\" rel=\"noopener\"><\/a>&nbsp;[5] Autor de Izquierda Diario<\/p>\n\n\n\n<p><a href=\"https:\/\/www.corrienteroja.net\/respuesta-al-manifiesto-hay-que-tomar-partido-de-crt-y-cr-iv\/#_ftnref6\" target=\"_blank\" rel=\"noopener\">[6]<\/a>&nbsp;Guillermo Ferrari, Pol\u00e9mica con Corriente Roja sobre la cuesti\u00f3n nacional catalana y el marxismo. Este art\u00edculo no se encuentra online pero lo citan como referencia bibliogr\u00e1fica&nbsp;<a href=\"https:\/\/www.laizquierdadiario.com\/Podemos-la-izquierda-independentista-y-la-lucha-por-la-autodeterminacion\" target=\"_blank\" rel=\"noreferrer noopener\">aqu\u00ed<\/a><\/p>\n\n\n\n<p><a href=\"https:\/\/www.corrienteroja.net\/respuesta-al-manifiesto-hay-que-tomar-partido-de-crt-y-cr-iv\/#_ftnref7\" target=\"_blank\" rel=\"noopener\">[7]<\/a>&nbsp;Tesis del Comit\u00e9 Estatal de Corriente Roja de 26-10-2014, disponible&nbsp;<a href=\"https:\/\/www.corrienteroja.net\/corriente-roja-ante-el-conflicto-catalan\/\" target=\"_blank\" rel=\"noreferrer noopener\">aqu\u00ed<\/a><\/p>\n\n\n\n<p><a href=\"https:\/\/www.corrienteroja.net\/respuesta-al-manifiesto-hay-que-tomar-partido-de-crt-y-cr-iv\/#_ftnref8\" target=\"_blank\" rel=\"noopener\">[8]<\/a>&nbsp;La carta de Trotsky lleva por t\u00edtulo \u00ab<em>El conflicto catal\u00e1n y las tareas del proletariado<\/em>\u00ab. En setiembre de 2014 fue publicada en catal\u00e1n en la revista&nbsp;<em>Aven\u00e7<\/em>, con una introducci\u00f3n de Pelai Pag\u00e9s. En 2020 fue publicada, junto con la carta in\u00e9dita de Leonetti,&nbsp;<a href=\"https:\/\/serhistorico.net\/2020\/12\/07\/el-conflicto-catalan-y-las-tareas-del-proletariado-l-trotsky-et-al\/\" target=\"_blank\" rel=\"noreferrer noopener\">aqu\u00ed<\/a><\/p>\n\n\n\n<p><a href=\"https:\/\/www.corrienteroja.net\/respuesta-al-manifiesto-hay-que-tomar-partido-de-crt-y-cr-iv\/#_ftnref9\" target=\"_blank\" rel=\"noopener\">[9]<\/a>&nbsp;La CNT, el mayor sindicato catal\u00e1n, anarcosindicalista, no formaba parte de la Alianza Obrera y era \u00ababstencionista\u00bb ante la reivindicaci\u00f3n nacional catalana.<\/p>\n\n\n\n<p><a href=\"https:\/\/www.corrienteroja.net\/respuesta-al-manifiesto-hay-que-tomar-partido-de-crt-y-cr-iv\/#_ftnref10\" target=\"_blank\" rel=\"noopener\">[10]<\/a>&nbsp;\u201cLas tareas de los comunistas en Espa\u00f1a\u201d (carta a la redacci\u00f3n de Contra la Corriente) 13-6-1930<\/p>\n\n\n\n<p><a href=\"https:\/\/www.corrienteroja.net\/respuesta-al-manifiesto-hay-que-tomar-partido-de-crt-y-cr-iv\/#_ftnref11\" target=\"_blank\" rel=\"noopener\">[11]<\/a>&nbsp; \u201cLa revoluci\u00f3n espa\u00f1ola y las tareas de los comunistas\u201d 24 de enero de 1931<\/p>\n\n\n\n<p><a href=\"https:\/\/www.corrienteroja.net\/respuesta-al-manifiesto-hay-que-tomar-partido-de-crt-y-cr-iv\/#_ftnref12\" target=\"_blank\" rel=\"noopener\">[12]<\/a>&nbsp;\u201cQu\u00e9 es y por qu\u00e9 lucha la CRT\u201d, disponible&nbsp;<a href=\"https:\/\/crtweb.org\/por-que-luchamos\/\" target=\"_blank\" rel=\"noreferrer noopener\">aqu\u00ed<\/a><\/p>\n\n\n\n<p><a href=\"https:\/\/www.corrienteroja.net\/respuesta-al-manifiesto-hay-que-tomar-partido-de-crt-y-cr-iv\/#_ftnref13\" target=\"_blank\" rel=\"noopener\">[13]<\/a>&nbsp; El programa y la revololuci\u00f3n, disponible&nbsp;<a href=\"https:\/\/litci.org\/es\/el-programa-y-la-revolucion-una-polemicas-con-la-ft\/\" target=\"_blank\" rel=\"noreferrer noopener\">aqu\u00ed<\/a><\/p>\n\n\n\n<p><a href=\"https:\/\/www.corrienteroja.net\/respuesta-al-manifiesto-hay-que-tomar-partido-de-crt-y-cr-iv\/#_ftnref14\" target=\"_blank\" rel=\"noopener\"><sup>[14]<\/sup><\/a>&nbsp;<a href=\"https:\/\/www.izquierdadiario.es\/La-juventud-y-la-clase-trabajadora-deben-encabezar-una-lucha-independiente-por-el-derecho-a-decidir\" target=\"_blank\" rel=\"noreferrer noopener\">https:\/\/www.izquierdadiario.es\/La-juventud-y-la-clase-trabajadora-deben-encabezar-una-lucha-independiente-por-el-derecho-a-decidir<\/a><\/p>\n\n\n\n<p><a href=\"https:\/\/www.corrienteroja.net\/respuesta-al-manifiesto-hay-que-tomar-partido-de-crt-y-cr-iv\/#_ftnref15\" target=\"_blank\" rel=\"noopener\">[15]<\/a>&nbsp;&nbsp;<a href=\"https:\/\/www.corrienteroja.net\/referendum-en-cataluna-corrent-roig-votara-si\/\" target=\"_blank\" rel=\"noreferrer noopener\">https:\/\/www.corrienteroja.net\/referendum-en-cataluna-corrent-roig-votara-si\/<\/a><\/p>\n\n\n\n<p><a href=\"https:\/\/www.corrienteroja.net\/respuesta-al-manifiesto-hay-que-tomar-partido-de-crt-y-cr-iv\/#_ftnref16\" target=\"_blank\" rel=\"noopener\">[16]<\/a>&nbsp;<a href=\"https:\/\/www.izquierdadiario.es\/Ni-un-paso-atras-Resistencia-para-defender-la-republica-catalana-y-lucha-contra-la-Corona-y-el\" target=\"_blank\" rel=\"noreferrer noopener\">https:\/\/www.izquierdadiario.es\/Ni-un-paso-atras-Resistencia-para-defender-la-republica-catalana-y-lucha-contra-la-Corona-y-el<\/a>)<\/p>\n\n\n\n<p><a href=\"https:\/\/www.corrienteroja.net\/respuesta-al-manifiesto-hay-que-tomar-partido-de-crt-y-cr-iv\/#_ftnref17\" target=\"_blank\" rel=\"noopener\">[17]<\/a>&nbsp;<a href=\"https:\/\/litci.org\/es\/la-fraccion-trotskista-y-su-postura-en-la-guerra-de-gaza\/?utm_source=copylink&amp;utm_medium=browser\" target=\"_blank\" rel=\"noreferrer noopener\">https:\/\/litci.org\/es\/la-fraccion-trotskista-y-su-postura-en-la-guerra-de-gaza\/?utm_source=copylink&amp;utm_medium=browser<\/a><\/p>\n\n\n\n<p><a href=\"https:\/\/www.corrienteroja.net\/respuesta-al-manifiesto-hay-que-tomar-partido-de-crt-y-cr-iv\/#_ftnref18\" target=\"_blank\" rel=\"noopener\">[18]<\/a>&nbsp;<a href=\"https:\/\/www.laizquierdadiario.com\/Apoyar-la-resistencia-palestina-significa-apoyar-la-estrategia-y-los-metodos-de-Hamas\" target=\"_blank\" rel=\"noreferrer noopener\">https:\/\/www.laizquierdadiario.com\/Apoyar-la-resistencia-palestina-significa-apoyar-la-estrategia-y-los-metodos-de-Hamas<\/a><\/p>\n\n\n\n<p><a href=\"https:\/\/www.corrienteroja.net\/respuesta-al-manifiesto-hay-que-tomar-partido-de-crt-y-cr-iv\/#_ftnref19\" target=\"_blank\" rel=\"noopener\">[19]<\/a>&nbsp;<a href=\"https:\/\/www.revolutionpermanente.fr\/Lutte-ouvriere-le-NPA-C-et-la-lutte-pour-l-auto-determination-de-la-Palestine\" target=\"_blank\" rel=\"noreferrer noopener\">https:\/\/www.revolutionpermanente.fr\/Lutte-ouvriere-le-NPA-C-et-la-lutte-pour-l-auto-determination-de-la-Palestine<\/a><\/p>\n\n\n\n<p><a href=\"https:\/\/www.corrienteroja.net\/respuesta-al-manifiesto-hay-que-tomar-partido-de-crt-y-cr-iv\/#_ftnref20\" target=\"_blank\" rel=\"noopener\">[20]<\/a>&nbsp;\u00bfEs Rusia imperialista?&nbsp;<a href=\"https:\/\/www.izquierdadiario.es\/Es-Rusia-imperialista\" target=\"_blank\" rel=\"noreferrer noopener\">https:\/\/www.izquierdadiario.es\/Es-Rusia-imperialista<\/a><\/p>\n\n\n\n<p><a href=\"https:\/\/www.corrienteroja.net\/respuesta-al-manifiesto-hay-que-tomar-partido-de-crt-y-cr-iv\/#_ftnref21\" target=\"_blank\" rel=\"noopener\">[21]<\/a>&nbsp;M\u00e1s tarde se adhiri\u00f3 el MST, dando lugar al FITU<\/p>\n\n\n\n<p><a href=\"https:\/\/www.corrienteroja.net\/respuesta-al-manifiesto-hay-que-tomar-partido-de-crt-y-cr-iv\/#_ftnref22\" target=\"_blank\" rel=\"noopener\">[22]<\/a>&nbsp;<a href=\"https:\/\/www.youtube.com\/live\/2ofW6_HyPQw?si=zLhm3zOG2KyYCWCd\" target=\"_blank\" rel=\"noreferrer noopener\">https:\/\/www.youtube.com\/live\/2ofW6_HyPQw?si=zLhm3zOG2KyYCWCd<\/a><\/p>\n\n\n\n<p><\/p>\n","protected":false},"excerpt":{"rendered":"<p>Presentaci\u00f3n Ha llegado a nuestras manos el manifiesto \u201cHay que tomar partido\u201d lanzado por un comit\u00e9 conjunto entre CRT y la autodenominada CR-IV. El manifiesto se propone impulsar un proceso constituyente para la fundaci\u00f3n de una nueva organizaci\u00f3n socialista revolucionaria en el Estado espa\u00f1ol, aunque en verdad hace tiempo que ambas fuerzas son ya una [&hellip;]<\/p>\n","protected":false},"author":17,"featured_media":81864,"menu_order":12,"comment_status":"open","ping_status":"open","sticky":false,"template":"","format":"standard","meta":{"litci_post_political_author":"Corriente Roja (Estado espa\u00f1ol)","footnotes":""},"categories":[2697],"tags":[],"class_list":["post-81863","post","type-post","status-publish","format-standard","has-post-thumbnail","hentry","category-estado-espanol"],"fimg_url":"https:\/\/litci.org\/es\/wp-content\/uploads\/2026\/09\/respuesta.web_-1068x601-1.jpg","categories_names":["Estado Espa\u00f1ol"],"author_info":{"name":"Cris","pic":"https:\/\/secure.gravatar.com\/avatar\/8be19d9542307ef9e5c90edceee6bf8064823a89e1c6319d77e8c5798fc2b7ed?s=96&d=mm&r=g"},"political_author":"Corriente Roja (Estado espa\u00f1ol)","tagline":"","_links":{"self":[{"href":"https:\/\/litci.org\/es\/wp-json\/wp\/v2\/posts\/81863","targetHints":{"allow":["GET"]}}],"collection":[{"href":"https:\/\/litci.org\/es\/wp-json\/wp\/v2\/posts"}],"about":[{"href":"https:\/\/litci.org\/es\/wp-json\/wp\/v2\/types\/post"}],"author":[{"embeddable":true,"href":"https:\/\/litci.org\/es\/wp-json\/wp\/v2\/users\/17"}],"replies":[{"embeddable":true,"href":"https:\/\/litci.org\/es\/wp-json\/wp\/v2\/comments?post=81863"}],"version-history":[{"count":1,"href":"https:\/\/litci.org\/es\/wp-json\/wp\/v2\/posts\/81863\/revisions"}],"predecessor-version":[{"id":81865,"href":"https:\/\/litci.org\/es\/wp-json\/wp\/v2\/posts\/81863\/revisions\/81865"}],"wp:featuredmedia":[{"embeddable":true,"href":"https:\/\/litci.org\/es\/wp-json\/wp\/v2\/media\/81864"}],"wp:attachment":[{"href":"https:\/\/litci.org\/es\/wp-json\/wp\/v2\/media?parent=81863"}],"wp:term":[{"taxonomy":"category","embeddable":true,"href":"https:\/\/litci.org\/es\/wp-json\/wp\/v2\/categories?post=81863"},{"taxonomy":"post_tag","embeddable":true,"href":"https:\/\/litci.org\/es\/wp-json\/wp\/v2\/tags?post=81863"}],"curies":[{"name":"wp","href":"https:\/\/api.w.org\/{rel}","templated":true}]}}