{"id":81855,"date":"2026-08-31T13:47:38","date_gmt":"2026-08-31T13:47:38","guid":{"rendered":"https:\/\/litci.org\/es\/?p=81855"},"modified":"2026-08-31T13:47:49","modified_gmt":"2026-08-31T13:47:49","slug":"el-plan-de-ajuste-de-abelardo-y-la-tragedia-humanitaria","status":"publish","type":"post","link":"https:\/\/litci.org\/es\/el-plan-de-ajuste-de-abelardo-y-la-tragedia-humanitaria\/","title":{"rendered":"El plan de ajuste de Abelardo y la tragedia humanitaria"},"content":{"rendered":"\n<p>Durante la campa\u00f1a, Abelardo de la Espriella anunci\u00f3 la firma de 90 decretos en su primer d\u00eda de Gobierno, estos decretos abordar\u00edan temas de \u201cseguridad, econom\u00eda, recorte del Estado, salud y generaci\u00f3n de empleo\u201d, pero la realidad es que sus primeros d\u00edas los dedic\u00f3 a nombrar su gabinete, a acondicionar sus sedes presidenciales y a celebrar en Medell\u00edn junto al alcalde Fico Guti\u00e9rrez.<\/p>\n\n\n\n<p>Fue as\u00ed como lo sorprendi\u00f3 el terremoto en el occidente del pa\u00eds, una tragedia con causas naturales que se agrava ante la inoperancia de un gobierno que no solo ten\u00eda pocos d\u00edas de haberse posesionado, sino que no hab\u00eda hecho empalme y no hab\u00eda nombrado la direcci\u00f3n de la Unidad de Riesgos, porque adem\u00e1s pretend\u00eda eliminar esta entidad en su anunciado recorte del Estado.<\/p>\n\n\n\n<p>El resultado, es una tragedia humanitaria en medio de una situaci\u00f3n ca\u00f3tica que tuvo que ser atendida por las comunidades y la clase trabajadora en las primeras 72 horas; y que se agrav\u00f3 cuando llegaron los organismos de rescate aprobados por Abelardo, provenientes de pa\u00edses alineados a Estados Unidos e Israel.<\/p>\n\n\n\n<p>En medio de este caos, no es f\u00e1cil conocer en qu\u00e9 consiste el Plan de Abelardo, si siguen en marcha sus propuestas de hacer un recorte fiscal que reduzca el tama\u00f1o del Estado hasta en una cuarta parte, eliminar el impuesto de renta a los empresarios e inyectar 10 billones de pesos a las EPS cuando se requieren hoy por lo menos 30 billones de pesos para atender la tragedia.<\/p>\n\n\n\n<p><strong>Declaratoria de Emergencia<\/strong><\/p>\n\n\n\n<p>Fueron tres los decretos de Abelardo ante la tragedia, el Decreto 1171 que declara la Emergencia Econ\u00f3mica, Social y Ecol\u00f3gica, que le permite expedir decretos con fuerza de ley, que permute formas de contrataci\u00f3n directa y el uso de recursos p\u00fablicos sin los requisitos normales. Los otros dos decretos anuncian tres d\u00edas de duelo nacional y establecen doce departamentos como zona de desastre.<\/p>\n\n\n\n<p>El Decreto de Emergencia se\u00f1ala como posibles fuentes de financiaci\u00f3n los recursos del Sistema General de Regal\u00edas, la Sociedad de Activos Especiales y modificaciones al esquema Obras por Impuestos, que permite a los empresarios bajar hasta el 50% de su carga tributaria. Por otra parte, el decreto anuncia l\u00edneas de cr\u00e9dito, periodos de gracia y subsidios en las zonas afectadas.<\/p>\n\n\n\n<p>Tambi\u00e9n anunci\u00f3 un Plan Marshall para el Choc\u00f3, haciendo alusi\u00f3n al plan de Estados Unidos en Europa Occidental tras finalizar la Segunda Guerra Mundial, con el fin de reconstruir y de frenar el comunismo. Hasta el momento, Abelardo no ha dado pistas de lo que ser\u00eda este plan, m\u00e1s all\u00e1 de alusi\u00f3n de reconstruir un departamento en el que la candidatura progresista obtuvo el 81% de los votos.<\/p>\n\n\n\n<p><strong>Del FOREC al Fondo Milagro<\/strong><\/p>\n\n\n\n<p>Desde el primer d\u00eda, los medios masivos de comunicaci\u00f3n invocaron el modelo de reconstrucci\u00f3n del pasado terremoto del Eje Cafetero en 1999, en el que se cre\u00f3 el FOREC, un fondo mixto que fue administrado por el sector privado durante el gobierno de Pastrana y que ahora Abelardo llamar\u00e1 Fondo Milagro.<\/p>\n\n\n\n<p>Este modelo, le entrega a los empresarios el manejo de los recursos p\u00fablicos y le quita a las autoridades locales la posibilidad de actuar en los procesos de reconstrucci\u00f3n. En el caso del FOREC, se manejaron 1,6 billones de pesos que proven\u00edan en un 61% del presupuesto nacional, un 38% de pr\u00e9stamos del BID y el Banco Mundial y solo un 1% del sector privado. Sin embargo, los gastos de funcionamiento del propio FOREC fueron de un 5,4% de estos recursos.<\/p>\n\n\n\n<p>La experiencia del FOREC fue que la reconstrucci\u00f3n no tuvo sistemas de control interno de los recursos y los gastos administrativos fueron excesivos para el tama\u00f1o del fondo, adem\u00e1s, al no tener en cuenta a las comunidades ni a las autoridades locales y ser manejado con criterio privado, se presentaron dificultades jur\u00eddicas en algunos proyectos de vivienda, barrios con problemas de planificaci\u00f3n, viviendas abandonadas y la persistencia de condiciones de pobreza.<\/p>\n\n\n\n<p>Para el Fondo Milagro fue nombrado el empresario antioque\u00f1o Jaime Uribe como gerente, anunciando que las ayudas internacionales y de los grupos econ\u00f3micos ascender\u00edan a dos billones de pesos, una cifra lejana a las necesidades. Como en experiencias pasadas, los recursos saldr\u00e1n del presupuesto nacional, es decir, de los impuestos de la clase trabajadora, y ser\u00e1n manejados por este fondo privado.<\/p>\n\n\n\n<p><strong>Los planes contin\u00faan<\/strong><\/p>\n\n\n\n<p>A pesar de la tragedia, que enrarece el Plan de Abelardo de recortar el Estado, reducir impuestos a los ricos y disminuir los ingresos de la clase trabajadora y los sectores populares, las medidas han seguido adelante. En medio del caos en las zonas afectadas, Abelardo reconoci\u00f3 la soberan\u00eda del Estado genocida de Israel sobre los territorios sirios del Gol\u00e1n y desde Estados Unidos se anunciaron acuerdos de intervenci\u00f3n militar en territorio colombiano.<\/p>\n\n\n\n<p>Pero adem\u00e1s de su alineaci\u00f3n a Trump y Netanyahu, Abelardo firm\u00f3 decretos que derogan la restricci\u00f3n de venta de carb\u00f3n a Israel y se reuni\u00f3 con un sector de la dirigencia de la Uni\u00f3n Sindical Obrera, USO, para avalar el fracking en la extracci\u00f3n de petr\u00f3leo. Al mismo tiempo, derog\u00f3 una serie de circulares del Ministerio del Trabajo que eran las herramientas de reclamaci\u00f3n de la clase trabajadora en los pocos avances que se lograron en materia laboral en el Gobierno de Petro.<\/p>\n\n\n\n<p>As\u00ed, en medio de la tragedia y sin tener claridad de d\u00f3nde saldr\u00e1n los 30 billones de pesos que se requieren para la reconstrucci\u00f3n, Abelardo avanza con sus planes de revertir los derechos de la clase trabajadora mientras favorece a los empresarios, que ahora est\u00e1n de manera directa al frente de los ministerios.<\/p>\n\n\n\n<p>Por lo pronto, mientras las comunidades, los sindicatos y las organizaciones sociales que estuvieron al frente del rescate y que ahora conforman redes de solidaridad, buscan a las v\u00edctimas y comienzan a padecer los estragos del terremoto en su cotidianidad, la burgues\u00eda est\u00e1 pensando en la rapi\u00f1a por los recursos de la reconstrucci\u00f3n, mientras se concreta el Fondo Milagro de Abelardo, la primera dama recauda recursos a trav\u00e9s de su Fundaci\u00f3n Colombia Luz y Sonrisas, creada a mediados de a\u00f1o y que ahora recauda a trav\u00e9s de canales oficiales, recursos supuestamente para la solidaridad.<\/p>\n","protected":false},"excerpt":{"rendered":"<p>Durante la campa\u00f1a, Abelardo de la Espriella anunci\u00f3 la firma de 90 decretos en su primer d\u00eda de Gobierno, estos decretos abordar\u00edan temas de \u201cseguridad, econom\u00eda, recorte del Estado, salud y generaci\u00f3n de empleo\u201d, pero la realidad es que sus primeros d\u00edas los dedic\u00f3 a nombrar su gabinete, a acondicionar sus sedes presidenciales y a [&hellip;]<\/p>\n","protected":false},"author":17,"featured_media":81856,"menu_order":10,"comment_status":"open","ping_status":"open","sticky":false,"template":"","format":"standard","meta":{"litci_post_political_author":"Antonio Romero","footnotes":""},"categories":[2678],"tags":[],"class_list":["post-81855","post","type-post","status-publish","format-standard","has-post-thumbnail","hentry","category-colombia"],"fimg_url":"https:\/\/litci.org\/es\/wp-content\/uploads\/2026\/08\/V5CE7V7H4ZEZBL57MKXABMT26Y.avif","categories_names":["Colombia"],"author_info":{"name":"Cris","pic":"https:\/\/secure.gravatar.com\/avatar\/8be19d9542307ef9e5c90edceee6bf8064823a89e1c6319d77e8c5798fc2b7ed?s=96&d=mm&r=g"},"political_author":"Antonio Romero","tagline":"","_links":{"self":[{"href":"https:\/\/litci.org\/es\/wp-json\/wp\/v2\/posts\/81855","targetHints":{"allow":["GET"]}}],"collection":[{"href":"https:\/\/litci.org\/es\/wp-json\/wp\/v2\/posts"}],"about":[{"href":"https:\/\/litci.org\/es\/wp-json\/wp\/v2\/types\/post"}],"author":[{"embeddable":true,"href":"https:\/\/litci.org\/es\/wp-json\/wp\/v2\/users\/17"}],"replies":[{"embeddable":true,"href":"https:\/\/litci.org\/es\/wp-json\/wp\/v2\/comments?post=81855"}],"version-history":[{"count":1,"href":"https:\/\/litci.org\/es\/wp-json\/wp\/v2\/posts\/81855\/revisions"}],"predecessor-version":[{"id":81857,"href":"https:\/\/litci.org\/es\/wp-json\/wp\/v2\/posts\/81855\/revisions\/81857"}],"wp:featuredmedia":[{"embeddable":true,"href":"https:\/\/litci.org\/es\/wp-json\/wp\/v2\/media\/81856"}],"wp:attachment":[{"href":"https:\/\/litci.org\/es\/wp-json\/wp\/v2\/media?parent=81855"}],"wp:term":[{"taxonomy":"category","embeddable":true,"href":"https:\/\/litci.org\/es\/wp-json\/wp\/v2\/categories?post=81855"},{"taxonomy":"post_tag","embeddable":true,"href":"https:\/\/litci.org\/es\/wp-json\/wp\/v2\/tags?post=81855"}],"curies":[{"name":"wp","href":"https:\/\/api.w.org\/{rel}","templated":true}]}}